{"id":493314,"date":"2025-10-27T14:28:11","date_gmt":"2025-10-27T14:28:11","guid":{"rendered":"https:\/\/www.europesays.com\/fr\/493314\/"},"modified":"2025-10-27T14:28:11","modified_gmt":"2025-10-27T14:28:11","slug":"toulouse-la-mairie-met-en-vente-un-ensemble-immobilier-dans-un-quartier-en-pleine-mutation","status":"publish","type":"post","link":"https:\/\/www.europesays.com\/fr\/493314\/","title":{"rendered":"Toulouse. La mairie met en vente un ensemble immobilier dans un quartier en pleine mutation"},"content":{"rendered":"<p>            Par<br \/>\n        <strong><br \/>\n            <a href=\"https:\/\/actu.fr\/auteur\/hugo-hancewicz\" title=\"Consulter tous les articles de Hugo Hancewicz\" target=\"_blank\" rel=\"noopener\">Hugo Hancewicz<\/a><br \/>\n        <\/strong><\/p>\n<p>        Publi\u00e9 le<\/p>\n<p>            27 oct. 2025 \u00e0 13h01        <\/p>\n<p>Nouvelle mise en vente immobili\u00e8re pour la mairie de <a href=\"https:\/\/actu.fr\/toulouse\/\" target=\"_blank\" rel=\"noopener\">Toulouse<\/a>. Apr\u00e8s plusieurs op\u00e9rations du m\u00eame type ces derniers temps, notamment <a href=\"https:\/\/actu.fr\/occitanie\/toulouse_31555\/toulouse-cet-immeuble-de-l-hypercentre-est-a-vendre-les-acheteurs-devront-vite-se-positionner_63321542.html\" target=\"_blank\" rel=\"noopener\">rue Valade<\/a> et dans le <a href=\"https:\/\/actu.fr\/occitanie\/toulouse_31555\/toulouse-la-mairie-poursuit-la-vente-de-son-patrimoine-immobilier-un-nouveau-batiment-sur-le-marche_63348227.html\" target=\"_blank\" rel=\"noopener\">quartier Lafourguette<\/a>, la collectivit\u00e9 propose cette fois un bien situ\u00e9 1, place de Belfort, <strong>\u00e0 deux pas du centre-ville<\/strong>, dans un secteur que la mairie souhaite redynamiser. Comme pour les pr\u00e9c\u00e9dentes ventes, la proc\u00e9dure se d\u00e9roule par soumission cachet\u00e9e. Et les candidats ne devront pas tarder, car les offres doivent \u00eatre d\u00e9pos\u00e9es avant le <strong>19\u00a0d\u00e9cembre 2025<\/strong> \u00e0 16\u00a0heures.<\/p>\n<p>Deux lots concern\u00e9s<\/p>\n<p class=\" wall-content\">Le bien mis en vente se compose de deux lots\u2009: un rez-de-chauss\u00e9e de <strong>81 m\u00b2<\/strong>, comprenant un d\u00e9gagement, un WC et deux bureaux, ainsi qu\u2019une <strong>cave attenante<\/strong> accessible par un escalier privatif.<\/p>\n<p class=\" wall-content\">Ces lots, \u00e0 l\u2019origine d\u00e9tenus par des propri\u00e9taires priv\u00e9s, ont \u00e9t\u00e9 acquis par la ville de Toulouse en 2013, dans le cadre de l\u2019op\u00e9ration <strong>\u00ab\u2009Commerce Avenir\u2009\u00bb<\/strong>, visant \u00e0 soutenir la revitalisation des commerces du centre-ville.<\/p>\n<p class=\" wall-content\">Autrefois exploit\u00e9 \u00e0 usage commercial, le local est aujourd\u2019hui <strong>libre<\/strong> de toute occupation et attend d\u00e9sormais un nouvel acqu\u00e9reur pr\u00eat \u00e0 lui redonner vie.<\/p>\n<p>Une adresse bien plac\u00e9e<\/p>\n<p class=\" wall-content\">Avec sa fa\u00e7ade donnant \u00e0 la fois sur la <strong>rue Denfert-Rochereau<\/strong> et la <strong>place de Belfort<\/strong>, l\u2019emplacement ne manque pas d\u2019atouts. Entre le boulevard de Strasbourg et la rue Gabriel-P\u00e9ri, le secteur profite d\u2019un <strong>passage r\u00e9gulier<\/strong>, d\u2019une excellente desserte en transports et d\u2019une client\u00e8le de quartier fid\u00e8le.<\/p>\n<p class=\" wall-content\">\u00c0 la suite du d\u00e9p\u00f4t des candidatures, l\u2019\u00c9tablissement Public Foncier Local du Grand Toulouse (<strong>EPFL<\/strong>), propri\u00e9taire du bien, d\u00e9signera le futur acqu\u00e9reur. Et pour les investisseurs int\u00e9ress\u00e9s, des <strong>visites<\/strong> du b\u00e2timent sont organis\u00e9es sur inscription. Il suffit d\u2019envoyer un mail \u00e0\u2009: <a href=\"https:\/\/actu.fr\/cdn-cgi\/l\/email-protection\" class=\"__cf_email__\" data-cfemail=\"e286858bcf94878c968791cc8b8f8f8d808b8e8b87908791a2968d978e8d979187cf8f8796908d928d8e87cc8490\" target=\"_blank\" rel=\"noopener\">[email\u00a0protected]<\/a>, en indiquant l\u2019objet\u2009: \u00ab\u2009Visite du local commercial \u2013 1 place de Belfort\u2009\u00bb.<\/p>\n<p>Votre r\u00e9gion, votre actu !<\/p>\n<p>Recevez chaque jour les infos qui comptent pour vous.<\/p>\n<p>\t<a href=\"https:\/\/actu.fr\/newsletter\" class=\"ac-btn ac-btn--corner ac-btn--medium ac-btn--blue800\" target=\"_blank\" rel=\"noopener\">S&rsquo;incrire<\/a><\/p>\n<p class=\" wall-content\">Selon le calendrier \u00e9tabli, la mairie de Toulouse esp\u00e8re pouvoir <strong>signer<\/strong> l\u2019acte de vente au 2026.<\/p>\n<p><strong>Infos pratiques<\/strong><br \/>\nPlus d\u2019informations sur cette vente \u00e0 lire\u00a0sur le\u00a0<a href=\"https:\/\/metropole.toulouse.fr\/actualites\/vente-dun-ensemble-immobilier-1-place-de-belfort-toulouse\" target=\"_blank\" rel=\"noopener\">site de la mairie de Toulouse<\/a>.<\/p>\n<p class=\" wall-content\">Personnalisez votre actualit\u00e9 en ajoutant vos villes et m\u00e9dias en favori avec <a href=\"https:\/\/moncompte.actu.fr\" title=\"D\u00e9couvez Mon Actu\" rel=\"nofollow noopener\" data-trk=\"{&quot;cta&quot;:{&quot;action&quot;:&quot;https:\\\/\\\/moncompte.actu.fr&quot;,&quot;category&quot;:&quot;mon compte&quot;,&quot;from&quot;:&quot;article footer&quot;,&quot;name&quot;:&quot;Mon actu&quot;,&quot;type&quot;:&quot;cta&quot;}}\" target=\"_blank\">Mon Actu<\/a>.<\/p>\n","protected":false},"excerpt":{"rendered":"Par Hugo Hancewicz Publi\u00e9 le 27 oct. 2025 \u00e0 13h01 Nouvelle mise en vente immobili\u00e8re pour la mairie&hellip;\n","protected":false},"author":2,"featured_media":493315,"comment_status":"","ping_status":"","sticky":false,"template":"","format":"standard","meta":{"footnotes":""},"categories":[2816],"tags":[1111,11,215,1777,674,1011,27,12,2680,2551,25,104,2312,1352],"class_list":{"0":"post-493314","1":"post","2":"type-post","3":"status-publish","4":"format-standard","5":"has-post-thumbnail","7":"category-toulouse","8":"tag-actu","9":"tag-actualites","10":"tag-commerce","11":"tag-eu","12":"tag-europe","13":"tag-fr","14":"tag-france","15":"tag-news","16":"tag-occitanie","17":"tag-patrimoine","18":"tag-republique-francaise","19":"tag-societe","20":"tag-toulouse","21":"tag-urbanisme"},"share_on_mastodon":{"url":"https:\/\/pubeurope.com\/@fr\/115446606116443896","error":""},"_links":{"self":[{"href":"https:\/\/www.europesays.com\/fr\/wp-json\/wp\/v2\/posts\/493314","targetHints":{"allow":["GET"]}}],"collection":[{"href":"https:\/\/www.europesays.com\/fr\/wp-json\/wp\/v2\/posts"}],"about":[{"href":"https:\/\/www.europesays.com\/fr\/wp-json\/wp\/v2\/types\/post"}],"author":[{"embeddable":true,"href":"https:\/\/www.europesays.com\/fr\/wp-json\/wp\/v2\/users\/2"}],"replies":[{"embeddable":true,"href":"https:\/\/www.europesays.com\/fr\/wp-json\/wp\/v2\/comments?post=493314"}],"version-history":[{"count":0,"href":"https:\/\/www.europesays.com\/fr\/wp-json\/wp\/v2\/posts\/493314\/revisions"}],"wp:featuredmedia":[{"embeddable":true,"href":"https:\/\/www.europesays.com\/fr\/wp-json\/wp\/v2\/media\/493315"}],"wp:attachment":[{"href":"https:\/\/www.europesays.com\/fr\/wp-json\/wp\/v2\/media?parent=493314"}],"wp:term":[{"taxonomy":"category","embeddable":true,"href":"https:\/\/www.europesays.com\/fr\/wp-json\/wp\/v2\/categories?post=493314"},{"taxonomy":"post_tag","embeddable":true,"href":"https:\/\/www.europesays.com\/fr\/wp-json\/wp\/v2\/tags?post=493314"}],"curies":[{"name":"wp","href":"https:\/\/api.w.org\/{rel}","templated":true}]}}