{"id":493317,"date":"2025-10-27T14:30:20","date_gmt":"2025-10-27T14:30:20","guid":{"rendered":"https:\/\/www.europesays.com\/fr\/493317\/"},"modified":"2025-10-27T14:30:20","modified_gmt":"2025-10-27T14:30:20","slug":"luniversite-de-lille-acteur-essentiel-de-la-reindustrialisation-des-hauts-de-france-linterview-de-regis-bordet","status":"publish","type":"post","link":"https:\/\/www.europesays.com\/fr\/493317\/","title":{"rendered":"L\u2019Universit\u00e9 de Lille, acteur essentiel de la r\u00e9industrialisation des Hauts-de-France \u2013 L\u2019interview de R\u00e9gis Bordet"},"content":{"rendered":"<p class=\"itiChapeau\">Qu\u2019est-ce qui fait de l\u2019Universit\u00e9 de Lille un lieu d\u2019excellence acad\u00e9mique et sociale au service du dynamisme et du rayonnement de son territoire\u00a0? Les r\u00e9ponses de son Pr\u00e9sident, R\u00e9gis Bordet.<\/p>\n<p>La diff\u00e9rence de l\u2019Universit\u00e9 de Lille c\u2019est\u2026<\/p>\n<p>Son positionnement au c\u0153ur d\u2019une eurom\u00e9tropole. Cette implantation dans une r\u00e9gion transfrontali\u00e8re nous tourne naturellement vers le Nord de l\u2019Europe (alliances et partenariats vertueux avec des universit\u00e9s comme UCLouvain ou KU Leuven par exemple) et pas syst\u00e9matiquement vers l\u2019Ile-de-France\u2026 sauf pour r\u00e9clamer les cr\u00e9dits auxquels nous avons droit bien s\u00fbr\u00a0! Elle nous pousse \u00e9galement \u00e0 r\u00e9fl\u00e9chir \u00e0 l\u2019universitarisation de la (r\u00e9)industrialisation des Hauts-de-France, une r\u00e9gion en pleine \u00e9bullition \u00e9conomique qui a besoin qu\u2019on forme, d\u00e8s aujourd\u2019hui, ses jeunes aux m\u00e9tiers de demain.<\/p>\n<p>La r\u00e9industrialisation est \u00e9videmment une tr\u00e8s bonne chose pour le d\u00e9veloppement de l\u2019\u00e9conomie et de l\u2019emploi du territoire, mais il est important de pouvoir l\u2019universitariser. Et ce \u00e0 trois niveaux. D\u2019abord, en r\u00e9pondant \u00e0 ses besoins en termes d\u2019emploi. A travers la formation d\u2019ing\u00e9nieurs bien s\u00fbr, mais aussi de toutes les professions qui font vivre un territoire (sant\u00e9, enseignement, RH, SHS etc.). Ensuite, en \u00e9clairant les acteurs de cette r\u00e9industrialisation de nos travaux, notamment ceux portant sur les questions de responsabilit\u00e9 sociale et environnementale. Enfin, en participant, avec notre p\u00f4le universitaire, \u00e0 la constitution d\u2019un terreau fertile d\u2019innovation (PME, startups, ETI) afin de limiter au maximum les d\u00e9localisations des grandes industries et de leurs acteurs.<\/p>\n<p>Votre plus beau projet cette ann\u00e9e\u00a0?<\/p>\n<p>Nos beaux projets sont nombreux, <a href=\"https:\/\/newsroom.univ-lille.fr\/actualite\/luniversite-de-lille-distinguee-par-france-2030-pour-son-projet-de-recherche-democis\" target=\"_blank\" rel=\"noreferrer noopener\">mais s\u2019il ne fallait en retenir qu\u2019un, ce serait DemoCIS<\/a>. Lanc\u00e9 en juillet dernier, ce projet de recherche de grande ampleur porte sur les crises d\u00e9mocratiques contemporaines. Il se concentre notamment sur la cr\u00e9ation d\u2019un observatoire des d\u00e9mocraties, la formalisation d\u2019une m\u00e9thodologie des conventions citoyennes et les moyens de mobiliser plus de publics \u00e9loign\u00e9s du vote. Avec ce projet, l\u2019Universit\u00e9 veut r\u00e9pondre \u00e0 sa promesse, Inspirer demain, avec de nouvelles formes de d\u00e9mocraties, une meilleure prise en compte de l\u2019avis des citoyens et ainsi r\u00e9duire les risques li\u00e9s \u00e0 l\u2019obscurantisme.<\/p>\n<p>Le chiffre<\/p>\n<p>36 000\u00a0\u2013 Le nombre d\u2019\u00e9tudiants en licence \u00e0 l\u2019Universit\u00e9 de Lille, la plus grande cohorte de France\u00a0! Un nombre qui justifie que nous abordions ce premier cycle avec une approche diff\u00e9rente, incarn\u00e9e par <a href=\"https:\/\/initiative-excellence.univ-lille.fr\/former-aux-metiers-de-demain\/libelul\" target=\"_blank\" rel=\"noreferrer noopener\">le projet LIBEL\u2019UL<\/a> (Licence Inclusive au B\u00e9n\u00e9fice des \u00c9tudiants de l\u2019Universit\u00e9 de Lille), labellis\u00e9 France 2030. Celui-ci vise \u00e0\u00a0mieux d\u00e9tecter et accompagner les \u00e9tudiant\u00b7es rencontrant des difficult\u00e9s sociales, psychologiques ou acad\u00e9miques n\u00e9cessitant la mise en place de mesures sp\u00e9cifiques. Etudiant.es auxquels nous proposons un contrat p\u00e9dagogique personnalis\u00e9 leur permettant d\u2019envisager leurs \u00e9tudes avec s\u00e9r\u00e9nit\u00e9. D\u00e9ploy\u00e9 en 2024\/25 aupr\u00e8s des 15\u00a0000 \u00e9tudiants de premi\u00e8re ann\u00e9e, nous souhaitons pouvoir proposer un bilan \u00e0 l\u2019ensemble de nos \u00e9tudiants de Licence \u00e0 la rentr\u00e9e 2026. Notre objectif\u00a0: lutter contre la s\u00e9lection par l\u2019\u00e9chec, qui va \u00e0 rebours de notre vocation d\u2019ascenseur social sur notre territoire.<\/p>\n<p>L\u2019Universit\u00e9 de Lille, c\u2019est donc the place to be pour \u00e9tudier\u00a0?<\/p>\n<p>En plus de pr\u00e9parer leur insertion dans le monde professionnel, l\u2019Universit\u00e9 est un creuset d\u2019\u00e9mancipation pour nos jeunes. Notre engagement pour les activit\u00e9s sportives et culturelles, la chaleur des hommes et des femmes du Nord font de notre universit\u00e9 un endroit o\u00f9 ils peuvent cultiver un esprit sain dans un corps sain. <a href=\"https:\/\/www.mondedesgrandesecoles.fr\/work-in-hauts-de-france-2\/\" target=\"_blank\" rel=\"noreferrer noopener\">Et comme le dit l\u2019adage, dans le Nord, on pleure toujours deux fois\u00a0: quand on arrive et quand on repart\u00a0!<\/a><\/p>\n<p><img fetchpriority=\"high\" decoding=\"async\" width=\"650\" height=\"977\" src=\"data:image\/svg+xml,%3Csvg%20xmlns=\" http:=\"\" alt=\"interview R\u00e9gis Bordet universit\u00e9 de lille\" class=\"wp-image-189713\" style=\"width:293px;height:auto\" data-lazy- data-lazy- data-lazy-src=\"https:\/\/www.europesays.com\/fr\/wp-content\/uploads\/2025\/10\/Regis-Bordet-3270-650x977.jpg\"\/>\u00a9 Universit\u00e9 de Lille<\/p>\n","protected":false},"excerpt":{"rendered":"Qu\u2019est-ce qui fait de l\u2019Universit\u00e9 de Lille un lieu d\u2019excellence acad\u00e9mique et sociale au service du dynamisme et&hellip;\n","protected":false},"author":2,"featured_media":493318,"comment_status":"","ping_status":"","sticky":false,"template":"","format":"standard","meta":{"footnotes":""},"categories":[2815],"tags":[1111,11,61595,1777,674,1011,27,811,1307,12,25,61616],"class_list":{"0":"post-493317","1":"post","2":"type-post","3":"status-publish","4":"format-standard","5":"has-post-thumbnail","7":"category-lille","8":"tag-actu","9":"tag-actualites","10":"tag-directeur-decole","11":"tag-eu","12":"tag-europe","13":"tag-fr","14":"tag-france","15":"tag-hauts-de-france","16":"tag-lille","17":"tag-news","18":"tag-republique-francaise","19":"tag-universite-de-lille"},"share_on_mastodon":{"url":"https:\/\/pubeurope.com\/@fr\/115446613811155093","error":""},"_links":{"self":[{"href":"https:\/\/www.europesays.com\/fr\/wp-json\/wp\/v2\/posts\/493317","targetHints":{"allow":["GET"]}}],"collection":[{"href":"https:\/\/www.europesays.com\/fr\/wp-json\/wp\/v2\/posts"}],"about":[{"href":"https:\/\/www.europesays.com\/fr\/wp-json\/wp\/v2\/types\/post"}],"author":[{"embeddable":true,"href":"https:\/\/www.europesays.com\/fr\/wp-json\/wp\/v2\/users\/2"}],"replies":[{"embeddable":true,"href":"https:\/\/www.europesays.com\/fr\/wp-json\/wp\/v2\/comments?post=493317"}],"version-history":[{"count":0,"href":"https:\/\/www.europesays.com\/fr\/wp-json\/wp\/v2\/posts\/493317\/revisions"}],"wp:featuredmedia":[{"embeddable":true,"href":"https:\/\/www.europesays.com\/fr\/wp-json\/wp\/v2\/media\/493318"}],"wp:attachment":[{"href":"https:\/\/www.europesays.com\/fr\/wp-json\/wp\/v2\/media?parent=493317"}],"wp:term":[{"taxonomy":"category","embeddable":true,"href":"https:\/\/www.europesays.com\/fr\/wp-json\/wp\/v2\/categories?post=493317"},{"taxonomy":"post_tag","embeddable":true,"href":"https:\/\/www.europesays.com\/fr\/wp-json\/wp\/v2\/tags?post=493317"}],"curies":[{"name":"wp","href":"https:\/\/api.w.org\/{rel}","templated":true}]}}