{"id":493319,"date":"2025-10-27T14:31:10","date_gmt":"2025-10-27T14:31:10","guid":{"rendered":"https:\/\/www.europesays.com\/fr\/493319\/"},"modified":"2025-10-27T14:31:10","modified_gmt":"2025-10-27T14:31:10","slug":"des-feux-dartifice-tires-sur-le-centre-de-secours-de-chateau-gombert-a-marseille-depuis-une-voiture","status":"publish","type":"post","link":"https:\/\/www.europesays.com\/fr\/493319\/","title":{"rendered":"Des feux d&rsquo;artifice tir\u00e9s sur le centre de secours de Ch\u00e2teau-Gombert \u00e0 Marseille depuis une voiture"},"content":{"rendered":"<p>S\u2019agissait-il de faire des vues sur Tik-Tok ou Snapchat ? Toujours est-il qu\u2019une curieuse exp\u00e9dition nocturne a surpris les marins-pompiers de garde, dans la nuit du dimanche 26 octobre au lundi 27 octobre 2025, au <a href=\"https:\/\/www.laprovence.com\/article\/edition-marseille\/4212038\/les-marins-pompiers-sentrainent.html\" target=\"_blank\" rel=\"noopener\">centre de secours <\/a>(Cis) de Ch\u00e2teau-Gombert, dans le 13e arrondissement de Marseille. Peu avant une heure du matin, une Dacia Duster s\u2019est arr\u00eat\u00e9e devant la caserne du Bataillon, sur le boulevard Bara.<\/p>\n<p>Le \u00ab\u00a0spectacle\u00a0\u00bb film\u00e9\u00a0<\/p>\n<p>A bord, trois personnes au moins ont soudain allum\u00e9<a href=\"https:\/\/www.laprovence.com\/article\/faits-divers-justice\/1363894349026614\/coups-de-feu-et-tirs-de-mortiers-dans-le-quartier-sainte-marguerite-a-marseille\" target=\"_blank\" rel=\"noopener\"> des feux d\u2019artifice<\/a>. Des fus\u00e9es qui ont \u00e9clat\u00e9 devant le centre de secours, tandis que l\u2019un des occupants du SUV filmait la sc\u00e8ne avec son t\u00e9l\u00e9phone portable.<\/p>\n<p>Les marins-pompiers sont alors sortis et ont mis en fuite le trio, qui est reparti pr\u00e9cipitamment en voiture, sans qu\u2019aucun d\u00e9g\u00e2t ni bless\u00e9 n\u2019ait \u00e9t\u00e9 \u00e0 d\u00e9plorer. Une enqu\u00eate a \u00e9t\u00e9 ouverte par les services de police, tandis que la vid\u00e9o de la vir\u00e9e n\u2019avait manifestement pas encore \u00e9merg\u00e9, ce lundi 27 octobre 2025, sur les r\u00e9seaux sociaux.<\/p>\n","protected":false},"excerpt":{"rendered":"S\u2019agissait-il de faire des vues sur Tik-Tok ou Snapchat ? Toujours est-il qu\u2019une curieuse exp\u00e9dition nocturne a surpris&hellip;\n","protected":false},"author":2,"featured_media":493320,"comment_status":"","ping_status":"","sticky":false,"template":"","format":"standard","meta":{"footnotes":""},"categories":[2814],"tags":[17,1111,11,1102,3335,38343,154,1777,674,274,18844,1011,27,884,12,882,25,7342,3356,37041],"class_list":{"0":"post-493319","1":"post","2":"type-post","3":"status-publish","4":"format-standard","5":"has-post-thumbnail","7":"category-marseille","8":"tag-17","9":"tag-actu","10":"tag-actualites","11":"tag-breakingnews","12":"tag-centre","13":"tag-dartifice","14":"tag-des","15":"tag-eu","16":"tag-europe","17":"tag-faits-divers-justice","18":"tag-feux","19":"tag-fr","20":"tag-france","21":"tag-marseille","22":"tag-news","23":"tag-provence-alpes-cote-dazur","24":"tag-republique-francaise","25":"tag-secours","26":"tag-sur","27":"tag-tires"},"share_on_mastodon":{"url":"https:\/\/pubeurope.com\/@fr\/115446617641202842","error":""},"_links":{"self":[{"href":"https:\/\/www.europesays.com\/fr\/wp-json\/wp\/v2\/posts\/493319","targetHints":{"allow":["GET"]}}],"collection":[{"href":"https:\/\/www.europesays.com\/fr\/wp-json\/wp\/v2\/posts"}],"about":[{"href":"https:\/\/www.europesays.com\/fr\/wp-json\/wp\/v2\/types\/post"}],"author":[{"embeddable":true,"href":"https:\/\/www.europesays.com\/fr\/wp-json\/wp\/v2\/users\/2"}],"replies":[{"embeddable":true,"href":"https:\/\/www.europesays.com\/fr\/wp-json\/wp\/v2\/comments?post=493319"}],"version-history":[{"count":0,"href":"https:\/\/www.europesays.com\/fr\/wp-json\/wp\/v2\/posts\/493319\/revisions"}],"wp:featuredmedia":[{"embeddable":true,"href":"https:\/\/www.europesays.com\/fr\/wp-json\/wp\/v2\/media\/493320"}],"wp:attachment":[{"href":"https:\/\/www.europesays.com\/fr\/wp-json\/wp\/v2\/media?parent=493319"}],"wp:term":[{"taxonomy":"category","embeddable":true,"href":"https:\/\/www.europesays.com\/fr\/wp-json\/wp\/v2\/categories?post=493319"},{"taxonomy":"post_tag","embeddable":true,"href":"https:\/\/www.europesays.com\/fr\/wp-json\/wp\/v2\/tags?post=493319"}],"curies":[{"name":"wp","href":"https:\/\/api.w.org\/{rel}","templated":true}]}}