{"id":493325,"date":"2025-10-27T14:34:17","date_gmt":"2025-10-27T14:34:17","guid":{"rendered":"https:\/\/www.europesays.com\/fr\/493325\/"},"modified":"2025-10-27T14:34:17","modified_gmt":"2025-10-27T14:34:17","slug":"rhone-une-femme-tuee-par-arme-blanche-pres-de-lyon-son-mari-interpelle","status":"publish","type":"post","link":"https:\/\/www.europesays.com\/fr\/493325\/","title":{"rendered":"Rh\u00f4ne. Une femme tu\u00e9e par arme blanche pr\u00e8s de Lyon, son mari interpell\u00e9"},"content":{"rendered":"<p>La police a interpell\u00e9 un homme suspect\u00e9 d&rsquo;avoir tu\u00e9 par arme blanche sa femme, dimanche soir \u00e0 Saint-Priest (Rh\u00f4ne), dans la m\u00e9tropole de Lyon. La victime a \u00e9t\u00e9 d\u00e9couverte \u00e0 son domicile par la police vers 22 heures, gisant au sol et bless\u00e9e mortellement au cou, selon la police.<\/p>\n<p>Son mari, identifi\u00e9 comme l&rsquo;auteur des faits, a \u00e9t\u00e9 interpell\u00e9 au domicile d&rsquo;un proche, chez qui il s&rsquo;\u00e9tait r\u00e9fugi\u00e9 et qui avait inform\u00e9 la police. Selon BFM Lyon et <a href=\"https:\/\/www.leprogres.fr\/faits-divers-justice\/2025\/10\/27\/une-femme-tuee-a-coups-de-couteau-son-mari-arrete\" target=\"_blank\" rel=\"nofollow noopener\">Le Progr\u00e8s<\/a>, la victime et son meurtrier sont \u00e2g\u00e9s de 39 ans et sont parents de trois enfants.<\/p>\n<p>Ce contenu est bloqu\u00e9 car vous n&rsquo;avez pas accept\u00e9 les cookies et autres traceurs.<\/p>\n<p>En cliquant sur \u00ab J\u2019accepte \u00bb, les cookies et autres traceurs seront d\u00e9pos\u00e9s et vous pourrez visualiser les contenus  (<a href=\"\" class=\"consentModule_policy\" target=\"_blank\" title=\"Consulter la politique de protection des donn\u00e9es du fournisseur\">plus d&rsquo;informations<\/a>).<\/p>\n<p>En cliquant sur \u00ab J\u2019accepte tous les cookies \u00bb, vous autorisez des d\u00e9p\u00f4ts de cookies et autres traceurs pour le stockage de vos donn\u00e9es sur nos sites et applications \u00e0 des fins de personnalisation et de ciblage publicitaire.<\/p>\n<p class=\"consentModule_secondaryText\">Vous gardez la possibilit\u00e9 de retirer votre consentement \u00e0 tout moment en consultant notre <a href=\"https:\/\/www.ledauphine.com\/protection-des-donnees\" target=\"_blank\" title=\"Consulter notre politique de protection des donn\u00e9es\" rel=\"noopener\">politique de protection des donn\u00e9es<\/a>. <br \/>&#13;<br \/>\n            <a href=\"https:\/\/www.ledauphine.com\/faits-divers-justice\/2025\/10\/27\/javascript:Didomi.notice.show()\" class=\"consentModule_cmp\" target=\"_blank\" rel=\"noopener\">G\u00e9rer mes choix<\/a>&#13;\n        <\/p>\n<p>&#13;<br \/>\n                        J&rsquo;accepte&#13;<br \/>\n            J&rsquo;accepte tous les cookies&#13;\n        <\/p>\n<p>D&rsquo;apr\u00e8s les derniers chiffres officiels publi\u00e9s fin novembre 2024, 96 f\u00e9minicides conjugaux ont \u00e9t\u00e9 recens\u00e9s par les forces de s\u00e9curit\u00e9 en France en 2023, sur 119 morts violentes au sein du couple. Dans 82 % des cas, les auteurs sont des hommes.<\/p>\n","protected":false},"excerpt":{"rendered":"La police a interpell\u00e9 un homme suspect\u00e9 d&rsquo;avoir tu\u00e9 par arme blanche sa femme, dimanche soir \u00e0 Saint-Priest&hellip;\n","protected":false},"author":2,"featured_media":493326,"comment_status":"","ping_status":"","sticky":false,"template":"","format":"standard","meta":{"footnotes":""},"categories":[1889],"tags":[1111,11,2430,271,272,1777,674,274,107,1011,27,329,2428,12,25,2429],"class_list":{"0":"post-493325","1":"post","2":"type-post","3":"status-publish","4":"format-standard","5":"has-post-thumbnail","7":"category-lyon","8":"tag-actu","9":"tag-actualites","10":"tag-auvergne-rhone-alpes","11":"tag-crime","12":"tag-delit-et-contravention","13":"tag-eu","14":"tag-europe","15":"tag-faits-divers-justice","16":"tag-fil-info","17":"tag-fr","18":"tag-france","19":"tag-france-monde","20":"tag-lyon","21":"tag-news","22":"tag-republique-francaise","23":"tag-rhone"},"share_on_mastodon":{"url":"https:\/\/pubeurope.com\/@fr\/115446629188328645","error":""},"_links":{"self":[{"href":"https:\/\/www.europesays.com\/fr\/wp-json\/wp\/v2\/posts\/493325","targetHints":{"allow":["GET"]}}],"collection":[{"href":"https:\/\/www.europesays.com\/fr\/wp-json\/wp\/v2\/posts"}],"about":[{"href":"https:\/\/www.europesays.com\/fr\/wp-json\/wp\/v2\/types\/post"}],"author":[{"embeddable":true,"href":"https:\/\/www.europesays.com\/fr\/wp-json\/wp\/v2\/users\/2"}],"replies":[{"embeddable":true,"href":"https:\/\/www.europesays.com\/fr\/wp-json\/wp\/v2\/comments?post=493325"}],"version-history":[{"count":0,"href":"https:\/\/www.europesays.com\/fr\/wp-json\/wp\/v2\/posts\/493325\/revisions"}],"wp:featuredmedia":[{"embeddable":true,"href":"https:\/\/www.europesays.com\/fr\/wp-json\/wp\/v2\/media\/493326"}],"wp:attachment":[{"href":"https:\/\/www.europesays.com\/fr\/wp-json\/wp\/v2\/media?parent=493325"}],"wp:term":[{"taxonomy":"category","embeddable":true,"href":"https:\/\/www.europesays.com\/fr\/wp-json\/wp\/v2\/categories?post=493325"},{"taxonomy":"post_tag","embeddable":true,"href":"https:\/\/www.europesays.com\/fr\/wp-json\/wp\/v2\/tags?post=493325"}],"curies":[{"name":"wp","href":"https:\/\/api.w.org\/{rel}","templated":true}]}}