{"id":493327,"date":"2025-10-27T14:36:17","date_gmt":"2025-10-27T14:36:17","guid":{"rendered":"https:\/\/www.europesays.com\/fr\/493327\/"},"modified":"2025-10-27T14:36:17","modified_gmt":"2025-10-27T14:36:17","slug":"le-plus-grand-marche-de-noel-dile-de-france-ouvre-ses-portes","status":"publish","type":"post","link":"https:\/\/www.europesays.com\/fr\/493327\/","title":{"rendered":"Le plus grand March\u00e9 de No\u00ebl d\u2019\u00cele-de-France ouvre ses portes"},"content":{"rendered":"<p>\t\t\t\t\t\t\t\t\t\t\t\t\t\t\t\t\t\t\t\t\t\t<img loading=\"lazy\" decoding=\"async\" src=\"data:image\/svg+xml,%3Csvg%20xmlns=\" http:=\"\" class=\"img-fluid\" alt=\"March\u00e9 de No\u00ebl de Paris la D\u00e9fense 2025 dates et programme\" width=\"1024\" height=\"683\" data-lazy-src=\"https:\/\/www.europesays.com\/fr\/wp-content\/uploads\/2025\/10\/COUV-ARTICLES-1620x1080-19-1-1024x683.jpg\"\/><\/p>\n<p>    Save<\/p>\n<p class=\"p1\">C\u2019est officiel ! <strong>Le plus grand march\u00e9 de No\u00ebl d\u2019\u00cele-de-France<\/strong> s\u2019appr\u00eate \u00e0 faire scintiller le parvis de La D\u00e9fense. <strong>D\u00e8s le 13 novembre 2025<\/strong>, le March\u00e9 de No\u00ebl de Paris La D\u00e9fense rouvre ses portes pour <strong>une 30e \u00e9dition<\/strong> qui promet d\u2019enchanter petits et grands. <strong>Sur plus de 7 500 m\u00b2<\/strong>, fl\u00e2nez le long de 300 chalets enneig\u00e9s, laissez-vous emporter par les effluves de cannelle et de chocolat chaud, et plongez dans une atmosph\u00e8re digne d\u2019un conte de f\u00e9es. <\/p>\n<p> <b>Les dates \u00e0 retenir<\/b> <\/p>\n<p><img fetchpriority=\"high\" decoding=\"async\" class=\"aligncenter size-large wp-image-210215\" src=\"data:image\/svg+xml,%3Csvg%20xmlns=\" http:=\"\" alt=\"\" width=\"1024\" height=\"683\" data-lazy- data-lazy- data-lazy-src=\"https:\/\/www.europesays.com\/fr\/wp-content\/uploads\/2025\/10\/8-3-1024x683.jpg\"\/><\/p>\n<p class=\"p2\">Pour cette 30e \u00e9dition, le March\u00e9 de No\u00ebl de La D\u00e9fense se tiendra du jeudi 13 novembre au dimanche 28 d\u00e9cembre 2025, au pied de la Grande Arche. Cette ann\u00e9e, place \u00e0 un univers encore plus enchanteur : le parvis s\u2019illuminera de mille feux avec des d\u00e9cors f\u00e9\u00e9riques et des guirlandes scintillantes qui plongeront les visiteurs dans une atmosph\u00e8re magique. Les plus gourmands se laisseront tenter par une farandole de saveurs venues d\u2019ici et d\u2019ailleurs, du Sud-Ouest au Qu\u00e9bec, en passant par l\u2019Alsace, les Alpes et les \u00eeles. Les amateurs d\u2019authenticit\u00e9, eux, trouveront leur bonheur parmi les stands d\u2019artisanat traditionnel, pour d\u00e9nicher des cr\u00e9ations uniques et des cadeaux pleins de charme.<\/p>\n<p> <b>Des animations magiques tout au long de la saison<\/b> <\/p>\n<p><img loading=\"lazy\" decoding=\"async\" class=\"aligncenter size-large wp-image-210214\" src=\"data:image\/svg+xml,%3Csvg%20xmlns=\" http:=\"\" alt=\"March\u00e9 de No\u00ebl de Paris la D\u00e9fense 2025 animations f\u00e9\u00e9riques\" width=\"1024\" height=\"683\" data-lazy- data-lazy- data-lazy-src=\"https:\/\/www.europesays.com\/fr\/wp-content\/uploads\/2025\/10\/7-1-1-1024x683.jpg\"\/><\/p>\n<p class=\"p3\">Pr\u00eats \u00e0 d\u00e9couvrir ce que cette nouvelle \u00e9dition vous r\u00e9serve ? Cette ann\u00e9e encore, la f\u00e9\u00e9rie s\u2019invite sur le parvis avec une programmation magique et des soir\u00e9es qui feront briller les yeux des visiteurs. Chaque semaine, du lundi au jeudi d\u00e8s 18 h, les <strong>Christmas Afterworks<\/strong> mettront l\u2019ambiance avec DJ Waxmine aux platines, pour des soir\u00e9es festives et conviviales, du 13 novembre au 23 d\u00e9cembre. Et ce n\u2019est qu\u2019un avant-go\u00fbt de la f\u00e9erie qui vous attend\u2026 <\/p>\n<p class=\"p3\">Le <strong>jeudi 13 novembre, une soir\u00e9e d\u2019inauguration<\/strong> enchanteresse ouvrira le bal, port\u00e9e par des f\u00e9es de glace aux robes bleues et argent\u00e9es qui \u00e9merveilleront le public, lors d\u2019un show \u00e9tincelant. Le samedi 15 novembre, le <strong>Bal des Paons<\/strong> viendra sublimer le march\u00e9 avec un cort\u00e8ge po\u00e9tique de danseuses aux ailes scintillantes. Dimanche 16 novembre, <strong>la magie Disney<\/strong> s\u2019invitera \u00e0 La D\u00e9fense avec une chanteuse et les amis de Mickey pour un moment musical empreint de douceur et de nostalgie. Et tout au long de la saison, le parvis s\u2019animera au fil de d\u00e9fil\u00e9s gourmands de <strong>danseuses cupcakes<\/strong>, de <strong>rencontres surprises avec le Grinch<\/strong>, ou de shows f\u00e9eriques port\u00e9s par des danseuses en tutus blancs lumineux.<\/p>\n<p> <b>Pour les petits lutins<\/b> <\/p>\n<p><img loading=\"lazy\" decoding=\"async\" class=\"aligncenter size-large wp-image-210211\" src=\"data:image\/svg+xml,%3Csvg%20xmlns=\" http:=\"\" alt=\"March\u00e9 de No\u00ebl de Paris la D\u00e9fense 2025 dates et programme\" width=\"1024\" height=\"683\" data-lazy- data-lazy- data-lazy-src=\"https:\/\/www.europesays.com\/fr\/wp-content\/uploads\/2025\/10\/5-5-1024x683.jpg\"\/><\/p>\n<p class=\"p2\">Chaque mercredi et samedi, les enfants plongeront \u00e0 leur tour dans la f\u00e9\u00e9rie de No\u00ebl gr\u00e2ce aux <strong>ateliers lutins,<\/strong> de jolies parenth\u00e8ses cr\u00e9atives. Au programme, des <strong>ateliers cr\u00e9atifs gratuits<\/strong> pour fabriquer de jolis souvenirs \u00e0 rapporter \u00e0 la maison, des <strong>stands de maquillage pour les 3-12 ans<\/strong> afin de se transformer en petit elfe ou en reine des neiges\u2026 Et des <strong>lectures enchant\u00e9es pour les 2-10 ans<\/strong>, qui transporteront les plus jeunes dans des histoires magiques peupl\u00e9es de rennes, de flocons et de rires. De quoi faire p\u00e9tiller les yeux des enfants et vivre la magie des f\u00eates, jusqu\u2019\u00e0 No\u00ebl\u2026 <\/p>\n<p> <strong>P\u00e8re No\u00ebl et patinoire de glace naturelle XXL <\/strong> <\/p>\n<p class=\"p1\">Comme chaque ann\u00e9e, <b>le P\u00e8re No\u00ebl<\/b> en personne posera ses valises au c\u0153ur du march\u00e9, pour rencontrer les familles et immortaliser des souvenirs inoubliables. Et le clou du spectacle du <a href=\"https:\/\/xmasparisladefense.com\/\" rel=\"nofollow noopener\" target=\"_blank\" class=\"shortcode-outbound-link\" data-has-ga=\"true\" data-ga-type=\"click\" data-label=\"https:\/\/xmasparisladefense.com\/\" data-action=\"text_cta_0\" data-category=\"click_non_sales\"><strong>March\u00e9 de No\u00ebl de Paris La D\u00e9fense<\/strong><\/a>, c\u2019est bien s\u00fbr <strong>l\u2019immense patinoire en glace naturelle de 540 m\u00b2<\/strong>, v\u00e9ritable \u00e9crin givr\u00e9 pour petits et grands. La magie de No\u00ebl n\u2019a jamais \u00e9t\u00e9 aussi proche\u2026 alors, pr\u00eats \u00e0 r\u00eaver ?<\/p>\n<p class=\"p1\">\ud83d\udccd <b>Parvis de la D\u00e9fense \u2013 92800 Puteaux<\/b><br \/>\ud83d\udcc6 <b>Du jeudi 13 novembre au dimanche 28 d\u00e9cembre 2025<\/b><br \/>\ud83c\udf9f\ufe0f <b>Entr\u00e9e libre et gratuite<\/b><b\/><\/p>\n","protected":false},"excerpt":{"rendered":"Save C\u2019est officiel ! Le plus grand march\u00e9 de No\u00ebl d\u2019\u00cele-de-France s\u2019appr\u00eate \u00e0 faire scintiller le parvis de&hellip;\n","protected":false},"author":2,"featured_media":493328,"comment_status":"","ping_status":"","sticky":false,"template":"","format":"standard","meta":{"footnotes":""},"categories":[1592],"tags":[1111,11,1777,674,1011,27,6736,662,12,15830,626,25],"class_list":{"0":"post-493327","1":"post","2":"type-post","3":"status-publish","4":"format-standard","5":"has-post-thumbnail","7":"category-ile-de-france","8":"tag-actu","9":"tag-actualites","10":"tag-eu","11":"tag-europe","12":"tag-fr","13":"tag-france","14":"tag-hiver","15":"tag-ile-de-france","16":"tag-news","17":"tag-noel","18":"tag-paris","19":"tag-republique-francaise"},"share_on_mastodon":{"url":"https:\/\/pubeurope.com\/@fr\/115446637362122636","error":""},"_links":{"self":[{"href":"https:\/\/www.europesays.com\/fr\/wp-json\/wp\/v2\/posts\/493327","targetHints":{"allow":["GET"]}}],"collection":[{"href":"https:\/\/www.europesays.com\/fr\/wp-json\/wp\/v2\/posts"}],"about":[{"href":"https:\/\/www.europesays.com\/fr\/wp-json\/wp\/v2\/types\/post"}],"author":[{"embeddable":true,"href":"https:\/\/www.europesays.com\/fr\/wp-json\/wp\/v2\/users\/2"}],"replies":[{"embeddable":true,"href":"https:\/\/www.europesays.com\/fr\/wp-json\/wp\/v2\/comments?post=493327"}],"version-history":[{"count":0,"href":"https:\/\/www.europesays.com\/fr\/wp-json\/wp\/v2\/posts\/493327\/revisions"}],"wp:featuredmedia":[{"embeddable":true,"href":"https:\/\/www.europesays.com\/fr\/wp-json\/wp\/v2\/media\/493328"}],"wp:attachment":[{"href":"https:\/\/www.europesays.com\/fr\/wp-json\/wp\/v2\/media?parent=493327"}],"wp:term":[{"taxonomy":"category","embeddable":true,"href":"https:\/\/www.europesays.com\/fr\/wp-json\/wp\/v2\/categories?post=493327"},{"taxonomy":"post_tag","embeddable":true,"href":"https:\/\/www.europesays.com\/fr\/wp-json\/wp\/v2\/tags?post=493327"}],"curies":[{"name":"wp","href":"https:\/\/api.w.org\/{rel}","templated":true}]}}