{"id":493335,"date":"2025-10-27T14:40:21","date_gmt":"2025-10-27T14:40:21","guid":{"rendered":"https:\/\/www.europesays.com\/fr\/493335\/"},"modified":"2025-10-27T14:40:21","modified_gmt":"2025-10-27T14:40:21","slug":"un-charpentier-qui-a-restaure-notre-dame-se-marie-dans-la-cathedrale","status":"publish","type":"post","link":"https:\/\/www.europesays.com\/fr\/493335\/","title":{"rendered":"un charpentier qui a restaur\u00e9 Notre-Dame se marie dans la cath\u00e9drale"},"content":{"rendered":"<p>Marie Stuart, Henri IV, Napol\u00e9on III, l\u2019imp\u00e9ratrice Eug\u00e9nie\u2026 De nombreuses grandes figures de l\u2019Histoire se sont mari\u00e9es \u00e0 <a href=\"https:\/\/www.ledauphine.com\/p\/cathedrale-notre-dame-de-paris\" target=\"_blank\" rel=\"nofollow noopener\">Notre-Dame de Paris<\/a>, qui a vu d\u00e9filer pl\u00e9thore de t\u00eates couronn\u00e9es en pr\u00e8s de neuf si\u00e8cles d\u2019existence. Mais samedi, c\u2019est une union toute particuli\u00e8re qui a \u00e9t\u00e9 c\u00e9l\u00e9br\u00e9e <a href=\"https:\/\/www.ledauphine.com\/culture-loisirs\/2024\/12\/07\/reouverture-de-notre-dame-retour-sur-une-ceremonie-emouvante-et-federatrice\" target=\"_blank\" rel=\"nofollow noopener\">dans la cath\u00e9drale<\/a> : celle de Jade et de Martin. Ce dernier, charpentier de profession, est l\u2019un des 500 artisans qui ont particip\u00e9 \u00e0 la restauration de l\u2019\u00e9difice, apr\u00e8s l\u2019incendie de mars 2019.<\/p>\n<p>\u00ab\u00a0Jade et Martin, soyez les bienvenus dans cette cath\u00e9drale. Martin, tu la connais bien, tu la connais de haut\u00a0\u00bb, a d\u00e9clar\u00e9 samedi, Monseigneur Ribadeau, recteur de Notre-Dame de Paris, qui c\u00e9l\u00e9brait l\u2019union des deux amoureux. De haut, oui, car Martin Lorentz a travaill\u00e9 trois ans sur <a href=\"https:\/\/www.ledauphine.com\/culture-loisirs\/2024\/12\/07\/avant-la-reouverture-nous-avons-visite-notre-dame-plus-belle-que-jamais\" target=\"_blank\" rel=\"nofollow noopener\">le chantier de la cath\u00e9drale<\/a> \u00e0 la restauration de sa \u00ab\u00a0for\u00eat\u00a0\u00bb, la c\u00e9l\u00e8bre charpente m\u00e9di\u00e9vale. Avec ses coll\u00e8gues, il a travaill\u00e9 les poutres du b\u00e2timent avec les techniques d\u2019\u00e9poque.<\/p>\n<p>Ce contenu est bloqu\u00e9 car vous n&rsquo;avez pas accept\u00e9 les cookies et autres traceurs.<\/p>\n<p>En cliquant sur \u00ab J\u2019accepte \u00bb, les cookies et autres traceurs seront d\u00e9pos\u00e9s et vous pourrez visualiser les contenus  (<a href=\"\" class=\"consentModule_policy\" target=\"_blank\" title=\"Consulter la politique de protection des donn\u00e9es du fournisseur\">plus d&rsquo;informations<\/a>).<\/p>\n<p>En cliquant sur \u00ab J\u2019accepte tous les cookies \u00bb, vous autorisez des d\u00e9p\u00f4ts de cookies et autres traceurs pour le stockage de vos donn\u00e9es sur nos sites et applications \u00e0 des fins de personnalisation et de ciblage publicitaire.<\/p>\n<p class=\"consentModule_secondaryText\">Vous gardez la possibilit\u00e9 de retirer votre consentement \u00e0 tout moment en consultant notre <a href=\"https:\/\/www.ledauphine.com\/protection-des-donnees\" target=\"_blank\" title=\"Consulter notre politique de protection des donn\u00e9es\" rel=\"nofollow noopener\">politique de protection des donn\u00e9es<\/a>. <br \/>&#13;<br \/>\n            <a href=\"https:\/\/www.ledauphine.com\/societe\/2025\/10\/27\/javascript:Didomi.notice.show()\" class=\"consentModule_cmp\" rel=\"nofollow noopener\" target=\"_blank\">G\u00e9rer mes choix<\/a>&#13;\n        <\/p>\n<p>&#13;<br \/>\n                        J&rsquo;accepte&#13;<br \/>\n            J&rsquo;accepte tous les cookies&#13;\n        <\/p>\n<p>  Une demande \u00ab\u00a0exceptionnelle\u00a0\u00bb accept\u00e9e<\/p>\n<p>Logiquement, Martin et Jade n\u2019auraient jamais pu se marier \u00e0 Notre-Dame : la cath\u00e9drale n&rsquo;accueille aujourd\u2019hui plus de c\u00e9r\u00e9monies priv\u00e9es. Mais le charpentier, qui a travaill\u00e9 jour et nuit \u00e0 <a href=\"https:\/\/www.ledauphine.com\/culture-loisirs\/2025\/07\/24\/notre-dame-de-paris-retour-de-toutes-les-statues-ornant-la-base-de-la-fleche-de-la-cathedrale\" target=\"_blank\" rel=\"nofollow noopener\">la restauration de l\u2019\u00e9difice<\/a>, a tout de m\u00eame tent\u00e9 sa chance en formulant une demande \u00e0 l\u2019archev\u00eaque de Paris, Monseigneur Ulrich. Et ce dernier l\u2019a accept\u00e9e, \u00e0 titre exceptionnel.<\/p>\n<p>Une d\u00e9rogation qui a fait le bonheur de l\u2019artisan. \u00ab\u00a0J&rsquo;ai envie de partager mon amour, notre amour, avec le monde entier, avec tous ceux qui en ont besoin. J&rsquo;ai juste envie de dire que c&rsquo;est le plus beau jour de ma vie\u00a0\u00bb, a d\u00e9clar\u00e9 le jeune charpentier, qui a c\u00e9l\u00e9br\u00e9 son union devant 500 invit\u00e9s, dont de nombreux charpentiers, hache \u00e0 la main, raconte <a href=\"https:\/\/www.franceinfo.fr\/culture\/patrimoine\/incendie-de-notre-dame-de-paris\/reouverture\/notre-dame-de-paris-le-mariage-d-exception-d-un-charpentier-et-sa-compagne-celebre-dans-la-cathedrale_7575280.html\" target=\"_blank\" rel=\"nofollow noopener\">franceinfo<\/a>. Mais, Notre-Dame oblige, Martin et Jade se sont \u00e9galement mari\u00e9s devant de nombreux touristes, qui visitaient la cath\u00e9drale samedi.<\/p>\n","protected":false},"excerpt":{"rendered":"Marie Stuart, Henri IV, Napol\u00e9on III, l\u2019imp\u00e9ratrice Eug\u00e9nie\u2026 De nombreuses grandes figures de l\u2019Histoire se sont mari\u00e9es \u00e0&hellip;\n","protected":false},"author":2,"featured_media":493336,"comment_status":"","ping_status":"","sticky":false,"template":"","format":"standard","meta":{"footnotes":""},"categories":[1888],"tags":[11,1777,674,107,1011,27,329,1930,12,626,2661,5889,25,104],"class_list":{"0":"post-493335","1":"post","2":"type-post","3":"status-publish","4":"format-standard","5":"has-post-thumbnail","7":"category-paris","8":"tag-actualites","9":"tag-eu","10":"tag-europe","11":"tag-fil-info","12":"tag-fr","13":"tag-france","14":"tag-france-monde","15":"tag-mariage","16":"tag-news","17":"tag-paris","18":"tag-patrimoine-culturel","19":"tag-religion-croyance","20":"tag-republique-francaise","21":"tag-societe"},"share_on_mastodon":{"url":"https:\/\/pubeurope.com\/@fr\/115446652975498355","error":""},"_links":{"self":[{"href":"https:\/\/www.europesays.com\/fr\/wp-json\/wp\/v2\/posts\/493335","targetHints":{"allow":["GET"]}}],"collection":[{"href":"https:\/\/www.europesays.com\/fr\/wp-json\/wp\/v2\/posts"}],"about":[{"href":"https:\/\/www.europesays.com\/fr\/wp-json\/wp\/v2\/types\/post"}],"author":[{"embeddable":true,"href":"https:\/\/www.europesays.com\/fr\/wp-json\/wp\/v2\/users\/2"}],"replies":[{"embeddable":true,"href":"https:\/\/www.europesays.com\/fr\/wp-json\/wp\/v2\/comments?post=493335"}],"version-history":[{"count":0,"href":"https:\/\/www.europesays.com\/fr\/wp-json\/wp\/v2\/posts\/493335\/revisions"}],"wp:featuredmedia":[{"embeddable":true,"href":"https:\/\/www.europesays.com\/fr\/wp-json\/wp\/v2\/media\/493336"}],"wp:attachment":[{"href":"https:\/\/www.europesays.com\/fr\/wp-json\/wp\/v2\/media?parent=493335"}],"wp:term":[{"taxonomy":"category","embeddable":true,"href":"https:\/\/www.europesays.com\/fr\/wp-json\/wp\/v2\/categories?post=493335"},{"taxonomy":"post_tag","embeddable":true,"href":"https:\/\/www.europesays.com\/fr\/wp-json\/wp\/v2\/tags?post=493335"}],"curies":[{"name":"wp","href":"https:\/\/api.w.org\/{rel}","templated":true}]}}