{"id":493337,"date":"2025-10-27T14:41:13","date_gmt":"2025-10-27T14:41:13","guid":{"rendered":"https:\/\/www.europesays.com\/fr\/493337\/"},"modified":"2025-10-27T14:41:13","modified_gmt":"2025-10-27T14:41:13","slug":"le-cycliste-sofiane-sehili-raconte-son-incroyable-periple-a-velo-et-son-sejour-dans-les-geoles-russes-liberation","status":"publish","type":"post","link":"https:\/\/www.europesays.com\/fr\/493337\/","title":{"rendered":"le cycliste Sofiane Sehili raconte son incroyable p\u00e9riple \u00e0 v\u00e9lo et son s\u00e9jour dans les ge\u00f4les russes \u2013 Lib\u00e9ration"},"content":{"rendered":"<p class=\"sc-cPiKLX AiZTS text-element\">\u00abJ\u2019ai l\u2019impression d\u2019avoir v\u00e9cu une exp\u00e9rience dans une r\u00e9alit\u00e9 parall\u00e8le\u00bb. Sofiane Sehili a encore du mal \u00e0 r\u00e9aliser ce qu\u2019il vient de vivre. Le cycliste fran\u00e7ais, \u00e2g\u00e9 de 44 ans, <a href=\"https:\/\/www.liberation.fr\/international\/europe\/russie-le-cycliste-francais-sofiane-sehili-condamne-a-une-amende-et-libere-20251023_FBTTETTFQFAU5KH54TAKXI6IQE\/\" target=\"_blank\" rel=\"noreferrer nofollow noopener\" title=\"https:\/\/www.liberation.fr\/international\/europe\/russie-le-cycliste-francais-sofiane-sehili-condamne-a-une-amende-et-libere-20251023_FBTTETTFQFAU5KH54TAKXI6IQE\/\">a atterri dimanche 26 octobre au matin \u00e0 Paris<\/a>, apr\u00e8s quatre longs mois d\u2019absence. Dont cinquante jours pass\u00e9s dans les ge\u00f4les russes. Le sportif sp\u00e9cialis\u00e9 dans l\u2019ultracyclisme s\u2019\u00e9tait \u00e9lanc\u00e9 en juillet dernier de Lisbonne pour tenter d\u2019exploser le record de la travers\u00e9e du continent eurasiatique jusqu\u2019\u00e0 la ville russe de Vladivostok. Quitte \u00e0 traverser en toute ill\u00e9galit\u00e9 la derni\u00e8re fronti\u00e8re de son p\u00e9riple entre la Chine et la Russie, qui lui a valu une condamnation \u2013 et un \u00e9chec sportif. Lib\u00e9r\u00e9 jeudi 23 octobre, il est revenu pour Paris Match sur son incroyable p\u00e9riple. <\/p>\n<p class=\"sc-cPiKLX AiZTS text-element\">Lorsque Sofiane Sehili d\u00e9barque \u00e0 la fronti\u00e8re sino-russe le 2 septembre, le cycliste a d\u2019ores et d\u00e9j\u00e0 travers\u00e9 17 pays et roul\u00e9 sur pr\u00e8s de 18 000 kilom\u00e8tres, soit \u00ab\u00e0 peu pr\u00e8s 300 kilom\u00e8tres par jour pendant deux mois\u00bb. Il lui reste \u00e0 ce moment-l\u00e0 33 heures pour parcourir les 200 derniers kilom\u00e8tres jusqu\u2019\u00e0 Vladivostok et ainsi battre ais\u00e9ment les 64 jours et deux heures accomplis par l\u2019Allemand Jonas Deichmann. <\/p>\n<p class=\"sc-cPiKLX AiZTS text-element\">\u00abQuand j\u2019atteins le premier passage de fronti\u00e8re avec la Russie, \u00e0 Dongning Poltavka, le record est assur\u00e9, relate-t-il. Mais en arrivant, je me rends compte que cette fronti\u00e8re est uniquement r\u00e9serv\u00e9e aux Russes et aux Chinois\u00bb. Il est alors oblig\u00e9 de se rendre \u00e0 un autre poste fronti\u00e8re, \u00e0 60 kilom\u00e8tres de l\u00e0, qui n\u2019ouvre que le lendemain matin \u00e0 8 h 30. \u00abJe me dis que je vais perdre du temps [mais] le record sera toujours jouable\u00bb. <\/p>\n<p class=\"sc-cPiKLX AiZTS text-element\">Les gal\u00e8res s\u2019encha\u00eenent : finalement, il n\u2019a pas le droit de passer \u00e0 v\u00e9lo, mais seulement en bus. Sauf que son visa \u00e9lectronique ne l\u2019autorise pas \u00e0 monter dans le v\u00e9hicule \u2013 il doit prendre le train \u00e0 la gare. Qu\u2019il rate. \u00abLe prochain est 24 heures plus tard. Je suis coinc\u00e9. C\u2019est mort [pour le record, ndlr]. C\u2019est mort, mais je n\u2019arrive pas \u00e0 l\u2019accepter. [\u2026] A ce moment-l\u00e0, abandonner, c\u2019est au-dessus de mes forces\u00bb. C\u2019est l\u00e0 qu\u2019il d\u00e9cide de s\u2019y prendre autrement. <\/p>\n<p class=\"sc-cPiKLX AiZTS text-element\">En r\u00e9alit\u00e9, Sofiane Sehili n\u2019y croit m\u00eame pas. Traverser ill\u00e9galement la fronti\u00e8re entre la Chine et la Russie ? Impossible, \u00e7a doit \u00eatre truff\u00e9 de gardes et de cam\u00e9ras. \u00abDu coup, je me dis, je vais tenter, je vais \u00e9chouer, mais comme j\u2019aurais tent\u00e9, plus tard, je pourrai me dire que j\u2019ai tout essay\u00e9\u00bb, se convainc-t-il lui-m\u00eame. Sauf qu\u2019il y parvient. Le long d\u2019une route grillag\u00e9e, il trouve une ouverture, s\u2019engouffre en \u00e9tant persuad\u00e9 d\u2019\u00eatre refoul\u00e9. Mais \u00abrien ne se passe\u00bb. Il traverse une for\u00eat, un petit ruisseau, puis tombe sur un camp militaire chinois. \u00abJe me dis : \u201cBon voil\u00e0, c\u2019est l\u00e0 que \u00e7a s\u2019arr\u00eate. Ils vont me voir, me demander ce que je fais l\u00e0, et je vais leur dire que je me suis perdu\u201d. Mais je marche, je marche, et je finis par arriver en Russie. Personne ne m\u2019a vu\u00bb. <\/p>\n<p class=\"sc-cPiKLX AiZTS text-element\">Il veut \u00e9viter les douaniers russes, mais la nuit commence \u00e0 tomber, et la for\u00eat russe \u00aba l\u2019air encore plus dense que l\u2019autre\u00bb. C\u2019est \u00e0 ce moment-l\u00e0 qu\u2019il se ravise \u2013 \u00abla situation a assez dur\u00e9\u00bb \u2013 et d\u00e9cide de se rendre aux autorit\u00e9s russes, feignant s\u2019\u00eatre perdu et vouloir retourner en Chine. Mais les gardes-fronti\u00e8res ne sont pas dupes, et d\u00e9couvrent qu\u2019il est un grand cycliste en train d\u2019essayer de battre un record. Obligeant Sofiane Sehili \u00e0 cracher le morceau. On lui indique alors qu\u2019il va \u00eatre pr\u00e9sent\u00e9 \u00e0 un juge, <a href=\"https:\/\/www.liberation.fr\/international\/un-cycliste-francais-arrete-et-place-en-detention-provisoire-en-russie-20250909_SGBJNJIPRNDNJPTAZWCR5IYLZA\/\" target=\"_blank\" rel=\"noreferrer nofollow noopener\" title=\"https:\/\/www.liberation.fr\/international\/un-cycliste-francais-arrete-et-place-en-detention-provisoire-en-russie-20250909_SGBJNJIPRNDNJPTAZWCR5IYLZA\/\">et qu\u2019en attendant, il sera emprisonn\u00e9<\/a>. \u00abEt l\u00e0 je demande si je vais \u00eatre tout seul. \u201cNon tu vas \u00eatre avec 5, 6 ou 7 autres d\u00e9tenus.\u201d L\u00e0, je commence \u00e0 me d\u00e9composer, \u00e0 flipper, se rem\u00e9more-t-il. Je vais passer 30 jours dans une prison russe avec des prisonniers russes\u00bb. <\/p>\n<p class=\"sc-cPiKLX AiZTS text-element\">Le cycliste fran\u00e7ais a pass\u00e9 50 jours en d\u00e9tention. Aupr\u00e8s de l\u2019AFP, il assure avoir \u00e9t\u00e9 bien trait\u00e9. \u00abA chaque fois que j\u2019ai \u00e9t\u00e9 transf\u00e9r\u00e9 dans un centre de d\u00e9tention, j\u2019ai eu une visite m\u00e9dicale, on s\u2019assurait que tout allait bien. A chaque fois que j\u2019\u00e9tais entendu, tout \u00e9tait not\u00e9, il y avait des proc\u00e8s-verbaux. C\u2019est pas un endroit o\u00f9 on vous prend, on vous jette dans une cellule et vous savez pas exactement ce qui se passe\u00bb, a-t-il relat\u00e9. <\/p>\n<p class=\"sc-cPiKLX AiZTS text-element\">A Paris Match, il raconte \u00ables gars\u00bb avec qui il a partag\u00e9 son quotidien : \u00abun gamin de 18 ans qui a deal\u00e9 9 grammes d\u2019une drogue que je connais m\u00eame pas\u00bb, \u00abdeux anciens soldats en Ukraine\u00bb, ou encore \u00abun type insomniaque qui se couchait \u00e0 6 h 30 tous les matins et se r\u00e9veillait \u00e0 9 heures avec la t\u00e9l\u00e9 \u00e0 fond\u00bb. \u00abIls n\u2019ont pas cherch\u00e9 \u00e0 \u00eatre violents avec moi, assure-t-il. Mais ils montent tr\u00e8s vite dans les tours.\u00bb Pour communiquer avec eux, il a appris quelques mots gr\u00e2ce \u00e0 un dictionnaire. <\/p>\n<p class=\"sc-cPiKLX AiZTS text-element\">\u00abC\u2019est assez \u00e9trange comme exp\u00e9rience, puisque finalement j\u2019ai pass\u00e9 deux mois en Russie et tous les gens que j\u2019ai rencontr\u00e9s \u00e9taient des criminels, r\u00e9sume-t-il \u00e0 l\u2019AFP. Mais je pense que \u00e7a m\u2019a quand m\u00eame aid\u00e9 \u00e0 d\u00e9couvrir un peu ce qu\u2019est le peuple russe et quelles sont les caract\u00e9ristiques qui lui sont propres. Moi, globalement, j\u2019ai quand m\u00eame rencontr\u00e9 des gens qui \u00e9taient amicaux, qui \u00e9taient dans le partage. Quand ils se faisaient \u00e0 manger, on allait s\u2019attabler tous ensemble pour le d\u00eener\u00bb. <\/p>\n<p class=\"sc-cPiKLX AiZTS text-element\">Sofiane Sehili a finalement \u00e9t\u00e9 lib\u00e9r\u00e9 le 23 octobre, apr\u00e8s avoir \u00e9t\u00e9 jug\u00e9 et condamn\u00e9 \u00e0 une simple amende. Et un \u00e9chec : le cycliste fran\u00e7ais n\u2019aura jamais termin\u00e9 son \u00e9pop\u00e9e \u00e0 v\u00e9lo. \u00abL\u2019avantage avec tout \u00e7a, c\u2019est que j\u2019ai oubli\u00e9 ce record, conc\u00e8de-t-il. Quand tu te retrouves en prison et que tu ne sais pas quand tu vas sortir, le record on s\u2019en fout. On peut se dire que rater \u00e0 200 km, c\u2019est rageant. Mais on peut aussi se dire que j\u2019ai fait 18 000 kilom\u00e8tres.\u00bb <\/p>\n","protected":false},"excerpt":{"rendered":"\u00abJ\u2019ai l\u2019impression d\u2019avoir v\u00e9cu une exp\u00e9rience dans une r\u00e9alit\u00e9 parall\u00e8le\u00bb. Sofiane Sehili a encore du mal \u00e0 r\u00e9aliser&hellip;\n","protected":false},"author":2,"featured_media":493338,"comment_status":"","ping_status":"","sticky":false,"template":"","format":"standard","meta":{"footnotes":""},"categories":[1591],"tags":[11,309,1887,12,1885,1886,132,208],"class_list":{"0":"post-493337","1":"post","2":"type-post","3":"status-publish","4":"format-standard","5":"has-post-thumbnail","7":"category-russie","8":"tag-actualites","9":"tag-chine","10":"tag-federation-de-russie","11":"tag-news","12":"tag-russia","13":"tag-russian-federation","14":"tag-russie","15":"tag-velo"},"share_on_mastodon":{"url":"https:\/\/pubeurope.com\/@fr\/115446656802002831","error":""},"_links":{"self":[{"href":"https:\/\/www.europesays.com\/fr\/wp-json\/wp\/v2\/posts\/493337","targetHints":{"allow":["GET"]}}],"collection":[{"href":"https:\/\/www.europesays.com\/fr\/wp-json\/wp\/v2\/posts"}],"about":[{"href":"https:\/\/www.europesays.com\/fr\/wp-json\/wp\/v2\/types\/post"}],"author":[{"embeddable":true,"href":"https:\/\/www.europesays.com\/fr\/wp-json\/wp\/v2\/users\/2"}],"replies":[{"embeddable":true,"href":"https:\/\/www.europesays.com\/fr\/wp-json\/wp\/v2\/comments?post=493337"}],"version-history":[{"count":0,"href":"https:\/\/www.europesays.com\/fr\/wp-json\/wp\/v2\/posts\/493337\/revisions"}],"wp:featuredmedia":[{"embeddable":true,"href":"https:\/\/www.europesays.com\/fr\/wp-json\/wp\/v2\/media\/493338"}],"wp:attachment":[{"href":"https:\/\/www.europesays.com\/fr\/wp-json\/wp\/v2\/media?parent=493337"}],"wp:term":[{"taxonomy":"category","embeddable":true,"href":"https:\/\/www.europesays.com\/fr\/wp-json\/wp\/v2\/categories?post=493337"},{"taxonomy":"post_tag","embeddable":true,"href":"https:\/\/www.europesays.com\/fr\/wp-json\/wp\/v2\/tags?post=493337"}],"curies":[{"name":"wp","href":"https:\/\/api.w.org\/{rel}","templated":true}]}}