{"id":493346,"date":"2025-10-27T14:46:16","date_gmt":"2025-10-27T14:46:16","guid":{"rendered":"https:\/\/www.europesays.com\/fr\/493346\/"},"modified":"2025-10-27T14:46:16","modified_gmt":"2025-10-27T14:46:16","slug":"un-nouveau-record-deurope-sur-marathon-pour-la-lorientaise-maryse-le-gallo","status":"publish","type":"post","link":"https:\/\/www.europesays.com\/fr\/493346\/","title":{"rendered":"Un nouveau record d\u2019Europe sur marathon pour la Lorientaise Maryse Le Gallo"},"content":{"rendered":"<p>C\u2019est au marathon de Rennes que la Lorientaise Maryse Le Gallo a d\u00e9croch\u00e9 un nouveau record d\u2019Europe. En 3 h 09\u201928\u2019\u2019, elle pulv\u00e9rise le pr\u00e9c\u00e9dent (3\u00a0h\u00a012\u201957\u2019\u2019) lors de son 40e marathon et se qualifie pour le championnat de France, qui aura lieu en avril. Celle qui s\u2019\u00e9tait lanc\u00e9 le d\u00e9fi de battre des records de France en courses de fond pour ses 65 ans vient d\u2019atteindre ses objectifs\u00a0: deux records du monde, cinq d\u2019Europe et neuf de France. \u00ab\u00a0Un marathon en toute r\u00e9gularit\u00e9, tr\u00e8s bien ma\u00eetris\u00e9 que j\u2019ai savour\u00e9 du d\u00e9but \u00e0 la fin, indiquait-elle \u00e0 l\u2019arriv\u00e9e. Un r\u00e9el plaisir pour terminer mon ann\u00e9e record\u00a0\u00bb. La Lorientaise fait une petite pause de trois semaines\u2026 avant de reprendre l\u2019entra\u00eenement.<\/p>\n","protected":false},"excerpt":{"rendered":"C\u2019est au marathon de Rennes que la Lorientaise Maryse Le Gallo a d\u00e9croch\u00e9 un nouveau record d\u2019Europe. En&hellip;\n","protected":false},"author":2,"featured_media":493347,"comment_status":"","ping_status":"","sticky":false,"template":"","format":"standard","meta":{"footnotes":""},"categories":[1586],"tags":[11,1777,674,1011,27,1781,12,25],"class_list":{"0":"post-493346","1":"post","2":"type-post","3":"status-publish","4":"format-standard","5":"has-post-thumbnail","7":"category-europe","8":"tag-actualites","9":"tag-eu","10":"tag-europe","11":"tag-fr","12":"tag-france","13":"tag-lorient","14":"tag-news","15":"tag-republique-francaise"},"share_on_mastodon":{"url":"https:\/\/pubeurope.com\/@fr\/115446676651144935","error":""},"_links":{"self":[{"href":"https:\/\/www.europesays.com\/fr\/wp-json\/wp\/v2\/posts\/493346","targetHints":{"allow":["GET"]}}],"collection":[{"href":"https:\/\/www.europesays.com\/fr\/wp-json\/wp\/v2\/posts"}],"about":[{"href":"https:\/\/www.europesays.com\/fr\/wp-json\/wp\/v2\/types\/post"}],"author":[{"embeddable":true,"href":"https:\/\/www.europesays.com\/fr\/wp-json\/wp\/v2\/users\/2"}],"replies":[{"embeddable":true,"href":"https:\/\/www.europesays.com\/fr\/wp-json\/wp\/v2\/comments?post=493346"}],"version-history":[{"count":0,"href":"https:\/\/www.europesays.com\/fr\/wp-json\/wp\/v2\/posts\/493346\/revisions"}],"wp:featuredmedia":[{"embeddable":true,"href":"https:\/\/www.europesays.com\/fr\/wp-json\/wp\/v2\/media\/493347"}],"wp:attachment":[{"href":"https:\/\/www.europesays.com\/fr\/wp-json\/wp\/v2\/media?parent=493346"}],"wp:term":[{"taxonomy":"category","embeddable":true,"href":"https:\/\/www.europesays.com\/fr\/wp-json\/wp\/v2\/categories?post=493346"},{"taxonomy":"post_tag","embeddable":true,"href":"https:\/\/www.europesays.com\/fr\/wp-json\/wp\/v2\/tags?post=493346"}],"curies":[{"name":"wp","href":"https:\/\/api.w.org\/{rel}","templated":true}]}}