{"id":493348,"date":"2025-10-27T14:47:16","date_gmt":"2025-10-27T14:47:16","guid":{"rendered":"https:\/\/www.europesays.com\/fr\/493348\/"},"modified":"2025-10-27T14:47:16","modified_gmt":"2025-10-27T14:47:16","slug":"en-suisse-une-caricature-anti-ue-jugee-antisemite-embarrasse-la-droite-populiste","status":"publish","type":"post","link":"https:\/\/www.europesays.com\/fr\/493348\/","title":{"rendered":"En Suisse, une caricature anti-UE jug\u00e9e antis\u00e9mite embarrasse la droite populiste"},"content":{"rendered":"\n<p>\u201cC\u2019est une pol\u00e9mique dont le premier parti de Suisse se serait bien pass\u00e9\u201d, <a class=\"ithalc\" data-ithal=\"lien_externe\" data-ithalc=\"[nav_article]\" target=\"_blank\" href=\"https:\/\/www.letemps.ch\/suisse\/une-caricature-de-l-udc-jugee-antisemite-seme-le-trouble\" rel=\"noopener\">annonce <strong>Le Temps<\/strong><\/a><strong>.<\/strong> Alors que le pays entier d\u00e9bat des nouveaux accords bilat\u00e9raux entre la Suisse et l\u2019Europe, l\u2019Union d\u00e9mocratique du centre (UDC, droite populiste) a publi\u00e9 une caricature jug\u00e9e antis\u00e9mite. \u201cCette affiche de propagande, r\u00e9alis\u00e9e par l\u2019intelligence artificielle [IA], met en avant un homme hilare au nez allong\u00e9 et crochu, aux contours du visage forc\u00e9s et surtout, dont les poches d\u00e9bordent de billets de banque.\u201d<\/p>\n<p>Accompagn\u00e9e d\u2019un message critiquant les fonctionnaires de l\u2019Union europ\u00e9enne (UE) en Suisse, l\u2019image est consid\u00e9r\u00e9e comme \u201cprobl\u00e9matique\u201d par la Fondation contre le racisme et l\u2019antis\u00e9mitisme. <a class=\"ithalc\" data-ithal=\"lien_externe\" data-ithalc=\"[nav_article]\" target=\"_blank\" href=\"https:\/\/www.tagesanzeiger.ch\/antisemitismus-vorwurf-svp-erzeugt-bilder-mit-chat-gpt-608802161627\" rel=\"noopener\">Interrog\u00e9 par le<strong> Tages-Anzeiger<\/strong><\/a><strong>,<\/strong> le directeur de l\u2019institution, Philip Bessermann, \u00e9voque \u201cdes \u00e9l\u00e9ments stylistiques fr\u00e9quemment pr\u00e9sents dans les repr\u00e9sentations antis\u00e9mites d\u2019hommes juifs\u201d, o\u00f9 ils sont d\u00e9crits comme avides, cupides, avec \u201cun nez pro\u00e9minent\u201d et des \u201cdents d\u00e9couvertes, accompagn\u00e9es d\u2019un rire moqueur\u201d.<\/p>\n<p>L\u2019UDC se d\u00e9fend en affirmant que l\u2019affiche a \u00e9t\u00e9 g\u00e9n\u00e9r\u00e9e par ChatGPT. Le parti aurait simplement tap\u00e9 les mots \u201cEU B\u00fcrokrat\u201d (\u201cbureaucrate europ\u00e9en\u201d, en allemand) dans la barre de recherches, une \u201cmaladresse\u201d. Mais la formation politique refuse de transmettre l\u2019int\u00e9gralit\u00e9 de la <\/p>\n","protected":false},"excerpt":{"rendered":"\u201cC\u2019est une pol\u00e9mique dont le premier parti de Suisse se serait bien pass\u00e9\u201d, annonce Le Temps. Alors que&hellip;\n","protected":false},"author":2,"featured_media":493349,"comment_status":"","ping_status":"","sticky":false,"template":"","format":"standard","meta":{"footnotes":""},"categories":[1586],"tags":[11,22646,141,1777,674,1779,1011,27,3995,12,316,25,3067,1778,364,2475],"class_list":{"0":"post-493348","1":"post","2":"type-post","3":"status-publish","4":"format-standard","5":"has-post-thumbnail","7":"category-europe","8":"tag-actualites","9":"tag-antisu00e9mitisme","10":"tag-chatgpt","11":"tag-eu","12":"tag-europe","13":"tag-european-union","14":"tag-fr","15":"tag-france","16":"tag-intelligence-artificielle-ia","17":"tag-news","18":"tag-politique","19":"tag-republique-francaise","20":"tag-suisse","21":"tag-ue","22":"tag-union-europeenne","23":"tag-union-europu00e9enne"},"share_on_mastodon":{"url":"https:\/\/pubeurope.com\/@fr\/115446680556306799","error":""},"_links":{"self":[{"href":"https:\/\/www.europesays.com\/fr\/wp-json\/wp\/v2\/posts\/493348","targetHints":{"allow":["GET"]}}],"collection":[{"href":"https:\/\/www.europesays.com\/fr\/wp-json\/wp\/v2\/posts"}],"about":[{"href":"https:\/\/www.europesays.com\/fr\/wp-json\/wp\/v2\/types\/post"}],"author":[{"embeddable":true,"href":"https:\/\/www.europesays.com\/fr\/wp-json\/wp\/v2\/users\/2"}],"replies":[{"embeddable":true,"href":"https:\/\/www.europesays.com\/fr\/wp-json\/wp\/v2\/comments?post=493348"}],"version-history":[{"count":0,"href":"https:\/\/www.europesays.com\/fr\/wp-json\/wp\/v2\/posts\/493348\/revisions"}],"wp:featuredmedia":[{"embeddable":true,"href":"https:\/\/www.europesays.com\/fr\/wp-json\/wp\/v2\/media\/493349"}],"wp:attachment":[{"href":"https:\/\/www.europesays.com\/fr\/wp-json\/wp\/v2\/media?parent=493348"}],"wp:term":[{"taxonomy":"category","embeddable":true,"href":"https:\/\/www.europesays.com\/fr\/wp-json\/wp\/v2\/categories?post=493348"},{"taxonomy":"post_tag","embeddable":true,"href":"https:\/\/www.europesays.com\/fr\/wp-json\/wp\/v2\/tags?post=493348"}],"curies":[{"name":"wp","href":"https:\/\/api.w.org\/{rel}","templated":true}]}}