{"id":493350,"date":"2025-10-27T14:48:23","date_gmt":"2025-10-27T14:48:23","guid":{"rendered":"https:\/\/www.europesays.com\/fr\/493350\/"},"modified":"2025-10-27T14:48:23","modified_gmt":"2025-10-27T14:48:23","slug":"javier-milei-a-recu-les-felicitations-de-lextreme-droite-francaise-et-de-ce-depute-renaissance","status":"publish","type":"post","link":"https:\/\/www.europesays.com\/fr\/493350\/","title":{"rendered":"Javier Milei a re\u00e7u les f\u00e9licitations de l\u2019extr\u00eame droite fran\u00e7aise&#8230; et de ce d\u00e9put\u00e9 Renaissance"},"content":{"rendered":"<p>        <img decoding=\"async\" loading=\"lazy\" src=\"https:\/\/www.europesays.com\/fr\/wp-content\/uploads\/2025\/10\/a348c64_1712874140792-000-34nc4jp.jpg\"  width=\"728\" height=\"409\" alt=\"Guillaume Kasbarian ici en avril 2024\"\/>  <\/p>\n<p>MIGUEL MEDINA \/ AFP<\/p>\n<p>Guillaume Kasbarian ici en avril 2024<\/p>\n<p class=\"asset asset-text\">POLITIQUE &#8211; L\u2019extr\u00eame droite, +1. Ce lundi 27\u00a0octobre, les f\u00e9licitations fran\u00e7aises au pr\u00e9sident argentin <a href=\"https:\/\/www.huffingtonpost.fr\/international\/video\/en-argentine-cette-large-victoire-de-javier-milei-aux-legislatives-lui-offre-un-boulevard-pour-poursuivre-sa-politique_256440.html\" rel=\"nofollow noopener\" target=\"_blank\">Javier Milei apr\u00e8s sa large victoire aux l\u00e9gislatives<\/a> sont venues des \u00e9lus les plus \u00e0 droite de l\u2019\u00e9chiquier politique fran\u00e7ais. \u00c0 une exception pr\u00e8s\u00a0: Guillaume Kasbarian, l\u2019ancien ministre <a href=\"https:\/\/www.huffingtonpost.fr\/politique\/article\/gerald-darmanin-quitte-renaissance-et-charge-gabriel-attal_256026.html\" rel=\"nofollow noopener\" target=\"_blank\">Renaissance<\/a>, qui y est aussi all\u00e9 de son petit mot.<\/p>\n<p class=\"asset asset-text\">Lors de ces \u00e9lections de mi-mandat, le pr\u00e9sident ultralib\u00e9ral a vu sa base parlementaire tripler, sans pour autant atteindre la majorit\u00e9 absolue. Selon des projections exprim\u00e9es dimanche soir par Javier Milei lui-m\u00eame, mais non confirm\u00e9es par l\u2019autorit\u00e9 \u00e9lectorale, son bloc de d\u00e9put\u00e9s passerait de 37 jusqu\u2019ici \u00e0 101 (sur 257 d\u00e9put\u00e9s), et les s\u00e9nateurs de six \u00e0 20, sur 72 s\u00e9nateurs au total.<\/p>\n<p class=\"asset asset-text\">Le pr\u00e9sident argentin, tr\u00e8s proche de Donald Trump (le Tr\u00e9sor am\u00e9ricain est intervenu sur le march\u00e9 des changes pour acheter du peso et emp\u00eacher sa chute), a re\u00e7u les f\u00e9licitations de son alli\u00e9. Ainsi que de l\u2019extr\u00eame droite fran\u00e7aise, d\u2019\u00c9ric Ciotti (UDR) qui a salu\u00e9 son \u00ab\u00a0excellent bilan\u00a0\u00bb \u00e0 Sarah Knafo (Reconqu\u00eate\u00a0!), en passant par le Rassemblement national. \u00ab\u00a0F\u00e9licitations au pr\u00e9sident argentin, ainsi que tous nos v\u0153ux d\u2019encouragement pour redresser cette nation dont nous sommes si proches\u00a0!\u00a0\u00bb, a \u00e9crit le d\u00e9put\u00e9 Fr\u00e9d\u00e9ric Falcon, insistant, comme d\u2019autres sur les r\u00e9sultats \u00e0 rebours des estimations sondagi\u00e8res.<\/p>\n<p class=\"asset asset-text\">Mais l\u2019extr\u00eame droite n\u2019a pas \u00e9t\u00e9 la seule \u00e0 s\u2019en r\u00e9jouir. Guillaume Kasbarian, d\u00e9put\u00e9 d\u2019Eure-et-Loir et ancien ministre a lui aussi estim\u00e9 que cette victoire \u00e9tait une bonne nouvelle, en t\u00e9moigne sa publication sur X o\u00f9 il reprend le nom du parti pr\u00e9sidentiel \u00ab\u00a0La libertad avanza\u00a0\u00bb (La libert\u00e9 avance, ndlr) en f\u00e9licitant le dirigeant argentin.<\/p>\n<p> La lecture de ce contenu est susceptible d\u2019entra\u00eener un d\u00e9p\u00f4t de cookies de la part de l\u2019op\u00e9rateur tiers qui l\u2019h\u00e9berge. Compte-tenu des choix que vous avez exprim\u00e9s en mati\u00e8re de d\u00e9p\u00f4t de cookies, nous avons bloqu\u00e9 l\u2019affichage de ce contenu. Si vous souhaitez y acc\u00e9der, vous devez accepter la cat\u00e9gorie de cookies \u201cContenus tiers\u201d en cliquant sur le bouton ci-dessous. <\/p>\n<p> Lire la Vid\u00e9o        <\/p>\n<p class=\"asset asset-text\">Ce soutien net au pr\u00e9sident proche des id\u00e9es de l\u2019extr\u00eame droite a indign\u00e9 le d\u00e9put\u00e9 socialiste Arnaud Simion. \u00ab\u00a0Irresponsable de la part d\u2019un d\u00e9put\u00e9 qui appartient \u00e0 un parti r\u00e9publicain\u00a0\u00bb, a r\u00e9agi l\u2019\u00e9lu PS. Mais Guillaume Kasbarian n\u2019en est pas \u00e0 sa premi\u00e8re prise de position pol\u00e9mique. En novembre\u00a02024, apr\u00e8s l\u2019\u00e9lection de Donald Trump \u00e0 la Maison Blanche, celui qui \u00e9tait alors ministre de la Fonction Publique avait <a href=\"https:\/\/www.huffingtonpost.fr\/politique\/article\/musk-charge-de-demanteler-l-administration-americaine-kasbarian-ravi-de-pouvoir-travailler-avec-lui_242163.html\" rel=\"nofollow noopener\" target=\"_blank\">f\u00e9licit\u00e9 Elon Musk<\/a> pour sa nomination dans la nouvelle administration am\u00e9ricaine. Alors m\u00eame que les pratiques entrepreneuriales de Musk \u00e9taient de plus en plus controvers\u00e9es, Guillaume Kasbarian l\u2019avait appel\u00e9 \u00e0 \u00ab\u00a0partager les bonnes pratiques\u00a0\u00bb. <a href=\"https:\/\/www.huffingtonpost.fr\/politique\/article\/guillaume-kasbarian-ne-voit-pas-le-probleme-avec-son-tweet-de-felicitations-a-elon-musk_242279.html\" rel=\"nofollow noopener\" target=\"_blank\">Sans jamais voir le probl\u00e8me<\/a>.<\/p>\n","protected":false},"excerpt":{"rendered":"MIGUEL MEDINA \/ AFP Guillaume Kasbarian ici en avril 2024 POLITIQUE &#8211; L\u2019extr\u00eame droite, +1. Ce lundi 27\u00a0octobre,&hellip;\n","protected":false},"author":2,"featured_media":493351,"comment_status":"","ping_status":"","sticky":false,"template":"","format":"standard","meta":{"footnotes":""},"categories":[2],"tags":[11,1076,1011,27,14,5924,12,316,3370,25],"class_list":{"0":"post-493350","1":"post","2":"type-post","3":"status-publish","4":"format-standard","5":"has-post-thumbnail","7":"category-actualites","8":"tag-actualites","9":"tag-extreme-droite","10":"tag-fr","11":"tag-france","12":"tag-international","13":"tag-javier-milei","14":"tag-news","15":"tag-politique","16":"tag-renaissance","17":"tag-republique-francaise"},"share_on_mastodon":{"url":"https:\/\/pubeurope.com\/@fr\/115446685082239062","error":""},"_links":{"self":[{"href":"https:\/\/www.europesays.com\/fr\/wp-json\/wp\/v2\/posts\/493350","targetHints":{"allow":["GET"]}}],"collection":[{"href":"https:\/\/www.europesays.com\/fr\/wp-json\/wp\/v2\/posts"}],"about":[{"href":"https:\/\/www.europesays.com\/fr\/wp-json\/wp\/v2\/types\/post"}],"author":[{"embeddable":true,"href":"https:\/\/www.europesays.com\/fr\/wp-json\/wp\/v2\/users\/2"}],"replies":[{"embeddable":true,"href":"https:\/\/www.europesays.com\/fr\/wp-json\/wp\/v2\/comments?post=493350"}],"version-history":[{"count":0,"href":"https:\/\/www.europesays.com\/fr\/wp-json\/wp\/v2\/posts\/493350\/revisions"}],"wp:featuredmedia":[{"embeddable":true,"href":"https:\/\/www.europesays.com\/fr\/wp-json\/wp\/v2\/media\/493351"}],"wp:attachment":[{"href":"https:\/\/www.europesays.com\/fr\/wp-json\/wp\/v2\/media?parent=493350"}],"wp:term":[{"taxonomy":"category","embeddable":true,"href":"https:\/\/www.europesays.com\/fr\/wp-json\/wp\/v2\/categories?post=493350"},{"taxonomy":"post_tag","embeddable":true,"href":"https:\/\/www.europesays.com\/fr\/wp-json\/wp\/v2\/tags?post=493350"}],"curies":[{"name":"wp","href":"https:\/\/api.w.org\/{rel}","templated":true}]}}