{"id":493352,"date":"2025-10-27T14:49:22","date_gmt":"2025-10-27T14:49:22","guid":{"rendered":"https:\/\/www.europesays.com\/fr\/493352\/"},"modified":"2025-10-27T14:49:22","modified_gmt":"2025-10-27T14:49:22","slug":"un-apres-match-entre-stupeur-et-tremblements-en-attendant-le-successeur-de-franck-azema","status":"publish","type":"post","link":"https:\/\/www.europesays.com\/fr\/493352\/","title":{"rendered":"un apr\u00e8s-match entre stupeur et tremblements, en attendant le successeur de Franck Az\u00e9ma"},"content":{"rendered":"<p>            Par<br \/>\n        <strong><br \/>\n            <a href=\"https:\/\/actu.fr\/auteur\/emilie-dudonfournier\" title=\"Consulter tous les articles de Emilie Dudon-Fournier\" target=\"_blank\" rel=\"noopener\">Emilie Dudon-Fournier<\/a><br \/>\n        <\/strong><\/p>\n<p>        Publi\u00e9 le<\/p>\n<p>            27 oct. 2025 \u00e0 12h11        <\/p>\n<p>Un contraste assourdissant\u2009: alors que les joueurs de<strong> <a href=\"https:\/\/actu.fr\/perpignan\/rugby\" target=\"_blank\" rel=\"noopener\">l\u2019Usap<\/a> <\/strong>avaient d\u00e9barqu\u00e9 \u00e0 Sapiac sous les encouragements retentissants du millier de supporters venus les soutenir, la voix feutr\u00e9e d\u2019un Tommaso Allan liqu\u00e9fi\u00e9 en conf\u00e9rence presse apr\u00e8s le match parlait d\u2019un d\u00e9sarroi palpable jusque dans son souffle.<\/p>\n<p class=\" wall-content\">Comme si cette <strong>8e d\u00e9faite cons\u00e9cutive<\/strong>\u00a0avait aspir\u00e9 toute son \u00e9nergie. Perpignan r\u00e9alise le plus mauvais d\u00e9but de championnat de l\u2019histoire du<a href=\"https:\/\/actu.fr\/rugby\/top-14\" target=\"_blank\" rel=\"noopener\"> Top\u00a014<\/a> et semble s\u2019enfoncer chaque week-end un peu plus.<\/p>\n<p class=\" wall-content\">\n<p class=\" wall-content\">L\u2019arri\u00e8re italien, pourtant, ne donnait pas dans la langue de bois devant la presse\u2009: \u00ab\u2009On s\u2019est parl\u00e9 apr\u00e8s le match, dans le vestiaire. On sait tous la situation d\u2019urgence qu\u2019il y a. C\u2019est dur \u00e0 expliquer\u2009\u00bb, l\u00e2chait-il en r\u00e9ponse \u00e0 la premi\u00e8re question, \u00e9paules basses, regard dans le vague, presque touchant de tristesse et de d\u00e9pit.<\/p>\n<p class=\" wall-content\">\u00ab\u2009On a fait des choses stupides durant le match. Il faut qu\u2019on r\u00e8gle \u00e7a parce qu\u2019on ne peut pas faire tous les matchs comme \u00e7a. Il y a toujours quelque chose qui ne va pas. Aujourd\u2019hui, c\u2019\u00e9tait la discipline. On \u00e9tait nuls. On parlait avec l\u2019arbitre, on encha\u00eenait des fautes\u2026\u2009\u00bb<\/p>\n<p>Perpignan\u2009: Labit pour remplacer Franck Az\u00e9ma\u2009?<\/p>\n<p class=\" wall-content\">En cause notamment, ces 3 cartons jaunes r\u00e9dhibitoires pour quiconque souhaite gagner un match de Top 14, quand bien m\u00eame les Perpignanais ont bataill\u00e9 pour le match nul jusqu\u2019\u00e0 la derni\u00e8re seconde. Tellement insuffisant, ainsi qu\u2019en t\u00e9moignaient les drapeaux jet\u00e9s sur la pelouse par les supporters \u00e0 la fin du match. \u00ab\u2009On a senti leur frustration, c\u2019est normal\u2009\u00bb, reprenait Tommaso Allan. \u00ab\u2009Il faut qu\u2019on assume, qu\u2019on s\u2019am\u00e9liore.\u2009\u00bb<\/p>\n<p class=\" wall-content\">\n<p class=\" wall-content\">Comment Perpignan peut-il se relever\u2009? Quels leviers actionner qui ne l\u2019ont pas \u00e9t\u00e9 avec, notamment, le d\u00e9part de David Marty et G\u00e9rald Bastide\u2009? Dans quelles dispositions entamer cette nouvelle semaine de travail, qui m\u00e8nera au d\u00e9placement \u00e0 Pau samedi, pour pr\u00e9tendre envisager autre chose qu\u2019un 9e revers\u2009?<\/p>\n<p class=\" wall-content\">Le manager Franck Az\u00e9ma n\u2019avait pas la r\u00e9ponse samedi soir\u2009: \u00ab\u2009Si je l\u2019avais, \u00e7a ferait longtemps que je l\u2019aurais appliqu\u00e9e\u2026 Pour l\u2019instant, j\u2019ai besoin de garder le vestiaire fort. C\u2019est important, c\u2019est la base de chaque \u00e9quipe.\u2009\u00bb Depuis ces d\u00e9clarations, des \u00e9changes ont eu lieu entre le technicien et la direction du club dimanche, ce dernier ayant propos\u00e9 de mettre un terme \u00e0 sa mission pourtant contractualis\u00e9e jusqu\u2019\u00e0 juin\u00a02028.<\/p>\n<p>Votre r\u00e9gion, votre actu !<\/p>\n<p>Recevez chaque jour les infos qui comptent pour vous.<\/p>\n<p>\t<a href=\"https:\/\/actu.fr\/newsletter\" class=\"ac-btn ac-btn--corner ac-btn--medium ac-btn--blue800\" target=\"_blank\" rel=\"noopener\">S&rsquo;incrire<\/a><\/p>\n<p>    <img   decoding=\"async\" loading=\"lazy\" src=\"https:\/\/www.europesays.com\/fr\/wp-content\/uploads\/2025\/10\/tommaso-allan-perpignan-rugby-top-14-2025-usap-960x640.jpg\" alt=\"L'arri\u00e8re perpignanais Tommaso Allan \u00e9tait d\u00e9pit\u00e9 en conf\u00e9rence de presse apr\u00e8s la rencontre.\" width=\"960\" height=\"640\"\/><br \/>\n    L\u2019arri\u00e8re perpignanais Tommaso Allan \u00e9tait d\u00e9pit\u00e9 en conf\u00e9rence de presse apr\u00e8s la rencontre. (\u00a9Icon Sport)<\/p>\n<p class=\" wall-content\">Le vestiaire reste soud\u00e9 malgr\u00e9 ces circonstances, assurait Tommaso Allan apr\u00e8s le match\u2009: \u00ab\u2009On ne vit pas mal. Bien s\u00fbr, chaque lundi, on se retrouve apr\u00e8s une d\u00e9faite, ce n\u2019est pas facile. Mais je pense qu\u2019ensemble, on est bien. Il n\u2019y a pas de mauvais mecs.\u2009\u00bb<\/p>\n<p class=\" wall-content\">Reste que \u00ab\u2009ce n\u2019est pas facile d\u2019encha\u00eener chaque lundi apr\u00e8s avoir fait des matchs comme \u00e7a.. On a d\u00e9j\u00e0 parl\u00e9 mais il faut \u00eatre encore plus honn\u00eates entre nous [\u2026] On n\u2019est pas au niveau en ce moment, individuellement et collectivement. Il faut qu\u2019on bosse mieux, que chacun se regarde dans le miroir et r\u00e9fl\u00e9chisse \u00e0 ce qu\u2019il peut faire de mieux pour aider l\u2019\u00e9quipe.\u2009\u00bb<\/p>\n<blockquote class=\"ac-article-quote wall-content\">\n<p>\u00ab\u00a0On n&rsquo;est pas au niveau en ce moment, individuellement et collectivement. Il faut qu&rsquo;on bosse mieux, que chacun se regarde dans le miroir et r\u00e9fl\u00e9chisse \u00e0 ce qu&rsquo;il peut faire de mieux pour aider l&rsquo;\u00e9quipe.\u00a0\u00bb<\/p>\n<p>    <strong>Tommaso Allan<\/strong><br \/>\n        Arri\u00e8re de Perpignan    <\/p><\/blockquote>\n<p class=\" wall-content\">Pour la direction, l\u2019heure n\u2019est plus \u00e0 r\u00e9fl\u00e9chir mais \u00e0 agir. En ce d\u00e9but de semaine, tout le monde attend donc de savoir qui va remplacer Franck Az\u00e9ma \u00e0 la t\u00eate du club. Selon Midi Olympique ce jour, c\u2019est l\u2019ancien coach de Montauban, de Castres, du Racing 92 et des Bleus Laurent Labit qui est pressenti.<\/p>\n<p>18 points de retard sur le premier non-rel\u00e9gable<\/p>\n<p class=\" wall-content\">Les supporters, dont l\u2019attitude \u00e0 Sapiac a \u00e9t\u00e9 salu\u00e9e par Montauban dans un tweet dimanche, attendent de pied ferme. Ils ont d\u2019ores et d\u00e9j\u00e0 d\u00e9cid\u00e9 de solliciter un rendez-vous avec la direction, certains joueurs et de ne pas faire de haie d\u2019honneur au prochain match. Certains parlaient de m\u00eame de ne plus venir au stade.<\/p>\n<p class=\" wall-content\">\u00ab\u2009Comme toujours, on ne va pas l\u00e2cher\u2009\u00bb, assurait aux journalistes Tommaso Allan, comme pour se donner du courage. Avec d\u00e9j\u00e0 7 points de retard sur le 13e et 18e sur le 12e, il en faudra pour tout le monde \u00e0 Perpignan cette saison.<\/p>\n<p class=\" wall-content\">Personnalisez votre actualit\u00e9 en ajoutant vos villes et m\u00e9dias en favori avec <a href=\"https:\/\/moncompte.actu.fr\" title=\"D\u00e9couvez Mon Actu\" rel=\"nofollow noopener\" data-trk=\"{&quot;cta&quot;:{&quot;action&quot;:&quot;https:\\\/\\\/moncompte.actu.fr&quot;,&quot;category&quot;:&quot;mon compte&quot;,&quot;from&quot;:&quot;article footer&quot;,&quot;name&quot;:&quot;Mon actu&quot;,&quot;type&quot;:&quot;cta&quot;}}\" target=\"_blank\">Mon Actu<\/a>.<\/p>\n","protected":false},"excerpt":{"rendered":"Par Emilie Dudon-Fournier Publi\u00e9 le 27 oct. 2025 \u00e0 12h11 Un contraste assourdissant\u2009: alors que les joueurs de&hellip;\n","protected":false},"author":2,"featured_media":493353,"comment_status":"","ping_status":"","sticky":false,"template":"","format":"standard","meta":{"footnotes":""},"categories":[2],"tags":[11,1011,27,12,25,479,60,478,10744],"class_list":{"0":"post-493352","1":"post","2":"type-post","3":"status-publish","4":"format-standard","5":"has-post-thumbnail","7":"category-actualites","8":"tag-actualites","9":"tag-fr","10":"tag-france","11":"tag-news","12":"tag-republique-francaise","13":"tag-rugby","14":"tag-sports","15":"tag-top-14","16":"tag-usap-perpignan"},"share_on_mastodon":{"url":"https:\/\/pubeurope.com\/@fr\/115446689009881140","error":""},"_links":{"self":[{"href":"https:\/\/www.europesays.com\/fr\/wp-json\/wp\/v2\/posts\/493352","targetHints":{"allow":["GET"]}}],"collection":[{"href":"https:\/\/www.europesays.com\/fr\/wp-json\/wp\/v2\/posts"}],"about":[{"href":"https:\/\/www.europesays.com\/fr\/wp-json\/wp\/v2\/types\/post"}],"author":[{"embeddable":true,"href":"https:\/\/www.europesays.com\/fr\/wp-json\/wp\/v2\/users\/2"}],"replies":[{"embeddable":true,"href":"https:\/\/www.europesays.com\/fr\/wp-json\/wp\/v2\/comments?post=493352"}],"version-history":[{"count":0,"href":"https:\/\/www.europesays.com\/fr\/wp-json\/wp\/v2\/posts\/493352\/revisions"}],"wp:featuredmedia":[{"embeddable":true,"href":"https:\/\/www.europesays.com\/fr\/wp-json\/wp\/v2\/media\/493353"}],"wp:attachment":[{"href":"https:\/\/www.europesays.com\/fr\/wp-json\/wp\/v2\/media?parent=493352"}],"wp:term":[{"taxonomy":"category","embeddable":true,"href":"https:\/\/www.europesays.com\/fr\/wp-json\/wp\/v2\/categories?post=493352"},{"taxonomy":"post_tag","embeddable":true,"href":"https:\/\/www.europesays.com\/fr\/wp-json\/wp\/v2\/tags?post=493352"}],"curies":[{"name":"wp","href":"https:\/\/api.w.org\/{rel}","templated":true}]}}