{"id":493354,"date":"2025-10-27T14:50:12","date_gmt":"2025-10-27T14:50:12","guid":{"rendered":"https:\/\/www.europesays.com\/fr\/493354\/"},"modified":"2025-10-27T14:50:12","modified_gmt":"2025-10-27T14:50:12","slug":"la-france-condamne-les-attaques-israeliennes-ayant-vise-une-patrouille-de-la-finul-au-liban","status":"publish","type":"post","link":"https:\/\/www.europesays.com\/fr\/493354\/","title":{"rendered":"La France condamne les attaques isra\u00e9liennes ayant vis\u00e9 une patrouille de la FINUL au Liban"},"content":{"rendered":"<p style=\"text-align:justify;\">AA \/ Istanbul \/ Ilayda Cakirtekin<\/p>\n<p style=\"text-align:justify;\">Le minist\u00e8re fran\u00e7ais des Affaires \u00e9trang\u00e8res a condamn\u00e9, lundi, les r\u00e9centes attaques isra\u00e9liennes ayant vis\u00e9 une patrouille de la Force int\u00e9rimaire des Nations unies au Liban (FINUL).<\/p>\n<p style=\"text-align:justify;\">\u00ab La France condamne les tirs isra\u00e9liens qui ont vis\u00e9 un d\u00e9tachement de la FINUL le 26 octobre 2025. Ces incidents font suite \u00e0 ceux des 1er, 2 et 11 octobre, lorsque l\u2019arm\u00e9e isra\u00e9lienne avait d\u00e9j\u00e0 cibl\u00e9 des positions de la FINUL \u00bb, a indiqu\u00e9 le Quai d&rsquo;Orsay dans un communiqu\u00e9.<\/p>\n<p style=\"text-align:justify;\">Paris a r\u00e9affirm\u00e9 la n\u00e9cessit\u00e9 d\u2019assurer la protection des Casques bleus ainsi que la s\u00e9curit\u00e9 du personnel, des biens et des locaux de l\u2019ONU, conform\u00e9ment au droit international et \u00e0 la r\u00e9solution 1701 du Conseil de s\u00e9curit\u00e9.<\/p>\n<p style=\"text-align:justify;\">La diplomatie fran\u00e7aise a \u00e9galement soulign\u00e9 que la FINUL devait pouvoir exercer pleinement son mandat et sa libert\u00e9 de mouvement.<\/p>\n<p style=\"text-align:justify;\">\u00ab La France rappelle que le respect du cessez-le-feu du 26 novembre 2024 s\u2019impose \u00e0 toutes les parties sans exception, afin de garantir la s\u00e9curit\u00e9 des populations civiles des deux c\u00f4t\u00e9s de la Ligne bleue, et appelle Isra\u00ebl \u00e0 se retirer de l\u2019ensemble du territoire libanais \u00bb, ajoute le communiqu\u00e9.<\/p>\n<p style=\"text-align:justify;\">La FINUL a fait savoir, dimanche, que l&rsquo;une de ses patrouilles avait \u00e9t\u00e9 prise pour cible par une grenade tir\u00e9e depuis un drone isra\u00e9lien et par des tirs de char pr\u00e8s de Kfar Kila, dans le sud du Liban.<\/p>\n<p style=\"text-align:justify;\">Aucun bless\u00e9 ni d\u00e9g\u00e2t mat\u00e9riel n\u2019a \u00e9t\u00e9 signal\u00e9, selon la mission de maintien de la paix, qui a pr\u00e9cis\u00e9 qu\u2019un drone isra\u00e9lien avait survol\u00e9 une autre patrouille dans la m\u00eame zone, poussant les Casques bleus \u00e0 prendre des mesures d\u00e9fensives pour le neutraliser.<\/p>\n<p style=\"text-align:justify;\">Pr\u00e9sente dans le sud du Liban depuis 1978, la FINUL a \u00e9t\u00e9 renforc\u00e9e apr\u00e8s la guerre de 2006 entre Isra\u00ebl et le Hezbollah, conform\u00e9ment \u00e0 la r\u00e9solution 1701 du Conseil de s\u00e9curit\u00e9.<\/p>\n<p style=\"text-align:justify;\">Malgr\u00e9 l\u2019accord de cessez-le-feu de novembre 2024, Isra\u00ebl continue de mener des frappes a\u00e9riennes au Liban en affirmant viser des infrastructures du Hezbollah.<br \/>Selon les termes de la tr\u00eave, l\u2019arm\u00e9e isra\u00e9lienne devait se retirer du sud du Liban avant janvier 2025, mais elle maintient encore une pr\u00e9sence militaire dans cinq avant-postes frontaliers.<\/p>\n<p style=\"text-align:justify;\">*Traduit de l\u2019anglais par Wafae El Baghouani<\/p>\n<p>                            &#13;<br \/>\n                                <a href=\"https:\/\/www.aa.com.tr\/fr\/p\/abonnement\/1001\" target=\"_blank\" style=\"font-size:12px; color:#444; text-decoration:none;\" rel=\"nofollow noopener\">&#13;<br \/>\n                                    Seulement une partie des d\u00e9p\u00eaches, que l&rsquo;Agence Anadolu diffuse \u00e0 ses abonn\u00e9s via le Syst\u00e8me de Diffusion interne (HAS), est diffus\u00e9e sur le site de l&rsquo;AA, de mani\u00e8re r\u00e9sum\u00e9e. <b style=\"color:#1897F7\">Contactez-nous s&rsquo;il vous pla\u00eet pour vous abonner.<\/b>&#13;<br \/>\n                                <\/a>&#13;<\/p>\n","protected":false},"excerpt":{"rendered":"AA \/ Istanbul \/ Ilayda Cakirtekin Le minist\u00e8re fran\u00e7ais des Affaires \u00e9trang\u00e8res a condamn\u00e9, lundi, les r\u00e9centes attaques&hellip;\n","protected":false},"author":2,"featured_media":493355,"comment_status":"","ping_status":"","sticky":false,"template":"","format":"standard","meta":{"footnotes":""},"categories":[4],"tags":[11,1785,61617,1011,27,12404,12,25],"class_list":{"0":"post-493354","1":"post","2":"type-post","3":"status-publish","4":"format-standard","5":"has-post-thumbnail","7":"category-france","8":"tag-actualites","9":"tag-anadolu-ajansi","10":"tag-finul","11":"tag-fr","12":"tag-france","13":"tag-liban","14":"tag-news","15":"tag-republique-francaise"},"share_on_mastodon":{"url":"https:\/\/pubeurope.com\/@fr\/115446692243971732","error":""},"_links":{"self":[{"href":"https:\/\/www.europesays.com\/fr\/wp-json\/wp\/v2\/posts\/493354","targetHints":{"allow":["GET"]}}],"collection":[{"href":"https:\/\/www.europesays.com\/fr\/wp-json\/wp\/v2\/posts"}],"about":[{"href":"https:\/\/www.europesays.com\/fr\/wp-json\/wp\/v2\/types\/post"}],"author":[{"embeddable":true,"href":"https:\/\/www.europesays.com\/fr\/wp-json\/wp\/v2\/users\/2"}],"replies":[{"embeddable":true,"href":"https:\/\/www.europesays.com\/fr\/wp-json\/wp\/v2\/comments?post=493354"}],"version-history":[{"count":0,"href":"https:\/\/www.europesays.com\/fr\/wp-json\/wp\/v2\/posts\/493354\/revisions"}],"wp:featuredmedia":[{"embeddable":true,"href":"https:\/\/www.europesays.com\/fr\/wp-json\/wp\/v2\/media\/493355"}],"wp:attachment":[{"href":"https:\/\/www.europesays.com\/fr\/wp-json\/wp\/v2\/media?parent=493354"}],"wp:term":[{"taxonomy":"category","embeddable":true,"href":"https:\/\/www.europesays.com\/fr\/wp-json\/wp\/v2\/categories?post=493354"},{"taxonomy":"post_tag","embeddable":true,"href":"https:\/\/www.europesays.com\/fr\/wp-json\/wp\/v2\/tags?post=493354"}],"curies":[{"name":"wp","href":"https:\/\/api.w.org\/{rel}","templated":true}]}}