{"id":493360,"date":"2025-10-27T14:54:12","date_gmt":"2025-10-27T14:54:12","guid":{"rendered":"https:\/\/www.europesays.com\/fr\/493360\/"},"modified":"2025-10-27T14:54:12","modified_gmt":"2025-10-27T14:54:12","slug":"insolite-atp-rolex-paris-masters-la-prediction-impressionnante-de-carlos-alcaraz","status":"publish","type":"post","link":"https:\/\/www.europesays.com\/fr\/493360\/","title":{"rendered":"Insolite, ATP &#8211; Rolex Paris Masters > La pr\u00e9diction impressionnante de Carlos Alcaraz"},"content":{"rendered":"<p>Carlos Alcaraz est un visionnaire.<\/p>\n<p>En tant de fan du Real Madrid, l\u2019Espagnol a \u00e9t\u00e9 invit\u00e9 \u00e0 donner son pronostic avant le fameux Clasico entre son club de coeur et le FC Barcelone, qui s\u2019est tenu ce dimanche.<\/p>\n<p>Et non seule\u00adment Carlitos a eu tout bon sur le r\u00e9sultat du match mais \u00e9gale\u00adment sur le nom des buteurs c\u00f4t\u00e9 madril\u00e8nes.\u00a0<\/p>\n<blockquote class=\"twitter-tweet\">\n<p lang=\"en\" dir=\"ltr\">\ud83d\udde3\ufe0f Carlos Alcaraz\u00a0: \u201cPredictions\u202f? I think 2\u20131 Real Madrid. Kylian &amp; Jude to score.\u201d <a href=\"https:\/\/t.co\/8jQg53PdIj\" data-wpel-link=\"external\" target=\"_blank\" rel=\"nofollow external noopener\">pic.twitter.com\/8jQg53PdIj<\/a><\/p>\n<p>\u2014 Madrid Xtra (@MadridXtra) <a href=\"https:\/\/twitter.com\/MadridXtra\/status\/1982444156220780816?ref_src=twsrc%5Etfw\" data-wpel-link=\"external\" target=\"_blank\" rel=\"nofollow external noopener\">October 26,\u00a02025<\/a><\/p><\/blockquote>\n<p><strong>\u00ab\u202fMon pronostic\u202f? Je dirais 2\u20131 pour le Real Madrid avec des buts de Kylian (Mbapp\u00e9) et Jude (Belligham)\u202f\u00bb<\/strong>, a d\u00e9clar\u00e9 le num\u00e9ro 1 mondial quelques heures avant la rencontre.\u00a0<\/p>\n<p class=\"post-published-date\" style=\"color: silver; font-size: 75%; text-align: left;\">Publi\u00e9 le lundi 27 octobre 2025 \u00e0 14:56<\/p>\n<p><script async src=\"https:\/\/platform.twitter.com\/widgets.js\" charset=\"utf-8\"><\/script><\/p>\n","protected":false},"excerpt":{"rendered":"Carlos Alcaraz est un visionnaire. En tant de fan du Real Madrid, l\u2019Espagnol a \u00e9t\u00e9 invit\u00e9 \u00e0 donner&hellip;\n","protected":false},"author":2,"featured_media":490272,"comment_status":"","ping_status":"","sticky":false,"template":"","format":"standard","meta":{"footnotes":""},"categories":[1415],"tags":[1744,1011,27,60,1467],"class_list":{"0":"post-493360","1":"post","2":"type-post","3":"status-publish","4":"format-standard","5":"has-post-thumbnail","7":"category-tennis","8":"tag-alcaraz","9":"tag-fr","10":"tag-france","11":"tag-sports","12":"tag-tennis"},"share_on_mastodon":{"url":"https:\/\/pubeurope.com\/@fr\/115446707827343203","error":""},"_links":{"self":[{"href":"https:\/\/www.europesays.com\/fr\/wp-json\/wp\/v2\/posts\/493360","targetHints":{"allow":["GET"]}}],"collection":[{"href":"https:\/\/www.europesays.com\/fr\/wp-json\/wp\/v2\/posts"}],"about":[{"href":"https:\/\/www.europesays.com\/fr\/wp-json\/wp\/v2\/types\/post"}],"author":[{"embeddable":true,"href":"https:\/\/www.europesays.com\/fr\/wp-json\/wp\/v2\/users\/2"}],"replies":[{"embeddable":true,"href":"https:\/\/www.europesays.com\/fr\/wp-json\/wp\/v2\/comments?post=493360"}],"version-history":[{"count":0,"href":"https:\/\/www.europesays.com\/fr\/wp-json\/wp\/v2\/posts\/493360\/revisions"}],"wp:featuredmedia":[{"embeddable":true,"href":"https:\/\/www.europesays.com\/fr\/wp-json\/wp\/v2\/media\/490272"}],"wp:attachment":[{"href":"https:\/\/www.europesays.com\/fr\/wp-json\/wp\/v2\/media?parent=493360"}],"wp:term":[{"taxonomy":"category","embeddable":true,"href":"https:\/\/www.europesays.com\/fr\/wp-json\/wp\/v2\/categories?post=493360"},{"taxonomy":"post_tag","embeddable":true,"href":"https:\/\/www.europesays.com\/fr\/wp-json\/wp\/v2\/tags?post=493360"}],"curies":[{"name":"wp","href":"https:\/\/api.w.org\/{rel}","templated":true}]}}