{"id":493365,"date":"2025-10-27T15:00:16","date_gmt":"2025-10-27T15:00:16","guid":{"rendered":"https:\/\/www.europesays.com\/fr\/493365\/"},"modified":"2025-10-27T15:00:16","modified_gmt":"2025-10-27T15:00:16","slug":"ca-ne-se-soigne-pas-jerome-anthony-fait-une-annonce-inattendue","status":"publish","type":"post","link":"https:\/\/www.europesays.com\/fr\/493365\/","title":{"rendered":"\u00ab\u00a0\u00c7a ne se soigne pas\u00a0\u00bb, J\u00e9r\u00f4me Anthony fait une annonce inattendue"},"content":{"rendered":"<p>Il fait partie de ces visages t\u00e9l\u00e9vis\u00e9s qu\u2019on a l\u2019impression de conna\u00eetre depuis toujours. Animateur embl\u00e9matique du groupe M6, complice de Cyril Lignac dans Tous en cuisine, mais aussi chanteur dans l\u2019\u00e2me, <strong>J\u00e9r\u00f4me Anthony<\/strong> est de retour sur le devant de la sc\u00e8ne avec de nouveaux projets\u2026 et quelques confidences tr\u00e8s personnelles. \u00c0 l\u2019occasion d\u2019une interview pour T\u00e9l\u00e9-Loisirs, il s\u2019est livr\u00e9 comme rarement, r\u00e9v\u00e9lant dix secrets in\u00e9dits sur sa vie et sa carri\u00e8re. Et au d\u00e9tour d\u2019une r\u00e9ponse, l\u2019animateur a fait <strong>une annonce qui a beaucoup fait r\u00e9agir. <\/strong><\/p>\n<p>Une figure incontournable de M6 et de W9<\/p>\n<p>Depuis plus de vingt ans, <strong>J\u00e9r\u00f4me Anthony<\/strong> fait partie du paysage audiovisuel fran\u00e7ais. Son \u00e9nergie, son humour et sa bienveillance en ont fait l\u2019un des animateurs pr\u00e9f\u00e9r\u00e9s du public. Qu\u2019il s\u2019agisse de Tous en cuisine <a href=\"https:\/\/www.public.fr\/desole-mais-il-ny-a-pas-dautre-mot-cyril-lignac-son-acolyte-jerome-anthony-revele-tout-des-coulisses-de-leur-collaboration\" rel=\"nofollow noopener\" target=\"_blank\">aux c\u00f4t\u00e9s du chef Cyril Lignac<\/a>, d\u2019\u00e9missions musicales comme Un air de star ou de formats plus atypiques tels que Un tr\u00e9sor dans votre maison, il a toujours su <strong>se r\u00e9inventer sans jamais se prendre au s\u00e9rieux<\/strong>.<\/p>\n<p>Aujourd\u2019hui, alors que Tous en cuisine marque une pause sur M6, J\u00e9r\u00f4me Anthony ne s\u2019accorde pas de repos pour autant. Il vient d\u2019int\u00e9grer la bande de l\u2019\u00e9mission Tout beau, tout neuf sur W9 et pr\u00e9pare la sortie de <a href=\"https:\/\/www.public.fr\/jerome-anthony-je-realise-mon-reve-de-gosse\" rel=\"nofollow noopener\" target=\"_blank\"><strong>son premier album de chansons originales<\/strong>,<\/a> pr\u00e9vue pour janvier prochain. Un r\u00eave de longue date pour celui qui n\u2019a jamais cach\u00e9 son amour de la musique.<\/p>\n<p>\u00ab\u00a0Je suis stress\u00e9, \u00e7a ne se soigne pas !\u00a0\u00bb<\/p>\n<p>Au fil de l\u2019interview, J\u00e9r\u00f4me Anthony s\u2019est pr\u00eat\u00e9 au jeu des confidences l\u00e9g\u00e8res et sinc\u00e8res. Lorsqu\u2019on lui demande quel est son plus grand d\u00e9faut, il ne cherche pas \u00e0 dissimuler : \u00ab Je suis stress\u00e9, autant dans la vie perso que pro. \u00c7a ne se soigne pas ! \u00bb. <\/p>\n<p>Une phrase \u00e0 la fois lucide et pleine d\u2019autod\u00e9rision, typique de sa personnalit\u00e9. L\u2019animateur confie vivre constamment avec cette tension int\u00e9rieure, qu\u2019il consid\u00e8re d\u00e9sormais comme <strong>une partie int\u00e9grante de son \u00e9quilibre<\/strong>. \u00ab M\u00eame quand tout va bien, j\u2019ai besoin de ce petit stress. C\u2019est ce qui me fait avancer \u00bb, admet-il.<\/p>\n<p>Un aveu qui en dit long sur la mani\u00e8re dont il appr\u00e9hende son m\u00e9tier. Toujours sur la br\u00e8che, perfectionniste et soucieux du d\u00e9tail, J\u00e9r\u00f4me Anthony reconna\u00eet que ce stress permanent peut \u00eatre \u00e9puisant\u2026 mais aussi stimulant.<\/p>\n<p>Une phobie n\u00e9e sur un tournage<\/p>\n<p>Si le stress ne le quitte jamais, une autre peur bien r\u00e9elle s\u2019est install\u00e9e dans sa vie depuis plusieurs ann\u00e9es : <strong>le vertige<\/strong>.<\/p>\n<blockquote class=\"wp-block-quote is-layout-flow wp-block-quote-is-layout-flow\">\n<p>\u00ab Il s\u2019est d\u00e9clench\u00e9 il y a une dizaine d\u2019ann\u00e9es sur le tournage d\u2019Un tr\u00e9sor dans votre maison. On \u00e9tait en haut d\u2019une tour, et comme il ne se passait pas grand-chose, j\u2019ai propos\u00e9 de simuler le vertige pour la cam\u00e9ra. Depuis, je ne m\u2019en suis jamais remis ! \u00bb<\/p>\n<\/blockquote>\n<p>Une anecdote amusante, mais r\u00e9v\u00e9latrice : le cerveau, dit-il, \u00ab est incroyable \u00bb. Ce jour-l\u00e0, ce qui devait \u00eatre une simple blague est devenu une v\u00e9ritable phobie. Une preuve que, m\u00eame dans un m\u00e9tier o\u00f9 tout semble ma\u00eetris\u00e9, <strong>les \u00e9motions peuvent parfois prendre le dessus<\/strong>.<\/p>\n<p>\n          Hits &amp; People en continu\n        <\/p>\n<p>\n          Public Radio\n        <\/p>\n<p>      Mentionn\u00e9s dans cet article<\/p>\n<p>      Sur le m\u00eame sujet<\/p>\n","protected":false},"excerpt":{"rendered":"Il fait partie de ces visages t\u00e9l\u00e9vis\u00e9s qu\u2019on a l\u2019impression de conna\u00eetre depuis toujours. Animateur embl\u00e9matique du groupe&hellip;\n","protected":false},"author":2,"featured_media":493366,"comment_status":"","ping_status":"","sticky":false,"template":"","format":"standard","meta":{"footnotes":""},"categories":[1359],"tags":[58,61619,59,1011,27,2173,31153,973,61618],"class_list":{"0":"post-493365","1":"post","2":"type-post","3":"status-publish","4":"format-standard","5":"has-post-thumbnail","7":"category-people","8":"tag-divertissement","9":"tag-en-direct-avec-cyril-lignac","10":"tag-entertainment","11":"tag-fr","12":"tag-france","13":"tag-interview","14":"tag-jerome-anthony","15":"tag-people","16":"tag-tous-en-cuisine"},"share_on_mastodon":{"url":"https:\/\/pubeurope.com\/@fr\/115446731455362347","error":""},"_links":{"self":[{"href":"https:\/\/www.europesays.com\/fr\/wp-json\/wp\/v2\/posts\/493365","targetHints":{"allow":["GET"]}}],"collection":[{"href":"https:\/\/www.europesays.com\/fr\/wp-json\/wp\/v2\/posts"}],"about":[{"href":"https:\/\/www.europesays.com\/fr\/wp-json\/wp\/v2\/types\/post"}],"author":[{"embeddable":true,"href":"https:\/\/www.europesays.com\/fr\/wp-json\/wp\/v2\/users\/2"}],"replies":[{"embeddable":true,"href":"https:\/\/www.europesays.com\/fr\/wp-json\/wp\/v2\/comments?post=493365"}],"version-history":[{"count":0,"href":"https:\/\/www.europesays.com\/fr\/wp-json\/wp\/v2\/posts\/493365\/revisions"}],"wp:featuredmedia":[{"embeddable":true,"href":"https:\/\/www.europesays.com\/fr\/wp-json\/wp\/v2\/media\/493366"}],"wp:attachment":[{"href":"https:\/\/www.europesays.com\/fr\/wp-json\/wp\/v2\/media?parent=493365"}],"wp:term":[{"taxonomy":"category","embeddable":true,"href":"https:\/\/www.europesays.com\/fr\/wp-json\/wp\/v2\/categories?post=493365"},{"taxonomy":"post_tag","embeddable":true,"href":"https:\/\/www.europesays.com\/fr\/wp-json\/wp\/v2\/tags?post=493365"}],"curies":[{"name":"wp","href":"https:\/\/api.w.org\/{rel}","templated":true}]}}