{"id":493375,"date":"2025-10-27T15:06:18","date_gmt":"2025-10-27T15:06:18","guid":{"rendered":"https:\/\/www.europesays.com\/fr\/493375\/"},"modified":"2025-10-27T15:06:18","modified_gmt":"2025-10-27T15:06:18","slug":"ce-symptome-jusque-la-meconnu-se-manifesterait-plusieurs-annees-avant-les-pertes-de-memoire","status":"publish","type":"post","link":"https:\/\/www.europesays.com\/fr\/493375\/","title":{"rendered":"ce sympt\u00f4me jusque-l\u00e0 m\u00e9connu se manifesterait plusieurs ann\u00e9es avant les pertes de m\u00e9moire"},"content":{"rendered":"<p class=\"mb-4 text-lg md:leading-8 break-words\">En France, 900 000 personnes sont atteintes de la maladie Alzheimer. D&rsquo;apr\u00e8s <a data-i13n=\"cpos:1;pos:1\" href=\"https:\/\/www.brighamandwomens.org\/about-bwh\/newsroom\/press-releases-detail?id=4814\" rel=\"nofollow noopener\" target=\"_blank\" data-ylk=\"slk:une r\u00e9cente \u00e9tude am\u00e9ricaine publi\u00e9e en septembre 2024;cpos:1;pos:1;elm:context_link;itc:0;sec:content-canvas\" class=\"link \">une r\u00e9cente \u00e9tude am\u00e9ricaine publi\u00e9e en septembre 2024<\/a>, il existerait un sympt\u00f4me qui pourrait appara\u00eetre des ann\u00e9es avant les pertes de m\u00e9moire. Dans le cadre de cette \u00e9tude, les dossiers de 2 453 655 personnes ont \u00e9t\u00e9 analys\u00e9s par l&rsquo;\u00e9quipe.<\/p>\n<p class=\"mb-4 text-lg md:leading-8 break-words\"><strong>LIRE AUSSI &gt;&gt;<\/strong> <a data-i13n=\"cpos:2;pos:1\" href=\"https:\/\/fr.news.yahoo.com\/alzheimer-5-habitudes-retarder-apparition-maladie-101023538.html\" data-ylk=\"slk:Cinq habitudes \u00e0 prendre pour retarder l\u2019apparition de la maladie d\u2019Alzheimer;cpos:2;pos:1;elm:context_link;itc:0;sec:content-canvas;outcm:mb_qualified_link;_E:mb_qualified_link;ct:story;\" class=\"link  yahoo-link\" target=\"_blank\" rel=\"noopener\">Cinq habitudes \u00e0 prendre pour retarder l\u2019apparition de la maladie d\u2019Alzheimer<\/a><\/p>\n<p class=\"mb-4 text-lg md:leading-8 break-words\">Gr\u00e2ce \u00e0 cette vaste enqu\u00eate, les chercheurs ont remarqu\u00e9 que la d\u00e9mence \u00e9tait plus fr\u00e9quemment diagnostiqu\u00e9e dans l\u2019ann\u00e9e qui suit une chute par rapport \u00e0 d\u2019autres types de blessures. D&rsquo;apr\u00e8s les conclusions de cette \u00e9tude, 10,6 % des patients ayant subi une chute ont ensuite re\u00e7u un diagnostic de d\u00e9mence. Par rapport \u00e0 d\u2019autres types de blessures, les chutes \u00e9taient associ\u00e9es \u00e0 un risque accru de 21 % de diagnostic futur de d\u00e9mence.<\/p>\n<p>Perte de fonction motrice<\/p>\n<p class=\"mb-4 text-lg md:leading-8 break-words\">\u00ab\u00a0Je vois souvent des patients admis apr\u00e8s des chutes, qui comptent parmi les causes les plus fr\u00e9quentes d&rsquo;admission en centre de traumatologie et peuvent entra\u00eener des blessures graves. Cela soul\u00e8ve une question importante : pourquoi ces chutes se produisent-elles ?\u00a0\u00bb, interroge le Dr Alexander Ordoobadi, auteur principal de cette \u00e9tude et m\u00e9decin r\u00e9sident au d\u00e9partement de chirurgie de l&rsquo;h\u00f4pital Brigham. Et d&rsquo;ajouter : \u00ab\u00a0Nous traitons les blessures et proposons des services de r\u00e9adaptation, mais nous n\u00e9gligeons souvent les facteurs de risque sous-jacents qui contribuent aux chutes, malgr\u00e9 un nombre croissant de preuves sugg\u00e9rant un lien entre chutes et d\u00e9clin cognitif\u00a0\u00bb. Les conclusions de cette \u00e9tude am\u00e9ricaine ont \u00e9t\u00e9 publi\u00e9es <a data-i13n=\"cpos:4;pos:1\" href=\"https:\/\/jamanetwork.com\/journals\/jamanetworkopen\/fullarticle\/2824208\" rel=\"nofollow noopener\" target=\"_blank\" data-ylk=\"slk:dans la revue sp\u00e9cialis\u00e9e JAMA;cpos:4;pos:1;elm:context_link;itc:0;sec:content-canvas\" class=\"link \">dans la revue sp\u00e9cialis\u00e9e JAMA<\/a><\/p>\n<p class=\"mb-4 text-lg md:leading-8 break-words\">Alors, comment expliquer le lien ? D&rsquo;apr\u00e8s les conclusions de cette vaste analyse, les blessures li\u00e9es aux chutes sont corr\u00e9l\u00e9es aux troubles cognitifs chez les personnes \u00e2g\u00e9es. En effet, la perte de fonction motrice repr\u00e9sente un signe avant-coureur fr\u00e9quent du d\u00e9clin cognitif. \u00ab\u00a0Le d\u00e9clin cognitif peut augmenter le risque de chutes, mais les traumatismes li\u00e9s \u00e0 ces chutes peuvent \u00e9galement acc\u00e9l\u00e9rer la progression de la d\u00e9mence et augmenter la probabilit\u00e9 d&rsquo;un diagnostic ult\u00e9rieur\u00a0\u00bb, d\u00e9taille l&rsquo;auteure principale, Molly Jarman, professeure adjointe au d\u00e9partement de chirurgie et directrice adjointe du Centre de chirurgie et de sant\u00e9 publique de l&rsquo;h\u00f4pital Brigham.<\/p>\n<p class=\"mb-4 text-lg md:leading-8 break-words\"><strong>LIRE AUSSI &gt;&gt; <\/strong><a data-i13n=\"cpos:5;pos:1\" href=\"https:\/\/fr.news.yahoo.com\/alzheimer--je-suis-medecin-voici-les-10-signes-precoces-de-la-maladie-que-vous-ne-devriez-pas-ignorer-104949670.html\" data-ylk=\"slk:Alzheimer : &quot;Je suis m\u00e9decin, voici les 10 signes pr\u00e9coces de la maladie que vous ne devriez pas ignorer&quot;;cpos:5;pos:1;elm:context_link;itc:0;sec:content-canvas;outcm:mb_qualified_link;_E:mb_qualified_link;ct:story;\" class=\"link  yahoo-link\" target=\"_blank\" rel=\"noopener\">Alzheimer : \u00ab\u00a0Je suis m\u00e9decin, voici les 10 signes pr\u00e9coces de la maladie que vous ne devriez pas ignorer\u00a0\u00bb<\/a><\/p>\n<p class=\"mb-4 text-lg md:leading-8 break-words\">Avant de compl\u00e9ter : \u00ab\u00a0Le d\u00e9clin cognitif peut augmenter la probabilit\u00e9 de chutes, mais le traumatisme caus\u00e9 par ces chutes peut \u00e9galement acc\u00e9l\u00e9rer la progression de la d\u00e9mence et rendre un diagnostic plus probable par la suite\u00a0\u00bb. Pour les auteurs de cette \u00e9tude, les chutes peuvent agir comme des \u00e9v\u00e9nements pr\u00e9curseurs qui peuvent aider \u00e0 identifier les personnes qui ont besoin d\u2019un d\u00e9pistage cognitif plus approfondi.<\/p>\n<p class=\"mb-4 text-lg md:leading-8 break-words\">G\u00e9n\u00e9ralement, la maladie appara\u00eet rarement avant l&rsquo;\u00e2ge de 65 ans. \u00ab\u00a0Apr\u00e8s cet \u00e2ge, sa fr\u00e9quence s\u2019\u00e9l\u00e8ve \u00e0 2 \u00e0 4 % de la population g\u00e9n\u00e9rale et augmente rapidement pour atteindre 23 % de la population \u00e0 80 ans\u00a0\u00bb, rapporte l&rsquo;Inserm.<\/p>\n","protected":false},"excerpt":{"rendered":"En France, 900 000 personnes sont atteintes de la maladie Alzheimer. D&rsquo;apr\u00e8s une r\u00e9cente \u00e9tude am\u00e9ricaine publi\u00e9e en&hellip;\n","protected":false},"author":2,"featured_media":493376,"comment_status":"","ping_status":"","sticky":false,"template":"","format":"standard","meta":{"footnotes":""},"categories":[10],"tags":[61620,1011,27,72,61622,61621,277,40596,71],"class_list":{"0":"post-493375","1":"post","2":"type-post","3":"status-publish","4":"format-standard","5":"has-post-thumbnail","7":"category-sante","8":"tag-departement-de-chirurgie","9":"tag-fr","10":"tag-france","11":"tag-health","12":"tag-les-chutes","13":"tag-maladie-alzheimer","14":"tag-maladie-dalzheimer","15":"tag-pertes-de-memoire","16":"tag-sante"},"share_on_mastodon":{"url":"https:\/\/pubeurope.com\/@fr\/115446755197405188","error":""},"_links":{"self":[{"href":"https:\/\/www.europesays.com\/fr\/wp-json\/wp\/v2\/posts\/493375","targetHints":{"allow":["GET"]}}],"collection":[{"href":"https:\/\/www.europesays.com\/fr\/wp-json\/wp\/v2\/posts"}],"about":[{"href":"https:\/\/www.europesays.com\/fr\/wp-json\/wp\/v2\/types\/post"}],"author":[{"embeddable":true,"href":"https:\/\/www.europesays.com\/fr\/wp-json\/wp\/v2\/users\/2"}],"replies":[{"embeddable":true,"href":"https:\/\/www.europesays.com\/fr\/wp-json\/wp\/v2\/comments?post=493375"}],"version-history":[{"count":0,"href":"https:\/\/www.europesays.com\/fr\/wp-json\/wp\/v2\/posts\/493375\/revisions"}],"wp:featuredmedia":[{"embeddable":true,"href":"https:\/\/www.europesays.com\/fr\/wp-json\/wp\/v2\/media\/493376"}],"wp:attachment":[{"href":"https:\/\/www.europesays.com\/fr\/wp-json\/wp\/v2\/media?parent=493375"}],"wp:term":[{"taxonomy":"category","embeddable":true,"href":"https:\/\/www.europesays.com\/fr\/wp-json\/wp\/v2\/categories?post=493375"},{"taxonomy":"post_tag","embeddable":true,"href":"https:\/\/www.europesays.com\/fr\/wp-json\/wp\/v2\/tags?post=493375"}],"curies":[{"name":"wp","href":"https:\/\/api.w.org\/{rel}","templated":true}]}}