{"id":493381,"date":"2025-10-27T15:10:15","date_gmt":"2025-10-27T15:10:15","guid":{"rendered":"https:\/\/www.europesays.com\/fr\/493381\/"},"modified":"2025-10-27T15:10:15","modified_gmt":"2025-10-27T15:10:15","slug":"lancement-de-free-tv-france-tv-et-tf1-denoncent-une-initiative-unilaterale-27-10-2025-a-1514","status":"publish","type":"post","link":"https:\/\/www.europesays.com\/fr\/493381\/","title":{"rendered":"Lancement de Free TV: France TV et TF1 d\u00e9noncent une \u00ab\u00a0initiative unilat\u00e9rale\u00a0\u00bb &#8211; 27\/10\/2025 \u00e0 15:14"},"content":{"rendered":"<p>        <img fetchpriority=\"high\" decoding=\"async\" src=\"https:\/\/www.europesays.com\/fr\/wp-content\/uploads\/2025\/10\/63b4f573ca09412104e2b8cc2b2a4919-760x507.jpg\" alt=\"France T\u00e9l\u00e9visions et TF1 se sont \u00e9lev\u00e9s lundi contre le lancement de Free TV, offre de &quot;streaming&quot; gratuite de l'op\u00e9rateur Free qui reprend leurs cha\u00eenes et contenus &quot;sans concertation pr\u00e9alable&quot; et sans r\u00e9mun\u00e9ration ( AFP \/ Martin LELIEVRE )\" loading=\"eager\" width=\"760\" height=\"507\" style=\"max-width: 100%!important; height: auto;\"\/><\/p>\n<p class=\"c-image-news__legend\">France T\u00e9l\u00e9visions et TF1 se sont \u00e9lev\u00e9s lundi contre le lancement de Free TV, offre de \u00ab\u00a0streaming\u00a0\u00bb gratuite de l&rsquo;op\u00e9rateur Free qui reprend leurs cha\u00eenes et contenus \u00ab\u00a0sans concertation pr\u00e9alable\u00a0\u00bb et sans r\u00e9mun\u00e9ration ( AFP \/ Martin LELIEVRE )<\/p>\n<p>\n France T\u00e9l\u00e9visions et<br \/>\n <a href=\"https:\/\/www.boursorama.com\/cours\/1rPTFI\/\" rel=\"nofollow noopener\" target=\"_blank\"><br \/>\n  TF1<br \/>\n <\/a><br \/>\n se sont \u00e9lev\u00e9s lundi contre le lancement de Free TV, offre de \u00ab\u00a0streaming\u00a0\u00bb gratuite de l&rsquo;op\u00e9rateur Free qui reprend leurs cha\u00eenes et contenus \u00ab\u00a0sans concertation pr\u00e9alable\u00a0\u00bb et sans r\u00e9mun\u00e9ration.\n<\/p>\n<p>\n \u00ab\u00a0Cette m\u00e9thode brutale et unilat\u00e9rale t\u00e9moigne d&rsquo;un m\u00e9pris des droits des ayants droit cr\u00e9ateurs et acteurs du secteur audiovisuel et de leurs partenaires commerciaux\u00a0\u00bb, critiquent le groupe public et le groupe priv\u00e9 dans un communiqu\u00e9 commun.\n<\/p>\n<p>\n Ils \u00ab\u00a0appellent les pouvoirs publics et l&rsquo;Arcom (le r\u00e9gulateur de l&rsquo;audiovisuel, ndlr) \u00e0 examiner avec la plus grande attention cette initiative qui d\u00e9stabilise l&rsquo;ensemble de l&rsquo;\u00e9cosyst\u00e8me\u00a0\u00bb.\n<\/p>\n<p>\n Interrog\u00e9 par l&rsquo;AFP \u00e0 la suite de ces protestations, Free a indiqu\u00e9 que ses contrats avec TF1 et France TV lui \u00ab\u00a0permettent bien de distribuer leurs cha\u00eenes\u00a0\u00bb.\n<\/p>\n<p>\n \u00ab\u00a0Nous sommes partenaires avec ces \u00e9diteurs et avec les ayants droits depuis plus de vingt ans\u00a0\u00bb et \u00ab\u00a0collaborons sans cesse\u00a0\u00bb pour \u00ab\u00a0garantir l&rsquo;accessibilit\u00e9 de leurs contenus en tenant compte de l&rsquo;\u00e9volution des usages et du paysage audiovisuel\u00a0\u00bb, insiste Free, qui assure avoir \u00ab\u00a0\u00e0 c\u0153ur de pr\u00e9server le dialogue avec (ses) partenaires\u00a0\u00bb.\n<\/p>\n<p>\n Lanc\u00e9 mardi dernier, Free TV regroupe plus de 170 cha\u00eenes de t\u00e9l\u00e9vision ainsi que des films et programmes en replay. La nouvelle offre, accessible aux abonn\u00e9s Free comme aux non-abonn\u00e9s, est compl\u00e9t\u00e9e par une version payante pour davantage de contenus. Elle est pr\u00e9sent\u00e9e par l&rsquo;entreprise de Xavier Niel comme \u00ab\u00a0la plus grande offre TV gratuite de France\u00a0\u00bb.\n<\/p>\n<p>\n Face \u00e0 \u00ab\u00a0la dispersion croissante des cha\u00eenes et des plateformes\u00a0\u00bb, il s&rsquo;agit de \u00ab\u00a0rendre un maximum de contenus accessibles au plus grand nombre \u00e0 travers une plateforme unique dans l&rsquo;int\u00e9r\u00eat de tous\u00a0\u00bb, a affirm\u00e9 Free lundi.\n<\/p>\n<p>\n TF1 et France T\u00e9l\u00e9 soulignent qu&rsquo;eux-m\u00eames \u00ab\u00a0se transforment pour embrasser les nouveaux usages et investissent massivement dans leurs applications TF1+ et France.tv dans le but d&rsquo;assurer une exp\u00e9rience utilisateur et \u00e9ditoriale de qualit\u00e9 et des revenus suffisants pour permettre le financement des contenus\u00a0\u00bb.\n<\/p>\n<p>\n Or \u00ab\u00a0avec cette nouvelle offre, Free s&rsquo;approprie les services des groupes TF1 et France T\u00e9l\u00e9visions sans porter une d\u00e9marche concert\u00e9e visant \u00e0 s\u00e9curiser leurs valorisations et leurs mon\u00e9tisations\u00a0\u00bb.\n<\/p>\n<p>\n \u00ab\u00a0Une telle pratique remet en cause la strat\u00e9gie de d\u00e9veloppement et les ressources disponibles des \u00e9diteurs pour financer la cr\u00e9ation\u00a0\u00bb, insistent les deux groupes, dans un contexte budg\u00e9taire tendu pour le secteur.<\/p>\n","protected":false},"excerpt":{"rendered":"France T\u00e9l\u00e9visions et TF1 se sont \u00e9lev\u00e9s lundi contre le lancement de Free TV, offre de \u00ab\u00a0streaming\u00a0\u00bb gratuite&hellip;\n","protected":false},"author":2,"featured_media":493382,"comment_status":"","ping_status":"","sticky":false,"template":"","format":"standard","meta":{"footnotes":""},"categories":[6],"tags":[400,398,408,35,405,33,34,1011,27,403,402,399,404,401,406,407],"class_list":{"0":"post-493381","1":"post","2":"type-post","3":"status-publish","4":"format-standard","5":"has-post-thumbnail","7":"category-economie","8":"tag-action-cac-40","9":"tag-bourse-de-paris","10":"tag-boursorama","11":"tag-business","12":"tag-cotations","13":"tag-economie","14":"tag-economy","15":"tag-fr","16":"tag-france","17":"tag-indices-devises","18":"tag-investir","19":"tag-investissement","20":"tag-marche-boursier","21":"tag-sicav","22":"tag-trackers","23":"tag-warrants"},"share_on_mastodon":{"url":"https:\/\/pubeurope.com\/@fr\/115446771385235109","error":""},"_links":{"self":[{"href":"https:\/\/www.europesays.com\/fr\/wp-json\/wp\/v2\/posts\/493381","targetHints":{"allow":["GET"]}}],"collection":[{"href":"https:\/\/www.europesays.com\/fr\/wp-json\/wp\/v2\/posts"}],"about":[{"href":"https:\/\/www.europesays.com\/fr\/wp-json\/wp\/v2\/types\/post"}],"author":[{"embeddable":true,"href":"https:\/\/www.europesays.com\/fr\/wp-json\/wp\/v2\/users\/2"}],"replies":[{"embeddable":true,"href":"https:\/\/www.europesays.com\/fr\/wp-json\/wp\/v2\/comments?post=493381"}],"version-history":[{"count":0,"href":"https:\/\/www.europesays.com\/fr\/wp-json\/wp\/v2\/posts\/493381\/revisions"}],"wp:featuredmedia":[{"embeddable":true,"href":"https:\/\/www.europesays.com\/fr\/wp-json\/wp\/v2\/media\/493382"}],"wp:attachment":[{"href":"https:\/\/www.europesays.com\/fr\/wp-json\/wp\/v2\/media?parent=493381"}],"wp:term":[{"taxonomy":"category","embeddable":true,"href":"https:\/\/www.europesays.com\/fr\/wp-json\/wp\/v2\/categories?post=493381"},{"taxonomy":"post_tag","embeddable":true,"href":"https:\/\/www.europesays.com\/fr\/wp-json\/wp\/v2\/tags?post=493381"}],"curies":[{"name":"wp","href":"https:\/\/api.w.org\/{rel}","templated":true}]}}