{"id":493387,"date":"2025-10-27T15:13:14","date_gmt":"2025-10-27T15:13:14","guid":{"rendered":"https:\/\/www.europesays.com\/fr\/493387\/"},"modified":"2025-10-27T15:13:14","modified_gmt":"2025-10-27T15:13:14","slug":"un-seisme-de-magnitude-65-secoue-larchipel","status":"publish","type":"post","link":"https:\/\/www.europesays.com\/fr\/493387\/","title":{"rendered":"Un s\u00e9isme de magnitude 6,5 secoue l\u2019archipel"},"content":{"rendered":"<p>Un <a href=\"https:\/\/www.20minutes.fr\/dossier\/seisme\" class=\"c-link c-link--is-underlined\" target=\"_blank\" rel=\"noopener\">s\u00e9isme <\/a>de magnitude 6,7 a frapp\u00e9 les Antilles ce lundi, selon l\u2019universit\u00e9 des West Indies. Dans l\u2019imm\u00e9diat, les autorit\u00e9s ne font \u00e9tat ni de bless\u00e9 ni de d\u00e9g\u00e2ts. L\u2019Institut d\u2019\u00e9tudes <a href=\"https:\/\/www.20minutes.fr\/dossier\/geologie\" class=\"c-link c-link--is-underlined\" target=\"_blank\" rel=\"noopener\">g\u00e9ologiques <\/a>am\u00e9ricain USGS a lui indiqu\u00e9 une magnitude de 6,5. Le <a href=\"https:\/\/www.20minutes.fr\/monde\/tremblement-de-terre\/\" class=\"c-link c-link--is-underlined\" target=\"_blank\" rel=\"noopener\">tremblement de terre<\/a> s\u2019est produit \u00e0 8h38 heures locales (13h38, heure fran\u00e7aise). Une alerte au <a href=\"https:\/\/www.20minutes.fr\/dossier\/tsunami\" class=\"c-link c-link--is-underlined\" target=\"_blank\" rel=\"noopener\">tsunami <\/a>a \u00e9t\u00e9 \u00e9mise apr\u00e8s la premi\u00e8re secousse par les autorit\u00e9s.<\/p>\n<p>Plus d\u2019informations \u00e0 venir sur 20minutes.fr\u2026<\/p>\n","protected":false},"excerpt":{"rendered":"Un s\u00e9isme de magnitude 6,7 a frapp\u00e9 les Antilles ce lundi, selon l\u2019universit\u00e9 des West Indies. Dans l\u2019imm\u00e9diat,&hellip;\n","protected":false},"author":2,"featured_media":493388,"comment_status":"","ping_status":"","sticky":false,"template":"","format":"standard","meta":{"footnotes":""},"categories":[2],"tags":[11,33446,1011,27,6142,20470,12,52,18565,18690],"class_list":{"0":"post-493387","1":"post","2":"type-post","3":"status-publish","4":"format-standard","5":"has-post-thumbnail","7":"category-actualites","8":"tag-actualites","9":"tag-antilles","10":"tag-fr","11":"tag-france","12":"tag-guadeloupe","13":"tag-martinique","14":"tag-news","15":"tag-planete","16":"tag-seismes","17":"tag-tremblement-de-terre"},"share_on_mastodon":{"url":"https:\/\/pubeurope.com\/@fr\/115446782670830743","error":""},"_links":{"self":[{"href":"https:\/\/www.europesays.com\/fr\/wp-json\/wp\/v2\/posts\/493387","targetHints":{"allow":["GET"]}}],"collection":[{"href":"https:\/\/www.europesays.com\/fr\/wp-json\/wp\/v2\/posts"}],"about":[{"href":"https:\/\/www.europesays.com\/fr\/wp-json\/wp\/v2\/types\/post"}],"author":[{"embeddable":true,"href":"https:\/\/www.europesays.com\/fr\/wp-json\/wp\/v2\/users\/2"}],"replies":[{"embeddable":true,"href":"https:\/\/www.europesays.com\/fr\/wp-json\/wp\/v2\/comments?post=493387"}],"version-history":[{"count":0,"href":"https:\/\/www.europesays.com\/fr\/wp-json\/wp\/v2\/posts\/493387\/revisions"}],"wp:featuredmedia":[{"embeddable":true,"href":"https:\/\/www.europesays.com\/fr\/wp-json\/wp\/v2\/media\/493388"}],"wp:attachment":[{"href":"https:\/\/www.europesays.com\/fr\/wp-json\/wp\/v2\/media?parent=493387"}],"wp:term":[{"taxonomy":"category","embeddable":true,"href":"https:\/\/www.europesays.com\/fr\/wp-json\/wp\/v2\/categories?post=493387"},{"taxonomy":"post_tag","embeddable":true,"href":"https:\/\/www.europesays.com\/fr\/wp-json\/wp\/v2\/tags?post=493387"}],"curies":[{"name":"wp","href":"https:\/\/api.w.org\/{rel}","templated":true}]}}