{"id":493406,"date":"2025-10-27T15:24:13","date_gmt":"2025-10-27T15:24:13","guid":{"rendered":"https:\/\/www.europesays.com\/fr\/493406\/"},"modified":"2025-10-27T15:24:13","modified_gmt":"2025-10-27T15:24:13","slug":"grenoble-le-marche-de-noel-de-retour-du-21-novembre-au-24-decembre","status":"publish","type":"post","link":"https:\/\/www.europesays.com\/fr\/493406\/","title":{"rendered":"Grenoble. Le march\u00e9 de No\u00ebl de retour du 21\u00a0novembre au 24\u00a0d\u00e9cembre"},"content":{"rendered":"<p>\u00c9v\u00e9nement incontournable de la fin d\u2019ann\u00e9e, le march\u00e9 de No\u00ebl de la place Victor-Hugo \u00e0 Grenoble sera bient\u00f4t de retour. Les premiers am\u00e9nagements ont d\u00e9but\u00e9 autour de la fontaine pour accueillir les stands des artisans et producteurs qui viendront s\u2019installer pour cette nouvelle \u00e9dition.<\/p>\n<p>Le march\u00e9 ouvrira ses portes le 21\u00a0novembre prochain et accueillera les visiteurs jusqu\u2019au 24\u00a0d\u00e9cembre. Comme les ann\u00e9es pr\u00e9c\u00e9dentes, les visiteurs retrouveront des produits artisanaux, locaux, des sp\u00e9cialit\u00e9s gourmandes,\u2026 ainsi que des animations et bien s\u00fbr, le p\u00e8re No\u00ebl\u00a0!<\/p>\n","protected":false},"excerpt":{"rendered":"\u00c9v\u00e9nement incontournable de la fin d\u2019ann\u00e9e, le march\u00e9 de No\u00ebl de la place Victor-Hugo \u00e0 Grenoble sera bient\u00f4t&hellip;\n","protected":false},"author":2,"featured_media":493407,"comment_status":"","ping_status":"","sticky":false,"template":"","format":"standard","meta":{"footnotes":""},"categories":[9566],"tags":[1111,11,2430,4406,130,1687,112,1777,674,3326,107,1685,1011,27,2731,2732,108,12,25],"class_list":{"0":"post-493406","1":"post","2":"type-post","3":"status-publish","4":"format-standard","5":"has-post-thumbnail","7":"category-grenoble","8":"tag-actu","9":"tag-actualites","10":"tag-auvergne-rhone-alpes","11":"tag-commerce-et-services","12":"tag-consommation","13":"tag-culture-loisirs","14":"tag-edition-grenoble-agglomeration","15":"tag-eu","16":"tag-europe","17":"tag-fete-locale","18":"tag-fil-info","19":"tag-foire-et-salon","20":"tag-fr","21":"tag-france","22":"tag-grenoble","23":"tag-grenoble-bassin","24":"tag-isere","25":"tag-news","26":"tag-republique-francaise"},"share_on_mastodon":{"url":"https:\/\/pubeurope.com\/@fr\/115446825906248947","error":""},"_links":{"self":[{"href":"https:\/\/www.europesays.com\/fr\/wp-json\/wp\/v2\/posts\/493406","targetHints":{"allow":["GET"]}}],"collection":[{"href":"https:\/\/www.europesays.com\/fr\/wp-json\/wp\/v2\/posts"}],"about":[{"href":"https:\/\/www.europesays.com\/fr\/wp-json\/wp\/v2\/types\/post"}],"author":[{"embeddable":true,"href":"https:\/\/www.europesays.com\/fr\/wp-json\/wp\/v2\/users\/2"}],"replies":[{"embeddable":true,"href":"https:\/\/www.europesays.com\/fr\/wp-json\/wp\/v2\/comments?post=493406"}],"version-history":[{"count":0,"href":"https:\/\/www.europesays.com\/fr\/wp-json\/wp\/v2\/posts\/493406\/revisions"}],"wp:featuredmedia":[{"embeddable":true,"href":"https:\/\/www.europesays.com\/fr\/wp-json\/wp\/v2\/media\/493407"}],"wp:attachment":[{"href":"https:\/\/www.europesays.com\/fr\/wp-json\/wp\/v2\/media?parent=493406"}],"wp:term":[{"taxonomy":"category","embeddable":true,"href":"https:\/\/www.europesays.com\/fr\/wp-json\/wp\/v2\/categories?post=493406"},{"taxonomy":"post_tag","embeddable":true,"href":"https:\/\/www.europesays.com\/fr\/wp-json\/wp\/v2\/tags?post=493406"}],"curies":[{"name":"wp","href":"https:\/\/api.w.org\/{rel}","templated":true}]}}