{"id":493408,"date":"2025-10-27T15:25:18","date_gmt":"2025-10-27T15:25:18","guid":{"rendered":"https:\/\/www.europesays.com\/fr\/493408\/"},"modified":"2025-10-27T15:25:18","modified_gmt":"2025-10-27T15:25:18","slug":"grenoble-guingamp-gautier-ott-incertain-pour-le-deplacement-en-isere","status":"publish","type":"post","link":"https:\/\/www.europesays.com\/fr\/493408\/","title":{"rendered":"Grenoble &#8211; Guingamp\u00a0: Gautier Ott incertain pour le d\u00e9placement en Is\u00e8re"},"content":{"rendered":"<p>\u00ab Sont actuellement \u00e0 l\u2019infirmerie Idriss Planeix qui tra\u00eene toujours des probl\u00e8mes avec son genou ; Adrian Ortol\u00e1 qui continue sa r\u00e9\u00e9ducation, il a repris un peu d\u2019activit\u00e9 sur le terrain, de la course, des appuis\u2026 Freddy Mbemba y restera encore au moins une quinzaine de jours \u00bb, indiquait ce lundi, Sylvain Ripoll.<\/p>\n<p>Soit les absents habituels, ces derni\u00e8res semaines, auxquels devrait s\u2019ajouter, et c\u2019est la mauvaise surprise du jour, Gautier Ott. \u00ab Il ne s\u2019est pas entra\u00een\u00e9 ces deux derniers jours, il se plaignait d\u2019une douleur \u00e0 la cuisse \u00bb, a pr\u00e9cis\u00e9 son entra\u00eeneur. <a href=\"https:\/\/www.letelegramme.fr\/sports\/football\/guingamp\/ligue-2-la-douche-froide-pour-en-avant-guingamp-apres-la-defaite-contre-clermont-6916149.php\" target=\"_blank\" title=\"Ligue 2 : la douche froide pour En Avant Guingamp, apr\u00e8s la d\u00e9faite contre Clermont\" rel=\"noopener\">Une g\u00eane survenue lors du dernier match contre Clermont.<\/a> \u00ab Il a pass\u00e9 des examens ce matin et il doit revoir le doc cet apr\u00e8s-midi. \u00bb<\/p>\n<p>\u00ab Il est apparu tr\u00e8s en forme \u00bb<\/p>\n<p>Pour terminer sur une note plus positive, Sohaib Na\u00efr a bien repris l\u2019entra\u00eenement collectif, dimanche, et cela ne pouvait mieux se passer. \u00ab Il est apparu tr\u00e8s en forme pour quelqu\u2019un qui reprend apr\u00e8s trois mois d\u2019arr\u00eat. Mais on va lui laisser un certain nombre d\u2019entra\u00eenements collectifs avant d\u2019envisager son retour \u00e0 la comp\u00e9tition. \u00bb Au moins dix \u00e0 quinze jours. Quant \u00e0 Abdallah, il est fin pr\u00eat pour postuler \u00e0 une place dans le groupe qui se d\u00e9placera \u00e0 Grenoble ce mardi pour le compte de la douzi\u00e8me journ\u00e9e de Ligue 2.<\/p>\n","protected":false},"excerpt":{"rendered":"\u00ab Sont actuellement \u00e0 l\u2019infirmerie Idriss Planeix qui tra\u00eene toujours des probl\u00e8mes avec son genou ; Adrian Ortol\u00e1&hellip;\n","protected":false},"author":2,"featured_media":493409,"comment_status":"","ping_status":"","sticky":false,"template":"","format":"standard","meta":{"footnotes":""},"categories":[9566],"tags":[1111,11,2430,9594,3166,1777,674,63,1011,27,2731,4044,446,12,25,60],"class_list":{"0":"post-493408","1":"post","2":"type-post","3":"status-publish","4":"format-standard","5":"has-post-thumbnail","7":"category-grenoble","8":"tag-actu","9":"tag-actualites","10":"tag-auvergne-rhone-alpes","11":"tag-en-avant-guingamp","12":"tag-en-continu-sports","13":"tag-eu","14":"tag-europe","15":"tag-football","16":"tag-fr","17":"tag-france","18":"tag-grenoble","19":"tag-guingamp","20":"tag-ligue-2","21":"tag-news","22":"tag-republique-francaise","23":"tag-sports"},"share_on_mastodon":{"url":"https:\/\/pubeurope.com\/@fr\/115446829865471828","error":""},"_links":{"self":[{"href":"https:\/\/www.europesays.com\/fr\/wp-json\/wp\/v2\/posts\/493408","targetHints":{"allow":["GET"]}}],"collection":[{"href":"https:\/\/www.europesays.com\/fr\/wp-json\/wp\/v2\/posts"}],"about":[{"href":"https:\/\/www.europesays.com\/fr\/wp-json\/wp\/v2\/types\/post"}],"author":[{"embeddable":true,"href":"https:\/\/www.europesays.com\/fr\/wp-json\/wp\/v2\/users\/2"}],"replies":[{"embeddable":true,"href":"https:\/\/www.europesays.com\/fr\/wp-json\/wp\/v2\/comments?post=493408"}],"version-history":[{"count":0,"href":"https:\/\/www.europesays.com\/fr\/wp-json\/wp\/v2\/posts\/493408\/revisions"}],"wp:featuredmedia":[{"embeddable":true,"href":"https:\/\/www.europesays.com\/fr\/wp-json\/wp\/v2\/media\/493409"}],"wp:attachment":[{"href":"https:\/\/www.europesays.com\/fr\/wp-json\/wp\/v2\/media?parent=493408"}],"wp:term":[{"taxonomy":"category","embeddable":true,"href":"https:\/\/www.europesays.com\/fr\/wp-json\/wp\/v2\/categories?post=493408"},{"taxonomy":"post_tag","embeddable":true,"href":"https:\/\/www.europesays.com\/fr\/wp-json\/wp\/v2\/tags?post=493408"}],"curies":[{"name":"wp","href":"https:\/\/api.w.org\/{rel}","templated":true}]}}