{"id":493410,"date":"2025-10-27T15:26:10","date_gmt":"2025-10-27T15:26:10","guid":{"rendered":"https:\/\/www.europesays.com\/fr\/493410\/"},"modified":"2025-10-27T15:26:10","modified_gmt":"2025-10-27T15:26:10","slug":"marie-laure-collet-prend-la-presidence-de-la-fondation-de-france-grand-ouest","status":"publish","type":"post","link":"https:\/\/www.europesays.com\/fr\/493410\/","title":{"rendered":"Marie-Laure Collet prend la pr\u00e9sidence de la Fondation de France Grand Ouest"},"content":{"rendered":"<p>La cheffe d\u2019entreprise rennaise <a href=\"https:\/\/www.letelegramme.fr\/ille-et-vilaine\/rennes-35000\/cv-ca-veut-dire-competences-et-valeurs-estime-marie-laure-collet-presidente-de-l-apec-213800.php\" target=\"_blank\" rel=\"noopener\">Marie-Laure Collet<\/a> est la nouvelle pr\u00e9sidente de la branche Grand Ouest-Bretagne de la Fondation de France, premier r\u00e9seau de philanthropie du pays. Elle succ\u00e8de \u00e0 Laurence Lambert, qui occupait cette fonction depuis 2016.<\/p>\n<p>Figure bien connue des milieux \u00e9conomiques bretons, Marie-Laure Collet est \u00e0 la t\u00eate de Kalicea, une holding regroupant des entreprises sp\u00e9cialis\u00e9es dans l\u2019emploi et le recrutement et d\u00e9pendant du groupe rennais Interaction. Elle est aussi vice-pr\u00e9sidente de l\u2019Association pour l\u2019emploi des cadres (Apec), cheffe de file de la F\u00e9d\u00e9ration Syntec en Bretagne et engag\u00e9e au sein du Medef breton.<\/p>\n<p>Dans ses nouvelles fonctions, elle entend \u00ab renforcer les liens entre le monde \u00e9conomique et les projets d\u2019int\u00e9r\u00eat g\u00e9n\u00e9ral port\u00e9s par la Fondation \u00bb. Elle souhaite aussi \u00ab renforcer la pr\u00e9sence et la visibilit\u00e9 [de l\u2019institution] sur les territoires, en particulier ceux o\u00f9 les fragilit\u00e9s sociales ou \u00e9conomiques sont les plus marqu\u00e9es \u00bb, comme le Centre-Bretagne. Chaque ann\u00e9e, pr\u00e8s de 1 000 projets sont soutenus par la Fondation dans le Grand Ouest.<\/p>\n","protected":false},"excerpt":{"rendered":"La cheffe d\u2019entreprise rennaise Marie-Laure Collet est la nouvelle pr\u00e9sidente de la branche Grand Ouest-Bretagne de la Fondation&hellip;\n","protected":false},"author":2,"featured_media":493411,"comment_status":"","ping_status":"","sticky":false,"template":"","format":"standard","meta":{"footnotes":""},"categories":[2821],"tags":[1111,11,829,33,257,1777,674,1011,27,12,584,25],"class_list":{"0":"post-493410","1":"post","2":"type-post","3":"status-publish","4":"format-standard","5":"has-post-thumbnail","7":"category-rennes","8":"tag-actu","9":"tag-actualites","10":"tag-bretagne","11":"tag-economie","12":"tag-entreprise","13":"tag-eu","14":"tag-europe","15":"tag-fr","16":"tag-france","17":"tag-news","18":"tag-rennes","19":"tag-republique-francaise"},"share_on_mastodon":{"url":"https:\/\/pubeurope.com\/@fr\/115446833807813546","error":""},"_links":{"self":[{"href":"https:\/\/www.europesays.com\/fr\/wp-json\/wp\/v2\/posts\/493410","targetHints":{"allow":["GET"]}}],"collection":[{"href":"https:\/\/www.europesays.com\/fr\/wp-json\/wp\/v2\/posts"}],"about":[{"href":"https:\/\/www.europesays.com\/fr\/wp-json\/wp\/v2\/types\/post"}],"author":[{"embeddable":true,"href":"https:\/\/www.europesays.com\/fr\/wp-json\/wp\/v2\/users\/2"}],"replies":[{"embeddable":true,"href":"https:\/\/www.europesays.com\/fr\/wp-json\/wp\/v2\/comments?post=493410"}],"version-history":[{"count":0,"href":"https:\/\/www.europesays.com\/fr\/wp-json\/wp\/v2\/posts\/493410\/revisions"}],"wp:featuredmedia":[{"embeddable":true,"href":"https:\/\/www.europesays.com\/fr\/wp-json\/wp\/v2\/media\/493411"}],"wp:attachment":[{"href":"https:\/\/www.europesays.com\/fr\/wp-json\/wp\/v2\/media?parent=493410"}],"wp:term":[{"taxonomy":"category","embeddable":true,"href":"https:\/\/www.europesays.com\/fr\/wp-json\/wp\/v2\/categories?post=493410"},{"taxonomy":"post_tag","embeddable":true,"href":"https:\/\/www.europesays.com\/fr\/wp-json\/wp\/v2\/tags?post=493410"}],"curies":[{"name":"wp","href":"https:\/\/api.w.org\/{rel}","templated":true}]}}