{"id":493414,"date":"2025-10-27T15:28:11","date_gmt":"2025-10-27T15:28:11","guid":{"rendered":"https:\/\/www.europesays.com\/fr\/493414\/"},"modified":"2025-10-27T15:28:11","modified_gmt":"2025-10-27T15:28:11","slug":"industrie-pharma-lonza-sempare-de-lalsacien-redberry","status":"publish","type":"post","link":"https:\/\/www.europesays.com\/fr\/493414\/","title":{"rendered":"Industrie pharma. Lonza s&#8217;empare de l&rsquo;alsacien Redberry"},"content":{"rendered":"<p class=\"\">Cette acquisition renforcera les capacit\u00e9s de test de Lonza gr\u00e2ce \u00e0 l&rsquo;int\u00e9gration de la plateforme Red One pour les tests rapides de st\u00e9rilit\u00e9 et de biocontamination de Redberry SAS, indique lundi l&rsquo;entreprise b\u00e2loise dans un communiqu\u00e9. Elle permettra \u00e9galement aux clients pharma d&rsquo;obtenir des solutions de contr\u00f4le qualit\u00e9 rapides pour les produits \u00e0 courte dur\u00e9e de conservation, r\u00e9duisant ainsi le d\u00e9lai de mise \u00e0 disposition des patients.<\/p>\n","protected":false},"excerpt":{"rendered":"Cette acquisition renforcera les capacit\u00e9s de test de Lonza gr\u00e2ce \u00e0 l&rsquo;int\u00e9gration de la plateforme Red One pour&hellip;\n","protected":false},"author":2,"featured_media":493415,"comment_status":"","ping_status":"","sticky":false,"template":"","format":"standard","meta":{"footnotes":""},"categories":[2820],"tags":[1111,11,73,1777,674,1011,27,775,693,12,25,640],"class_list":{"0":"post-493414","1":"post","2":"type-post","3":"status-publish","4":"format-standard","5":"has-post-thumbnail","7":"category-strasbourg","8":"tag-actu","9":"tag-actualites","10":"tag-etats-unis","11":"tag-eu","12":"tag-europe","13":"tag-fr","14":"tag-france","15":"tag-grand-est","16":"tag-industrie","17":"tag-news","18":"tag-republique-francaise","19":"tag-strasbourg"},"share_on_mastodon":{"url":"https:\/\/pubeurope.com\/@fr\/115446841691936885","error":""},"_links":{"self":[{"href":"https:\/\/www.europesays.com\/fr\/wp-json\/wp\/v2\/posts\/493414","targetHints":{"allow":["GET"]}}],"collection":[{"href":"https:\/\/www.europesays.com\/fr\/wp-json\/wp\/v2\/posts"}],"about":[{"href":"https:\/\/www.europesays.com\/fr\/wp-json\/wp\/v2\/types\/post"}],"author":[{"embeddable":true,"href":"https:\/\/www.europesays.com\/fr\/wp-json\/wp\/v2\/users\/2"}],"replies":[{"embeddable":true,"href":"https:\/\/www.europesays.com\/fr\/wp-json\/wp\/v2\/comments?post=493414"}],"version-history":[{"count":0,"href":"https:\/\/www.europesays.com\/fr\/wp-json\/wp\/v2\/posts\/493414\/revisions"}],"wp:featuredmedia":[{"embeddable":true,"href":"https:\/\/www.europesays.com\/fr\/wp-json\/wp\/v2\/media\/493415"}],"wp:attachment":[{"href":"https:\/\/www.europesays.com\/fr\/wp-json\/wp\/v2\/media?parent=493414"}],"wp:term":[{"taxonomy":"category","embeddable":true,"href":"https:\/\/www.europesays.com\/fr\/wp-json\/wp\/v2\/categories?post=493414"},{"taxonomy":"post_tag","embeddable":true,"href":"https:\/\/www.europesays.com\/fr\/wp-json\/wp\/v2\/tags?post=493414"}],"curies":[{"name":"wp","href":"https:\/\/api.w.org\/{rel}","templated":true}]}}