{"id":493416,"date":"2025-10-27T15:29:13","date_gmt":"2025-10-27T15:29:13","guid":{"rendered":"https:\/\/www.europesays.com\/fr\/493416\/"},"modified":"2025-10-27T15:29:13","modified_gmt":"2025-10-27T15:29:13","slug":"trafic-sncf-retards-suppressions-cette-liaison-avec-strasbourg-perturbee-ce-lundi-a-cause-dune-panne","status":"publish","type":"post","link":"https:\/\/www.europesays.com\/fr\/493416\/","title":{"rendered":"Trafic SNCF. Retards, suppressions&#8230; cette liaison avec Strasbourg perturb\u00e9e ce lundi \u00e0 cause d&rsquo;une panne"},"content":{"rendered":"<p>            Par<br \/>\n        <strong><br \/>\n            <a href=\"https:\/\/actu.fr\/auteur\/thomas-blanc\" title=\"Consulter tous les articles de Thomas Blanc\" target=\"_blank\" rel=\"noopener\">Thomas Blanc<\/a><br \/>\n        <\/strong><\/p>\n<p>        Publi\u00e9 le<\/p>\n<p>            27 oct. 2025 \u00e0 14h34        <\/p>\n<p>Des trains TER affichent <strong>un retard ou sont m\u00eame supprim\u00e9s<\/strong> du tableau des d\u00e9parts en <a href=\"https:\/\/actu.fr\/tag\/gare-de-strasbourg\" target=\"_blank\" rel=\"noopener\">gare de Strasbourg<\/a> ce lundi en d\u00e9but d\u2019apr\u00e8s-midi. Les retards peuvent <strong>aller jusqu\u2019\u00e0 une heure.<\/strong><\/p>\n<p class=\" wall-content\">La ligne vers Haguenau (Bas-Rhin) est en effet impact\u00e9e par \u00ab<strong>\u2009un d\u00e9rangement d\u2019installation<\/strong>\u2009\u00bb d\u2019apr\u00e8s la <a href=\"https:\/\/actu.fr\/tag\/sncf\" target=\"_blank\" rel=\"noopener\">SNCF<\/a> contact\u00e9e par <a href=\"https:\/\/actu.fr\/strasbourg\/\" target=\"_blank\" rel=\"noopener\">Actu Strasbourg<\/a>.<\/p>\n<p>Un passage \u00e0 niveau endommag\u00e9 entre Vendenheim et H\u0153rdt \u00e0 l\u2019origine des retards<\/p>\n<p class=\" wall-content\">C\u2019est la <strong>panne d\u2019un passage \u00e0 niveau entre Vendenheim et H\u0153rdt <\/strong>qui engendre ces perturbations sur les lignes Strasbourg-Haguenau et Strasbourg-Nierderbronn-les-Bains.<\/p>\n<p class=\" wall-content\">La SNCF indique que ces retards sont de l\u2019ordre <strong>de 45\u00a0minutes \u00e0 une heure<\/strong>. <strong>Des suppressions sont \u00e9galement \u00e0 pr\u00e9voir<\/strong>. Par exemple, les TER de 13h40 vers Haguenau et 14h31 vers vers Nierderbronn-les-Bains n\u2019ont pas circul\u00e9 pour \u00ab\u2009limiter le nombre de trains en circulation sur la ligne\u2009\u00bb.<\/p>\n<p class=\" wall-content\">Les \u00e9quipes de SNCF R\u00e9seau sont sur place pour proc\u00e9der aux r\u00e9parations. Le <strong>retour \u00e0 la normale est pr\u00e9vu pour 15h30<\/strong>.<\/p>\n<p class=\" wall-content\">Personnalisez votre actualit\u00e9 en ajoutant vos villes et m\u00e9dias en favori avec <a href=\"https:\/\/moncompte.actu.fr\" title=\"D\u00e9couvez Mon Actu\" rel=\"nofollow noopener\" data-trk=\"{&quot;cta&quot;:{&quot;action&quot;:&quot;https:\\\/\\\/moncompte.actu.fr&quot;,&quot;category&quot;:&quot;mon compte&quot;,&quot;from&quot;:&quot;article footer&quot;,&quot;name&quot;:&quot;Mon actu&quot;,&quot;type&quot;:&quot;cta&quot;}}\" target=\"_blank\">Mon Actu<\/a>.<\/p>\n","protected":false},"excerpt":{"rendered":"Par Thomas Blanc Publi\u00e9 le 27 oct. 2025 \u00e0 14h34 Des trains TER affichent un retard ou sont&hellip;\n","protected":false},"author":2,"featured_media":493417,"comment_status":"","ping_status":"","sticky":false,"template":"","format":"standard","meta":{"footnotes":""},"categories":[2820],"tags":[1111,11,1777,674,1011,27,20526,775,12,25,2215,104,640,2803],"class_list":{"0":"post-493416","1":"post","2":"type-post","3":"status-publish","4":"format-standard","5":"has-post-thumbnail","7":"category-strasbourg","8":"tag-actu","9":"tag-actualites","10":"tag-eu","11":"tag-europe","12":"tag-fr","13":"tag-france","14":"tag-gare-de-strasbourg","15":"tag-grand-est","16":"tag-news","17":"tag-republique-francaise","18":"tag-sncf","19":"tag-societe","20":"tag-strasbourg","21":"tag-transport"},"share_on_mastodon":{"url":"https:\/\/pubeurope.com\/@fr\/115446845691552430","error":""},"_links":{"self":[{"href":"https:\/\/www.europesays.com\/fr\/wp-json\/wp\/v2\/posts\/493416","targetHints":{"allow":["GET"]}}],"collection":[{"href":"https:\/\/www.europesays.com\/fr\/wp-json\/wp\/v2\/posts"}],"about":[{"href":"https:\/\/www.europesays.com\/fr\/wp-json\/wp\/v2\/types\/post"}],"author":[{"embeddable":true,"href":"https:\/\/www.europesays.com\/fr\/wp-json\/wp\/v2\/users\/2"}],"replies":[{"embeddable":true,"href":"https:\/\/www.europesays.com\/fr\/wp-json\/wp\/v2\/comments?post=493416"}],"version-history":[{"count":0,"href":"https:\/\/www.europesays.com\/fr\/wp-json\/wp\/v2\/posts\/493416\/revisions"}],"wp:featuredmedia":[{"embeddable":true,"href":"https:\/\/www.europesays.com\/fr\/wp-json\/wp\/v2\/media\/493417"}],"wp:attachment":[{"href":"https:\/\/www.europesays.com\/fr\/wp-json\/wp\/v2\/media?parent=493416"}],"wp:term":[{"taxonomy":"category","embeddable":true,"href":"https:\/\/www.europesays.com\/fr\/wp-json\/wp\/v2\/categories?post=493416"},{"taxonomy":"post_tag","embeddable":true,"href":"https:\/\/www.europesays.com\/fr\/wp-json\/wp\/v2\/tags?post=493416"}],"curies":[{"name":"wp","href":"https:\/\/api.w.org\/{rel}","templated":true}]}}