{"id":493424,"date":"2025-10-27T15:33:12","date_gmt":"2025-10-27T15:33:12","guid":{"rendered":"https:\/\/www.europesays.com\/fr\/493424\/"},"modified":"2025-10-27T15:33:12","modified_gmt":"2025-10-27T15:33:12","slug":"le-rn-sous-pression-a-nantes-et-saint-nazaire","status":"publish","type":"post","link":"https:\/\/www.europesays.com\/fr\/493424\/","title":{"rendered":"le RN sous pression \u00e0 Nantes et Saint-Nazaire"},"content":{"rendered":"<p>\n    \u00c0 cinq mois des \u00e9lections municipales, le Rassemblement national continue de faire l\u2019objet d\u2019une opposition vivace dans les grandes agglom\u00e9rations de Loire-Atlantique. Un responsable local a \u00e9galement d\u00e9pos\u00e9 plainte apr\u00e8s avoir \u00e9t\u00e9 menac\u00e9 sur les r\u00e9seaux sociaux.<\/p>\n<p class=\"fig-paragraph\">D\u00e9but de campagne difficile pour le\u00a0<a href=\"http:\/\/www.lefigaro.fr\/politique\/le-rassemblement-national-confronte-au-retour-de-la-guerre-de-l-union-des-droites-20251022\" target=\"_blank\" data-fig-type=\"Article\" rel=\"noopener nofollow\" data-gtm-custom-categorie=\"navigation\" data-gtm-custom-action=\"crossclick\" data-gtm-custom-label=\"Contextuel\" data-gtm-event=\"customEventSPE\" data-fig-domain=\"LEFIGARO\">Rassemblement national (RN)<\/a>, dans les bastions socialistes de la Loire-Atlantique. \u00c0\u00a0<a href=\"http:\/\/www.lefigaro.fr\/nantes\/pres-de-saint-nazaire-une-nouvelle-escouade-de-reserve-cotiere-pour-consolider-la-defense-du-territoire-20251021\" target=\"_blank\" data-fig-type=\"NewsFlash\" rel=\"noopener nofollow\" data-gtm-custom-categorie=\"navigation\" data-gtm-custom-action=\"crossclick\" data-gtm-custom-label=\"Contextuel\" data-gtm-event=\"customEventSPE\" data-fig-domain=\"LEFIGARO\">Saint-Nazaire<\/a>, la r\u00e9union de rentr\u00e9 du parti \u00e0 la flamme a d\u00fb se tenir \u00e0 huis clos, samedi 25 octobre, dans la maison de quartier de l\u2019Immacul\u00e9e &#8211; Beauregard, en raison du risque de perturbation du meeting. Une quarantaine de manifestants se sont rassembl\u00e9s devant le b\u00e2timent, clamant &#8211; en casseroles &#8211; leur opposition aux \u00abfachos\u00bb ainsi qu\u2019au candidat RN\u00a0<a href=\"http:\/\/www.lefigaro.fr\/nantes\/municipales-a-saint-nazaire-loin-du-tumulte-parisien-la-droite-et-le-centre-revent-de-renverser-ensemble-100-ans-de-socialisme-20251007\" target=\"_blank\" data-fig-type=\"NewsFlash\" rel=\"noopener nofollow\" data-gtm-custom-categorie=\"navigation\" data-gtm-custom-action=\"crossclick\" data-gtm-custom-label=\"Contextuel\" data-gtm-event=\"customEventSPE\" data-fig-domain=\"LEFIGARO\">des municipales nazairiennes<\/a>, Julio Pichon. Des agents de s\u00e9curit\u00e9 ont d\u00fb intervenir en raison des tensions. La manifestation, encadr\u00e9e par un dispositif policier, s\u2019est finalement dispers\u00e9e sans incident, en fin d\u2019apr\u00e8s-midi.<\/p>\n<p class=\"fig-paragraph\">Sous pression dans l\u2019espace public, le RN l\u2019est aussi en ligne. Un responsable d\u00e9partemental du parti a annonc\u00e9 d\u00e9poser plainte apr\u00e8s avoir fait l\u2019objet de menaces sur les r\u00e9seaux sociaux. \u00abComme beaucoup de citoyens, politis\u00e9s ou non, je suis d\u00e9sormais la cible de menaces de mort li\u00e9es \u00e0 une pr\u00e9tendue proximit\u00e9 avec l\u2019\u00c9tat d\u2019Isra\u00ebl. Ces menaces ont augment\u00e9 ces derni\u00e8res semaines dans leur fr\u00e9quence et dans leur virulence\u00bb, a t\u00e9moign\u00e9, dans un communiqu\u00e9 diffus\u00e9 samedi, Bryan Pecqueur, d\u00e9l\u00e9gu\u00e9 adjoint du Rassemblement national en Loire-Atlantique, et directeur de campagne de Jean-Claude Hulot, le candidat mariniste \u00e0 Nantes.<\/p>\n<p>                                    <a class=\"fig-a11y-skip a11y-hidden\" href=\"#fig-a11y-skip-main-inarticle\"><br \/>\n        Passer la publicit\u00e9<br \/>\n    <\/a><\/p>\n<p>\u00abUn appel on ne peut plus clair au meurtre\u00bb<\/p>\n<p class=\"fig-paragraph\">Le militant pr\u00e9cise avoir notamment \u00e9t\u00e9 vis\u00e9 par un tweet hostile d\u2019un sympathisant de gauche, faisant \u00e9cho \u00e0 une publication de l\u2019eurod\u00e9put\u00e9e insoumise\u00a0<a href=\"http:\/\/www.lefigaro.fr\/vox\/societe\/jeunes-filles-essayez-toutes-d-etre-rima-hassan-pourquoi-les-jeunes-femmes-sont-elles-de-plus-en-plus-a-gauche-20250629\" target=\"_blank\" data-fig-type=\"Article\" rel=\"noopener nofollow\" data-gtm-custom-categorie=\"navigation\" data-gtm-custom-action=\"crossclick\" data-gtm-custom-label=\"Contextuel\" data-gtm-event=\"customEventSPE\" data-fig-domain=\"LEFIGARO\">Rima Hassan<\/a>, dat\u00e9e du 20 octobre, qui vantait les exactions commises\u00a0<a href=\"http:\/\/www.lefigaro.fr\/international\/le-hamas-est-en-train-de-reprendre-le-controle-de-gaza-s-inquiete-le-gouvernement-francais-20251022\" target=\"_blank\" data-fig-type=\"NewsFlash\" rel=\"noopener nofollow\" data-gtm-custom-categorie=\"navigation\" data-gtm-custom-action=\"crossclick\" data-gtm-custom-label=\"Contextuel\" data-gtm-event=\"customEventSPE\" data-fig-domain=\"LEFIGARO\">par le Hamas envers les groupes palestiniens ayant collabor\u00e9<\/a>\u00a0avec Isra\u00ebl. Une saillie qui a valu \u00e0 l\u2019\u00e9lue LFI\u00a0<a href=\"http:\/\/www.lefigaro.fr\/international\/rima-hassan-accusee-d-apologie-du-terrorisme-apres-avoir-relaye-un-article-sur-les-exactions-commises-par-le-hamas-20251021\" target=\"_blank\" data-fig-type=\"NewsFlash\" rel=\"noopener nofollow\" data-gtm-custom-categorie=\"navigation\" data-gtm-custom-action=\"crossclick\" data-gtm-custom-label=\"Contextuel\" data-gtm-event=\"customEventSPE\" data-fig-domain=\"LEFIGARO\">d\u2019\u00eatre accus\u00e9e d\u2019apologie du terrorisme<\/a>. \u00ab\u00c7a a le m\u00e9rite d\u2019un appel on ne peut plus clair au meurtre\u00bb, poursuit Bryan Pecqueur.<\/p>\n<p class=\"fig-body-link\">\n            \u00c0 lire aussi<br \/>\n        <a class=\"fig-body-link__link\" href=\"http:\/\/www.lefigaro.fr\/nantes\/ils-semaient-la-terreur-dans-les-quartiers-chics-de-nantes-les-coupables-mineurs-definitivement-condamnes-20251025\" target=\"_blank\" data-fig-type=\"NewsFlash\" rel=\"noopener nofollow\" data-gtm-custom-categorie=\"navigation\" data-gtm-custom-action=\"crossclick\" data-gtm-custom-label=\"Contextuel\" data-gtm-event=\"customEventSPE\" data-fig-domain=\"LEFIGARO\"><\/p>\n<p>        Ils semaient la terreur dans les quartiers chics de Nantes\u00a0: les coupables mineurs d\u00e9finitivement condamn\u00e9s<br \/>\n    <\/a>\n<\/p>\n<p class=\"fig-paragraph\">\u00c0 cinq mois des\u00a0<a href=\"https:\/\/www.lefigaro.fr\/elections\/municipales\" target=\"_blank\" data-fig-type=\"Section\" rel=\"sponsored noopener nofollow\" data-gtm-custom-categorie=\"navigation\" data-gtm-custom-action=\"crossclick\" data-gtm-custom-label=\"Contextuel\" data-gtm-event=\"customEventSPE\" data-fig-domain=\"LEFIGARO\">\u00e9lections municipales des 15 et 22 mars 2026<\/a>, le Rassemblement national entend poursuivre sa dynamique observ\u00e9e lors des scrutins europ\u00e9ens et l\u00e9gislatifs de 2024. Sans avoir remport\u00e9 le moindre si\u00e8ge de Loire-Atlantique \u00e0 l\u2019Assembl\u00e9e nationale, le parti \u00e0 flamme a ainsi connu une forte progression des voix exprim\u00e9es en sa faveur, en particulier dans le pays de Retz et \u00e0 Ch\u00e2teaubriant.<\/p>\n<p class=\"fig-paragraph\">Malgr\u00e9 cet enracinement en cours dans les campagnes, les deux grandes villes du d\u00e9partement regimbent encore \u00e0 la pr\u00e9sence du parti nationaliste. \u00c0 Nantes, le RN devra composer avec le nouveau champion des R\u00e9publicains,\u00a0<a href=\"http:\/\/www.lefigaro.fr\/nantes\/qui-est-foulques-chombart-de-lauwe-nouveau-champion-de-la-droite-a-nantes-20250901\" target=\"_blank\" data-fig-type=\"NewsFlash\" rel=\"noopener nofollow\" data-gtm-custom-categorie=\"navigation\" data-gtm-custom-action=\"crossclick\" data-gtm-custom-label=\"Contextuel\" data-gtm-event=\"customEventSPE\" data-fig-domain=\"LEFIGARO\">Foulques Chombart de Lauwe<\/a>, qui fait le pari d\u2019une campagne d\u00e9complex\u00e9e contre la gauche au pouvoir depuis 1989. La situation est \u00e9galement complexe \u00e0 Saint-Nazaire, o\u00f9 le Parti socialiste a c\u00e9l\u00e9br\u00e9, l\u2019an pass\u00e9,\u00a0<a href=\"http:\/\/www.lefigaro.fr\/nantes\/municipales-a-saint-nazaire-loin-du-tumulte-parisien-la-droite-et-le-centre-revent-de-renverser-ensemble-100-ans-de-socialisme-20251007\" data-fig-type=\"NewsFlash\" data-gtm-custom-categorie=\"navigation\" data-gtm-custom-action=\"crossclick\" data-gtm-custom-label=\"Contextuel\" data-gtm-event=\"customEventSPE\" data-fig-domain=\"LEFIGARO\" rel=\"nofollow noopener\" target=\"_blank\">son si\u00e8cle de pouvoir continu \u00e0 la t\u00eate de la mairie<\/a>. Une alliance de la droite et du centre esp\u00e8re d\u00e9fier cet ex\u00e9cutif d\u00e9cid\u00e9ment bien enracin\u00e9. Ils feront, eux aussi, sans le Rassemblement national &#8211; dont le score local aux europ\u00e9ennes talonnait celui du PS.<\/p>\n","protected":false},"excerpt":{"rendered":"\u00c0 cinq mois des \u00e9lections municipales, le Rassemblement national continue de faire l\u2019objet d\u2019une opposition vivace dans les&hellip;\n","protected":false},"author":2,"featured_media":493425,"comment_status":"","ping_status":"","sticky":false,"template":"","format":"standard","meta":{"footnotes":""},"categories":[2818],"tags":[1111,11,4188,1777,674,1011,27,766,12,2636,25],"class_list":{"0":"post-493424","1":"post","2":"type-post","3":"status-publish","4":"format-standard","5":"has-post-thumbnail","7":"category-nantes","8":"tag-actu","9":"tag-actualites","10":"tag-elections-municipales","11":"tag-eu","12":"tag-europe","13":"tag-fr","14":"tag-france","15":"tag-nantes","16":"tag-news","17":"tag-pays-de-la-loire","18":"tag-republique-francaise"},"share_on_mastodon":{"url":"https:\/\/pubeurope.com\/@fr\/115446861304397838","error":""},"_links":{"self":[{"href":"https:\/\/www.europesays.com\/fr\/wp-json\/wp\/v2\/posts\/493424","targetHints":{"allow":["GET"]}}],"collection":[{"href":"https:\/\/www.europesays.com\/fr\/wp-json\/wp\/v2\/posts"}],"about":[{"href":"https:\/\/www.europesays.com\/fr\/wp-json\/wp\/v2\/types\/post"}],"author":[{"embeddable":true,"href":"https:\/\/www.europesays.com\/fr\/wp-json\/wp\/v2\/users\/2"}],"replies":[{"embeddable":true,"href":"https:\/\/www.europesays.com\/fr\/wp-json\/wp\/v2\/comments?post=493424"}],"version-history":[{"count":0,"href":"https:\/\/www.europesays.com\/fr\/wp-json\/wp\/v2\/posts\/493424\/revisions"}],"wp:featuredmedia":[{"embeddable":true,"href":"https:\/\/www.europesays.com\/fr\/wp-json\/wp\/v2\/media\/493425"}],"wp:attachment":[{"href":"https:\/\/www.europesays.com\/fr\/wp-json\/wp\/v2\/media?parent=493424"}],"wp:term":[{"taxonomy":"category","embeddable":true,"href":"https:\/\/www.europesays.com\/fr\/wp-json\/wp\/v2\/categories?post=493424"},{"taxonomy":"post_tag","embeddable":true,"href":"https:\/\/www.europesays.com\/fr\/wp-json\/wp\/v2\/tags?post=493424"}],"curies":[{"name":"wp","href":"https:\/\/api.w.org\/{rel}","templated":true}]}}