{"id":49344,"date":"2025-04-24T14:15:09","date_gmt":"2025-04-24T14:15:09","guid":{"rendered":"https:\/\/www.europesays.com\/fr\/49344\/"},"modified":"2025-04-24T14:15:09","modified_gmt":"2025-04-24T14:15:09","slug":"saint-etienne-lors-dun-controle-les-policiers-trouvent-un-medaillon-en-or-vole-six-mois-auparavant","status":"publish","type":"post","link":"https:\/\/www.europesays.com\/fr\/49344\/","title":{"rendered":"Saint-\u00c9tienne. Lors d\u2019un contr\u00f4le, les policiers trouvent un m\u00e9daillon en or vol\u00e9&#8230; six mois auparavant"},"content":{"rendered":"<p>Mardi apr\u00e8s-midi, une \u00e9quipe de la brigade anticriminalit\u00e9 (Bac) effectuait une patrouille dans le centre-ville de Saint-\u00c9tienne. La pr\u00e9sence d\u2019un individu suspect, rue Francis-Garnier, les amenait \u00e0 proc\u00e9der \u00e0 son contr\u00f4le.<\/p>\n<p>Le jeune homme de 23 ans avait sur lui plusieurs grammes de r\u00e9sine de cannabis. Il a \u00e9t\u00e9 interpell\u00e9 et, lors de sa fouille avant d\u2019\u00eatre plac\u00e9 en garde \u00e0 vue, les policiers ont trouv\u00e9 un m\u00e9daillon en or avec un nom et une date de naissance ne correspondant pas \u00e0 son identit\u00e9.<\/p>\n<p>Un vol \u00e0 l\u2019arrach\u00e9 commis sur un passant<\/p>\n<p>Apr\u00e8s v\u00e9rification, il s\u2019av\u00e8re que le m\u00e9daillon avait \u00e9t\u00e9 d\u00e9rob\u00e9 six mois auparavant, lors d\u2019un vol \u00e0 l\u2019arrach\u00e9 commis sur un passant \u00e0 Saint-\u00c9tienne. L\u2019individu a ni\u00e9 le vol mais sera tout de m\u00eame jug\u00e9 pour recel de vol et d\u00e9tention de stup\u00e9fiants.<\/p>\n","protected":false},"excerpt":{"rendered":"Mardi apr\u00e8s-midi, une \u00e9quipe de la brigade anticriminalit\u00e9 (Bac) effectuait une patrouille dans le centre-ville de Saint-\u00c9tienne. La&hellip;\n","protected":false},"author":2,"featured_media":49345,"comment_status":"","ping_status":"","sticky":false,"template":"","format":"standard","meta":{"footnotes":""},"categories":[9653],"tags":[1111,11,2430,271,272,7539,1777,674,274,1011,27,3367,12,25,4001,7538],"class_list":{"0":"post-49344","1":"post","2":"type-post","3":"status-publish","4":"format-standard","5":"has-post-thumbnail","7":"category-saint-etienne","8":"tag-actu","9":"tag-actualites","10":"tag-auvergne-rhone-alpes","11":"tag-crime","12":"tag-delit-et-contravention","13":"tag-edition-loire-sud","14":"tag-eu","15":"tag-europe","16":"tag-faits-divers-justice","17":"tag-fr","18":"tag-france","19":"tag-loire","20":"tag-news","21":"tag-republique-francaise","22":"tag-saint-etienne","23":"tag-saint-etienne-ville"},"share_on_mastodon":{"url":"https:\/\/pubeurope.com\/@fr\/114393364749932697","error":""},"_links":{"self":[{"href":"https:\/\/www.europesays.com\/fr\/wp-json\/wp\/v2\/posts\/49344","targetHints":{"allow":["GET"]}}],"collection":[{"href":"https:\/\/www.europesays.com\/fr\/wp-json\/wp\/v2\/posts"}],"about":[{"href":"https:\/\/www.europesays.com\/fr\/wp-json\/wp\/v2\/types\/post"}],"author":[{"embeddable":true,"href":"https:\/\/www.europesays.com\/fr\/wp-json\/wp\/v2\/users\/2"}],"replies":[{"embeddable":true,"href":"https:\/\/www.europesays.com\/fr\/wp-json\/wp\/v2\/comments?post=49344"}],"version-history":[{"count":0,"href":"https:\/\/www.europesays.com\/fr\/wp-json\/wp\/v2\/posts\/49344\/revisions"}],"wp:featuredmedia":[{"embeddable":true,"href":"https:\/\/www.europesays.com\/fr\/wp-json\/wp\/v2\/media\/49345"}],"wp:attachment":[{"href":"https:\/\/www.europesays.com\/fr\/wp-json\/wp\/v2\/media?parent=49344"}],"wp:term":[{"taxonomy":"category","embeddable":true,"href":"https:\/\/www.europesays.com\/fr\/wp-json\/wp\/v2\/categories?post=49344"},{"taxonomy":"post_tag","embeddable":true,"href":"https:\/\/www.europesays.com\/fr\/wp-json\/wp\/v2\/tags?post=49344"}],"curies":[{"name":"wp","href":"https:\/\/api.w.org\/{rel}","templated":true}]}}