{"id":493445,"date":"2025-10-27T15:45:16","date_gmt":"2025-10-27T15:45:16","guid":{"rendered":"https:\/\/www.europesays.com\/fr\/493445\/"},"modified":"2025-10-27T15:45:16","modified_gmt":"2025-10-27T15:45:16","slug":"ile-de-france-les-abandons-en-hausse-dans-les-formations-du-travail-social","status":"publish","type":"post","link":"https:\/\/www.europesays.com\/fr\/493445\/","title":{"rendered":"\u00cele-de-France\u00a0: les abandons en hausse dans les formations du travail social"},"content":{"rendered":"\n<p lang=\"fr-FR\" style=\"margin-bottom: 0cm; font-style: normal;\">Une <a href=\"https:\/\/www.institutparisregion.fr\/nos-travaux\/publications\/les-abandons-dans-les-formations-sociales\/\" rel=\"noopener\" target=\"_blank\">\u00e9tude<\/a>\u00a0de l\u2019Observatoire r\u00e9gional de l\u2019emploi et de la formation (OREF) d\u2019\u00cele-de-France alerte sur la hausse des abandons dans les formations du travail social. Elle identifie un d\u00e9ficit d\u2019attractivit\u00e9 et des difficult\u00e9s croissantes chez des \u00e9tudiants plus jeunes, souvent sans exp\u00e9rience et moins pr\u00e9par\u00e9s aux exigences du sup\u00e9rieur. Un ph\u00e9nom\u00e8ne qui serait accentu\u00e9 par la m\u00e9connaissance des m\u00e9tiers et les difficult\u00e9s financi\u00e8res des \u00e9tudiants au quotidien. L&rsquo;OREF appelle \u00e0 \u00ab\u00a0repenser l&rsquo;orientation des \u00e9tudiants\u00a0\u00bb.<\/p>\n<p lang=\"fr-FR\" style=\"margin-bottom: 0cm; font-style: normal;\">\u00a0<\/p>\n<p lang=\"fr-FR\" style=\"margin-bottom: 0cm;\">Nicolas Chacun<\/p>\n<p>!function(f,b,e,v,n,t,s){if(f.fbq)return;n=f.fbq=function(){n.callMethod?<br \/>\nn.callMethod.apply(n,arguments):n.queue.push(arguments)};if(!f._fbq)f._fbq=n;<br \/>\nn.push=n;n.loaded=!0;n.version=&rsquo;2.0&prime;;n.queue=[];t=b.createElement(e);t.async=!0;<br \/>\nt.src=v;s=b.getElementsByTagName(e)[0];s.parentNode.insertBefore(t,s)}(window,<br \/>\ndocument,&rsquo;script&rsquo;,&rsquo;https:\/\/connect.facebook.net\/en_US\/fbevents.js&rsquo;);<br \/>\nfbq(&lsquo;init&rsquo;, &lsquo;278974969201861&rsquo;); \/\/ Insert your pixel ID here.<br \/>\nfbq(&lsquo;track&rsquo;, &lsquo;PageView&rsquo;);<\/p>\n","protected":false},"excerpt":{"rendered":"Une \u00e9tude\u00a0de l\u2019Observatoire r\u00e9gional de l\u2019emploi et de la formation (OREF) d\u2019\u00cele-de-France alerte sur la hausse des abandons&hellip;\n","protected":false},"author":2,"featured_media":493446,"comment_status":"","ping_status":"","sticky":false,"template":"","format":"standard","meta":{"footnotes":""},"categories":[1592],"tags":[1111,11,1933,1936,1777,1939,674,1011,27,662,1934,12,1940,626,1935,25,1937,1941,1938],"class_list":{"0":"post-493445","1":"post","2":"type-post","3":"status-publish","4":"format-standard","5":"has-post-thumbnail","7":"category-ile-de-france","8":"tag-actu","9":"tag-actualites","10":"tag-actualites-locales","11":"tag-essonne","12":"tag-eu","13":"tag-eure-et-loir","14":"tag-europe","15":"tag-fr","16":"tag-france","17":"tag-ile-de-france","18":"tag-infos-locales","19":"tag-news","20":"tag-oise","21":"tag-paris","22":"tag-pres-de-chez-vous","23":"tag-republique-francaise","24":"tag-seine-et-marne","25":"tag-somme","26":"tag-yvelines"},"share_on_mastodon":{"url":"https:\/\/pubeurope.com\/@fr\/115446908515296411","error":""},"_links":{"self":[{"href":"https:\/\/www.europesays.com\/fr\/wp-json\/wp\/v2\/posts\/493445","targetHints":{"allow":["GET"]}}],"collection":[{"href":"https:\/\/www.europesays.com\/fr\/wp-json\/wp\/v2\/posts"}],"about":[{"href":"https:\/\/www.europesays.com\/fr\/wp-json\/wp\/v2\/types\/post"}],"author":[{"embeddable":true,"href":"https:\/\/www.europesays.com\/fr\/wp-json\/wp\/v2\/users\/2"}],"replies":[{"embeddable":true,"href":"https:\/\/www.europesays.com\/fr\/wp-json\/wp\/v2\/comments?post=493445"}],"version-history":[{"count":0,"href":"https:\/\/www.europesays.com\/fr\/wp-json\/wp\/v2\/posts\/493445\/revisions"}],"wp:featuredmedia":[{"embeddable":true,"href":"https:\/\/www.europesays.com\/fr\/wp-json\/wp\/v2\/media\/493446"}],"wp:attachment":[{"href":"https:\/\/www.europesays.com\/fr\/wp-json\/wp\/v2\/media?parent=493445"}],"wp:term":[{"taxonomy":"category","embeddable":true,"href":"https:\/\/www.europesays.com\/fr\/wp-json\/wp\/v2\/categories?post=493445"},{"taxonomy":"post_tag","embeddable":true,"href":"https:\/\/www.europesays.com\/fr\/wp-json\/wp\/v2\/tags?post=493445"}],"curies":[{"name":"wp","href":"https:\/\/api.w.org\/{rel}","templated":true}]}}