{"id":493465,"date":"2025-10-27T15:56:12","date_gmt":"2025-10-27T15:56:12","guid":{"rendered":"https:\/\/www.europesays.com\/fr\/493465\/"},"modified":"2025-10-27T15:56:12","modified_gmt":"2025-10-27T15:56:12","slug":"nouvel-accord-agricole-ue-maroc-une-entente-commerciale-sous-tension","status":"publish","type":"post","link":"https:\/\/www.europesays.com\/fr\/493465\/","title":{"rendered":"Nouvel accord agricole UE &#8211; Maroc : une entente commerciale sous tension"},"content":{"rendered":"<p>Le partenariat commercial sur la p\u00eache et l\u2019agriculture sign\u00e9 entre l\u2019Union europ\u00e9enne et le Maroc et entr\u00e9 en vigueur de fa\u00e7on provisoire le 3 octobre dernier ne fait pas que des heureux. Le 5 octobre, la Coordination des organisations d\u2019agriculteurs et d\u2019\u00e9leveurs espagnols (COAG) a annonc\u00e9 son intention de porter plainte aupr\u00e8s de la Cour de justice de l\u2019UE (CJUE) contre celui-ci.<\/p>\n<p>Ce dernier pr\u00e9voit notamment l\u2019extension au Sahara occidental du traitement pr\u00e9f\u00e9rentiel en mati\u00e8re de droits de douane accord\u00e9 par l&rsquo;UE au Royaume ch\u00e9rifien, et inclut de nouvelles dispositions concernant l&rsquo;\u00e9tiquetage des produits horticoles issus de ce territoire, afin d\u2019informer les consommateurs de leur provenance. Les fruits et l\u00e9gumes provenant de cette zone d\u00e9sertique du nord-ouest de l&rsquo;Afrique seront ainsi identifi\u00e9s par leur r\u00e9gion d\u2019origine \u2014 La\u00e2youne-Sakia El Hamra et Dakhla-Oued Eddahab, qui sont des divisions administratives du Maroc.<\/p>\n<p>Ceci fait suite \u00e0 l\u2019invalidation en octobre 2024 des deux accords conclus en 2019 sur les produits agricoles et de p\u00eache, alors approuv\u00e9s par le Conseil de l&rsquo;UE. La Cour de justice de l&rsquo;Union europ\u00e9enne (CJUE) avait alors indiqu\u00e9 que le processus s&rsquo;\u00e9tait fait en \u00ab\u00a0m\u00e9connaissance des principes de l\u2019autod\u00e9termination\u00a0\u00bb\u00a0du peuple sahraoui, et affirm\u00e9 que \u00ab le Sahara occidental est un territoire \u00ab\u00a0distinct\u00a0\u00bb du Maroc, sans souverainet\u00e9 ni mandat d\u2019administration reconnu pour ce dernier \u00bb.<\/p>\n<p>La haute juridiction \u00e9tablie au Luxembourg avait n\u00e9anmoins prolong\u00e9 d\u2019un an l\u2019application des accords de 2019 pour permettre aux deux parties de nouer une nouvelle entente.<\/p>\n<p>D\u2019apr\u00e8s la COAG, l\u2019application par la Commission europ\u00e9enne de l&rsquo;accord du 3 octobre est probl\u00e9matique parce qu\u2019elle ignore d\u2019une part le Parlement europ\u00e9en qui doit accorder son approbation, et d\u2019autre part la d\u00e9cision de la CJUE. Inclure ses produits \u00ab dans un trait\u00e9 qui n\u2019a pas \u00e9t\u00e9 soumis \u00e0 l\u2019avis de ses repr\u00e9sentants l\u00e9gitimes constituerait une violation du droit international \u00bb, souligne l\u2019organisation.<\/p>\n<p>Au-del\u00e0 de l\u2019aspect juridique et politique, les acteurs espagnols mettent en avant les cons\u00e9quences \u00e9conomiques pour la fili\u00e8re locale, y voyant une \u00ab\u00a0mise en p\u00e9ril de la rentabilit\u00e9 de milliers d&rsquo;exploitations de fruits et l\u00e9gumes, et le fait de ne b\u00e9n\u00e9ficier qu&rsquo;aux grandes entreprises importatrices\u00a0\u00bb.<\/p>\n<p><strong>Vers un nouveau bras de fer ?<\/strong>&#13;\n<\/p>\n<p>En attendant de nouveaux d\u00e9veloppements, la position de la COAG a le soutien de certains acteurs politiques locaux. Selon des propos relay\u00e9s par le site d\u2019informations Euractiv, l\u2019eurod\u00e9put\u00e9e Mireia Borr\u00e1s du groupe Patriotes pour l&rsquo;Europe a affirm\u00e9 que l\u2019accord\u00a0\u00ab\u2009n\u2019est pas conforme \u00e0 la d\u00e9cision de justice de 2024\u2009\u00bb\u00a0et accus\u00e9 la Commission d\u2019agir\u00a0\u00ab\u2009dans le dos du Parlement\u2009\u00bb. De leur c\u00f4t\u00e9, les ind\u00e9pendantistes sahraouis du Front Polisario sont \u00e9galement mont\u00e9s au cr\u00e9neau le jour m\u00eame de l&rsquo;entr\u00e9e en vigueur provisoire de l&rsquo;accord.<\/p>\n<p>\u00ab\u00a0\u00c9tant donn\u00e9 la solidit\u00e9 des principes \u00e9tablis par la Cour dans sa jurisprudence, l\u2019ill\u00e9galit\u00e9 du nouvel accord est flagrante. N\u00e9goci\u00e9 en cinq jours, \u00e0 l\u2019insu du peuple sahraoui, il a \u00e9t\u00e9 adopt\u00e9 de force au moyen d\u2019une proc\u00e9dure \u00e9crite visant \u00e0 contraindre les \u00c9tats membres, avec une application provisoire destin\u00e9e \u00e0 neutraliser le Parlement europ\u00e9en et \u00e0 le placer devant le fait accompli. En substance, le choix qui a \u00e9t\u00e9 fait consiste \u00e0 modifier le droit de l\u2019Union europ\u00e9enne pour l\u2019adapter \u00e0 l\u2019occupation ill\u00e9gale du Sahara occidental par le Royaume du Maroc \u00bb rapporte Sahara Presse Service.<\/p>\n<p>Quant aux officiels, si aucune r\u00e9action de leur part n\u2019a encore filtr\u00e9 sur la sortie de la COAG, ils avaient d\u00e9j\u00e0 d\u00e9clar\u00e9 que l\u2019accord visait \u00e0 r\u00e9pondre aux exigences fix\u00e9es par la CJUE.<\/p>\n<p>Selon les donn\u00e9es de la Commission, 203 000 tonnes de produits originaires du Sahara occidental ont \u00e9t\u00e9 export\u00e9es vers l\u2019UE en 2022 pour une valeur de 590 millions d\u2019euros. Les produits \u00e0 destination du bloc europ\u00e9en sont d&rsquo;abord achemin\u00e9s vers la ville marocaine d&rsquo;Agadir, pour y \u00eatre\u00a0emball\u00e9s avant d&rsquo;\u00eatre exp\u00e9di\u00e9s vers le march\u00e9 communautaire.<\/p>\n","protected":false},"excerpt":{"rendered":"Le partenariat commercial sur la p\u00eache et l\u2019agriculture sign\u00e9 entre l\u2019Union europ\u00e9enne et le Maroc et entr\u00e9 en&hellip;\n","protected":false},"author":2,"featured_media":493466,"comment_status":"","ping_status":"","sticky":false,"template":"","format":"standard","meta":{"footnotes":""},"categories":[1586],"tags":[17,743,11,15092,18975,18131,1777,674,1779,1011,27,59387,2223,12,10542,25,6371,1778,364],"class_list":{"0":"post-493465","1":"post","2":"type-post","3":"status-publish","4":"format-standard","5":"has-post-thumbnail","7":"category-europe","8":"tag-17","9":"tag-accord","10":"tag-actualites","11":"tag-agricole","12":"tag-commerciale","13":"tag-entente","14":"tag-eu","15":"tag-europe","16":"tag-european-union","17":"tag-fr","18":"tag-france","19":"tag-la-tribune-afrique","20":"tag-maroc","21":"tag-news","22":"tag-nouvel","23":"tag-republique-francaise","24":"tag-tension","25":"tag-ue","26":"tag-union-europeenne"},"share_on_mastodon":{"url":"https:\/\/pubeurope.com\/@fr\/115446951785958969","error":""},"_links":{"self":[{"href":"https:\/\/www.europesays.com\/fr\/wp-json\/wp\/v2\/posts\/493465","targetHints":{"allow":["GET"]}}],"collection":[{"href":"https:\/\/www.europesays.com\/fr\/wp-json\/wp\/v2\/posts"}],"about":[{"href":"https:\/\/www.europesays.com\/fr\/wp-json\/wp\/v2\/types\/post"}],"author":[{"embeddable":true,"href":"https:\/\/www.europesays.com\/fr\/wp-json\/wp\/v2\/users\/2"}],"replies":[{"embeddable":true,"href":"https:\/\/www.europesays.com\/fr\/wp-json\/wp\/v2\/comments?post=493465"}],"version-history":[{"count":0,"href":"https:\/\/www.europesays.com\/fr\/wp-json\/wp\/v2\/posts\/493465\/revisions"}],"wp:featuredmedia":[{"embeddable":true,"href":"https:\/\/www.europesays.com\/fr\/wp-json\/wp\/v2\/media\/493466"}],"wp:attachment":[{"href":"https:\/\/www.europesays.com\/fr\/wp-json\/wp\/v2\/media?parent=493465"}],"wp:term":[{"taxonomy":"category","embeddable":true,"href":"https:\/\/www.europesays.com\/fr\/wp-json\/wp\/v2\/categories?post=493465"},{"taxonomy":"post_tag","embeddable":true,"href":"https:\/\/www.europesays.com\/fr\/wp-json\/wp\/v2\/tags?post=493465"}],"curies":[{"name":"wp","href":"https:\/\/api.w.org\/{rel}","templated":true}]}}