{"id":493468,"date":"2025-10-27T15:58:25","date_gmt":"2025-10-27T15:58:25","guid":{"rendered":"https:\/\/www.europesays.com\/fr\/493468\/"},"modified":"2025-10-27T15:58:25","modified_gmt":"2025-10-27T15:58:25","slug":"pres-de-lyon-une-mere-de-famille-tuee-a-coups-de-couteau-chez-elle-une-piste-se-degage","status":"publish","type":"post","link":"https:\/\/www.europesays.com\/fr\/493468\/","title":{"rendered":"Pr\u00e8s de Lyon. Une m\u00e8re de famille tu\u00e9e \u00e0 coups de couteau chez elle, une piste se d\u00e9gage"},"content":{"rendered":"<p>            Par<br \/>\n        <strong><br \/>\n            <a href=\"https:\/\/actu.fr\/auteur\/julien-damboise\" title=\"Consulter tous les articles de Julien Damboise\" target=\"_blank\" rel=\"noopener\">Julien Damboise<\/a><br \/>\n        <\/strong><\/p>\n<p>        Publi\u00e9 le<\/p>\n<p>            27 oct. 2025 \u00e0 11h20<br \/>\n        ; mis \u00e0 jour le 27 oct. 2025 \u00e0 15h02    <\/p>\n<p><strong>MISE \u00c0 JOUR<\/strong>. Ce lundi 27 octobre 2025 \u00e0 15 h : Dans un communiqu\u00e9, le parquet de Lyon indique que c\u2019est bien le conjoint de la victime qui a tu\u00e9 la m\u00e8re de famille \u00e2g\u00e9e de 38 ans. Une proc\u00e9dure \u00ab\u00a0du chef d\u2019homicide sur conjoint\u00a0\u00bb est ouverte selon la justice lyonnaise. Le meurtrier pr\u00e9sum\u00e9 est toujours en garde \u00e0 vue.<\/p>\n<p class=\" wall-content\">La commune de <a href=\"https:\/\/actu.fr\/auvergne-rhone-alpes\/saint-priest_69290\" target=\"_blank\" rel=\"noopener\">Saint-Priest<\/a> a \u00e9t\u00e9 le th\u00e9\u00e2tre d\u2019un <strong>crime<\/strong> ce dimanche 26 octobre 2025, selon une information de <a href=\"https:\/\/www.bfmtv.com\/lyon\/info-bfm-lyon-une-femme-tuee-a-coups-de-couteau-a-saint-priest_AN-202510270267.html\" target=\"_blank\" rel=\"noopener\">BFM Lyon<\/a>, confirm\u00e9e par actu Lyon. Une femme a \u00e9t\u00e9 <strong>tu\u00e9e \u00e0 coups de couteau<\/strong> dans son domicile du <strong>quartier de Bel Air<\/strong>. Son mari a \u00e9t\u00e9 interpell\u00e9 peu apr\u00e8s dans l\u2019agglom\u00e9ration de <a href=\"https:\/\/actu.fr\/lyon\/\" target=\"_blank\" rel=\"noopener\">Lyon<\/a>.<\/p>\n<p>    <a href=\"https:\/\/www.google.com\/maps\/embed?pb=!1m18!1m12!1m3!1d8883.300235374358!2d4.941551205106165!3d45.69262153725298!2m3!1f0!2f0!3f0!3m2!1i1024!2i768!4f13.1!3m3!1m2!1s0x47f4c470a962194f%3A0x6d5372dc7fd6d61a!2sSt%20Priest%20Bel%20Air%2C%2069800%20Lyon!5e1!3m2!1sfr!2sfr!4v1761558986264!5m2!1sfr!2sfr\" title=\"Ouvrie le lien\" target=\"_blank\" rel=\"noopener\">Cliquez ici pour visualiser le contenu<\/a><\/p>\n<p>Une femme tu\u00e9e chez elle<\/p>\n<p class=\" wall-content\">Le meurtre s\u2019est d\u00e9roul\u00e9 vers 21 h dans un appartement de la <strong>rue Judith Gautier<\/strong> selon nos informations. C\u2019est une femme \u00e2g\u00e9e de 38 ans qui a \u00e9t\u00e9 tu\u00e9e \u00e0 coups de couteau par un homme, son <strong>conjoint<\/strong>, selon les premiers \u00e9l\u00e9ments recueillis par notre r\u00e9daction.<\/p>\n<p class=\" wall-content\">Une source proche de l\u2019affaire nous indique que <strong>trois enfants \u00e9taient pr\u00e9sents<\/strong> dans le logement, mais ils n\u2019auraient toutefois pas assist\u00e9 \u00e0 la terrible sc\u00e8ne en restant dans leur chambre. Tous sont mineurs, ils ont \u00e9t\u00e9 pris en charge dans le cadre d\u2019une proc\u00e9dure sp\u00e9cifique.<\/p>\n<p class=\" wall-content\">Quand les <a href=\"https:\/\/actu.fr\/auvergne-rhone-alpes\/lyon_69123\/lyon-urgences-ado-dans-le-coma-reanimation-la-course-contre-la-mort-du-samu_61501637.html\" target=\"_blank\" rel=\"noopener\">secouristes<\/a> sont arriv\u00e9s, il \u00e9tait trop tard. Le d\u00e9c\u00e8s de la maman a \u00e9t\u00e9 prononc\u00e9. Le meurtrier avait quitt\u00e9 les lieux.<\/p>\n<p>Retrouv\u00e9 \u00e0 Meyzieu<\/p>\n<p class=\" wall-content\">Le conjoint soup\u00e7onn\u00e9 du <a href=\"https:\/\/actu.fr\/tag\/feminicide\" target=\"_blank\" rel=\"noopener\">f\u00e9minicide<\/a> a \u00e9t\u00e9 retrouv\u00e9 sur la commune de <a href=\"https:\/\/actu.fr\/auvergne-rhone-alpes\/meyzieu_69282\" target=\"_blank\" rel=\"noopener\">Meyzieu<\/a>, toujours dans l\u2019agglom\u00e9ration de Lyon, un peu plus tard.<\/p>\n<p>Votre r\u00e9gion, votre actu !<\/p>\n<p>Recevez chaque jour les infos qui comptent pour vous.<\/p>\n<p>\t<a href=\"https:\/\/actu.fr\/newsletter\" class=\"ac-btn ac-btn--corner ac-btn--medium ac-btn--blue800\" target=\"_blank\" rel=\"noopener\">S&rsquo;incrire<\/a><\/p>\n<p class=\" wall-content\">Toujours d\u2019apr\u00e8s actu Lyon, il s\u2019est r\u00e9fugi\u00e9 chez un proche. Mais c\u2019est ce dernier qui aurait appel\u00e9 la police pour que les agents viennent interpeller le mis en cause. Ce dernier aurait <strong>d\u00e9j\u00e0 avou\u00e9<\/strong>.<\/p>\n<p class=\" wall-content\">Plac\u00e9 en garde \u00e0 vue, l\u2019homme \u00e2g\u00e9 de 39 ans doit \u00eatre auditionn\u00e9 pour expliquer les raisons de son geste. Sollicit\u00e9, le parquet de Lyon n\u2019a pas encore r\u00e9pondu \u00e0 nos questions.<\/p>\n<p>Le maire r\u00e9agit<\/p>\n<p class=\" wall-content\">Le maire LR de la commune de Saint-Priest, Gilles Gascon, s\u2019est rendu sur place apr\u00e8s le drame pour s\u2019assurer que les enfants \u00ab\u00a0\u00e9taient pris en charge et en s\u00e9curit\u00e9\u00a0\u00bb.<\/p>\n<p class=\" wall-content\">Il fait part d\u2019une \u00ab\u00a0immense tristesse\u00a0\u00bb.<\/p>\n<blockquote class=\"ac-article-quote wall-content\">\n<p>Mes pens\u00e9es vont \u00e0 cette femme, \u00e0 sa famille, \u00e0 ses proches, \u00e0 ses enfants surtout. Ces trag\u00e9dies trop nombreuses nous bouleversent et nous rappellent, une fois encore, combien il est urgent de poursuivre sans rel\u00e2che la lutte contre les f\u00e9minicides et de soutenir toutes les victimes de violences.<\/p>\n<p>    <strong>Gilles Gascon<\/strong><br \/>\n        Maire de Saint-Priest    <\/p><\/blockquote>\n<p class=\" wall-content\">Personnalisez votre actualit\u00e9 en ajoutant vos villes et m\u00e9dias en favori avec <a href=\"https:\/\/moncompte.actu.fr\" title=\"D\u00e9couvez Mon Actu\" rel=\"nofollow noopener\" data-trk=\"{&quot;cta&quot;:{&quot;action&quot;:&quot;https:\\\/\\\/moncompte.actu.fr&quot;,&quot;category&quot;:&quot;mon compte&quot;,&quot;from&quot;:&quot;article footer&quot;,&quot;name&quot;:&quot;Mon actu&quot;,&quot;type&quot;:&quot;cta&quot;}}\" target=\"_blank\">Mon Actu<\/a>.<\/p>\n","protected":false},"excerpt":{"rendered":"Par Julien Damboise Publi\u00e9 le 27 oct. 2025 \u00e0 11h20 ; mis \u00e0 jour le 27 oct. 2025&hellip;\n","protected":false},"author":2,"featured_media":493469,"comment_status":"","ping_status":"","sticky":false,"template":"","format":"standard","meta":{"footnotes":""},"categories":[2],"tags":[11,118,3555,1011,27,777,12,1072,25],"class_list":{"0":"post-493468","1":"post","2":"type-post","3":"status-publish","4":"format-standard","5":"has-post-thumbnail","7":"category-actualites","8":"tag-actualites","9":"tag-faits-divers","10":"tag-feminicide","11":"tag-fr","12":"tag-france","13":"tag-meurtre","14":"tag-news","15":"tag-police","16":"tag-republique-francaise"},"share_on_mastodon":{"url":"https:\/\/pubeurope.com\/@fr\/115446959660822451","error":""},"_links":{"self":[{"href":"https:\/\/www.europesays.com\/fr\/wp-json\/wp\/v2\/posts\/493468","targetHints":{"allow":["GET"]}}],"collection":[{"href":"https:\/\/www.europesays.com\/fr\/wp-json\/wp\/v2\/posts"}],"about":[{"href":"https:\/\/www.europesays.com\/fr\/wp-json\/wp\/v2\/types\/post"}],"author":[{"embeddable":true,"href":"https:\/\/www.europesays.com\/fr\/wp-json\/wp\/v2\/users\/2"}],"replies":[{"embeddable":true,"href":"https:\/\/www.europesays.com\/fr\/wp-json\/wp\/v2\/comments?post=493468"}],"version-history":[{"count":0,"href":"https:\/\/www.europesays.com\/fr\/wp-json\/wp\/v2\/posts\/493468\/revisions"}],"wp:featuredmedia":[{"embeddable":true,"href":"https:\/\/www.europesays.com\/fr\/wp-json\/wp\/v2\/media\/493469"}],"wp:attachment":[{"href":"https:\/\/www.europesays.com\/fr\/wp-json\/wp\/v2\/media?parent=493468"}],"wp:term":[{"taxonomy":"category","embeddable":true,"href":"https:\/\/www.europesays.com\/fr\/wp-json\/wp\/v2\/categories?post=493468"},{"taxonomy":"post_tag","embeddable":true,"href":"https:\/\/www.europesays.com\/fr\/wp-json\/wp\/v2\/tags?post=493468"}],"curies":[{"name":"wp","href":"https:\/\/api.w.org\/{rel}","templated":true}]}}