{"id":493474,"date":"2025-10-27T16:02:12","date_gmt":"2025-10-27T16:02:12","guid":{"rendered":"https:\/\/www.europesays.com\/fr\/493474\/"},"modified":"2025-10-27T16:02:12","modified_gmt":"2025-10-27T16:02:12","slug":"transferts-international-tom-willis-vers-lubb-un-cas-sans-precedent-qui-secoue-le-rugby-anglais","status":"publish","type":"post","link":"https:\/\/www.europesays.com\/fr\/493474\/","title":{"rendered":"Transferts. International &#8211; Tom Willis vers l\u2019UBB, un cas sans pr\u00e9c\u00e9dent qui secoue le rugby anglais"},"content":{"rendered":"<p>Le d\u00e9part du troisi\u00e8me ligne anglais Tom Willis vers Bordeaux-B\u00e8gles suscite la controverse. Malgr\u00e9 son futur exil, il percevra encore une prime f\u00e9d\u00e9rale. Les Saracens songent d\u00e9j\u00e0 au All Black Hoskins Sotutu pour le remplacer.<\/p>\n<p>Le d\u00e9part futur de <strong><a href=\"https:\/\/www.rugbyrama.fr\/2025\/10\/18\/transferts-top-14-tom-willis-vers-bordeaux-begles-les-saracens-ont-officialise-le-depart-du-troisieme-ligne-anglais-13001347.php\" target=\"_self\" rel=\"nofollow noopener\">Tom Willis pour Bordeaux-B\u00e8gles<\/a><\/strong> a froiss\u00e9 nombre d\u2019observateurs anglais. Au-del\u00e0 de son d\u00e9part sur le plan sportif, la question financi\u00e8re heurte quelques sensibilit\u00e9s outre-Manche. Le num\u00e9ro 8 doit en effet recevoir environ 160 000 \u00a3 de la part de la RFU cette saison au titre de joueur majeur de la s\u00e9lection bien qu\u2019il ne portera vraisemblablement plus le maillot national d\u2019ici son d\u00e9part l\u2019\u00e9t\u00e9 prochain. Steve Borthwick a en effet d\u00e9cid\u00e9 de se passer de ses services car il entend miser sur des \u00e9l\u00e9ments disponibles et \u00e9ligibles pour le Mondial 2027.<\/p>\n<p>Hoskins Sotutu vers le XV de la Rose ?<\/p>\n<p>La RFU n\u2019a pas encore discut\u00e9 du contrat de Willis avec lui ni pris de quelconque d\u00e9cision \u00e0 ce sujet. Il s\u2019agit d\u2019un cas sans pr\u00e9c\u00e9dent depuis que la F\u00e9d\u00e9ration a mis en place ce programme EPS cens\u00e9 favoriser la conservation des meilleurs \u00e9l\u00e9ments sur l\u2019\u00eele de par le compl\u00e9ment de salaire apport\u00e9. En attendant, les Saracens sont contraints de lui trouver un successeur. Pour remplacer Tom Willis, les Londoniens souhaiteraient enr\u00f4ler le All Black Hoskins Sotutu (27 ans, 14 s\u00e9lections). Le joueur des Blues, qui n\u2019a plus port\u00e9 la tunique noire depuis 2022, pourrait profiter de cette mutation pour repr\u00e9senter le XV de la Rose, sa m\u00e8re \u00e9tant anglaise.<\/p>\n","protected":false},"excerpt":{"rendered":"Le d\u00e9part du troisi\u00e8me ligne anglais Tom Willis vers Bordeaux-B\u00e8gles suscite la controverse. Malgr\u00e9 son futur exil, il&hellip;\n","protected":false},"author":2,"featured_media":493475,"comment_status":"","ping_status":"","sticky":false,"template":"","format":"standard","meta":{"footnotes":""},"categories":[1416],"tags":[1011,27,479,1468,60],"class_list":{"0":"post-493474","1":"post","2":"type-post","3":"status-publish","4":"format-standard","5":"has-post-thumbnail","7":"category-rugby","8":"tag-fr","9":"tag-france","10":"tag-rugby","11":"tag-rugby-football","12":"tag-sports"},"share_on_mastodon":{"url":"https:\/\/pubeurope.com\/@fr\/115446975356060277","error":""},"_links":{"self":[{"href":"https:\/\/www.europesays.com\/fr\/wp-json\/wp\/v2\/posts\/493474","targetHints":{"allow":["GET"]}}],"collection":[{"href":"https:\/\/www.europesays.com\/fr\/wp-json\/wp\/v2\/posts"}],"about":[{"href":"https:\/\/www.europesays.com\/fr\/wp-json\/wp\/v2\/types\/post"}],"author":[{"embeddable":true,"href":"https:\/\/www.europesays.com\/fr\/wp-json\/wp\/v2\/users\/2"}],"replies":[{"embeddable":true,"href":"https:\/\/www.europesays.com\/fr\/wp-json\/wp\/v2\/comments?post=493474"}],"version-history":[{"count":0,"href":"https:\/\/www.europesays.com\/fr\/wp-json\/wp\/v2\/posts\/493474\/revisions"}],"wp:featuredmedia":[{"embeddable":true,"href":"https:\/\/www.europesays.com\/fr\/wp-json\/wp\/v2\/media\/493475"}],"wp:attachment":[{"href":"https:\/\/www.europesays.com\/fr\/wp-json\/wp\/v2\/media?parent=493474"}],"wp:term":[{"taxonomy":"category","embeddable":true,"href":"https:\/\/www.europesays.com\/fr\/wp-json\/wp\/v2\/categories?post=493474"},{"taxonomy":"post_tag","embeddable":true,"href":"https:\/\/www.europesays.com\/fr\/wp-json\/wp\/v2\/tags?post=493474"}],"curies":[{"name":"wp","href":"https:\/\/api.w.org\/{rel}","templated":true}]}}