{"id":493476,"date":"2025-10-27T16:03:15","date_gmt":"2025-10-27T16:03:15","guid":{"rendered":"https:\/\/www.europesays.com\/fr\/493476\/"},"modified":"2025-10-27T16:03:15","modified_gmt":"2025-10-27T16:03:15","slug":"terence-atmane-cede-face-a-aleksandar-vukic-au-premier-tour-du-rolex-paris-masters-lequipe","status":"publish","type":"post","link":"https:\/\/www.europesays.com\/fr\/493476\/","title":{"rendered":"T\u00e9rence Atmane c\u00e8de face \u00e0 Aleksandar Vukic au premier tour du Rolex Paris Masters &#8211; L&#039;\u00c9quipe"},"content":{"rendered":"<ol>\n<li><a href=\"https:\/\/news.google.com\/rss\/articles\/CBMiywFBVV95cUxOVFNIcS04Y3Y0Xy1WSFhzbkMwc2dGOG0tOFk2TW1fVVF3ZmZCYXdpdlhRLUlteHE5SmtRcnN2QVdpN3o1QkFmWWN1U2NfNUZhNjRLUGJrTTFCUXhibHJYX1dZU0xPWDdIVVB4dzJ6QnpZQjBTbVF4QmNzd3hyZGNGQ2pteXAwZUw2b00wWG9PUmVZSGNNTWszWVNhS0VfNWVZM2hNcXh3eElLMXJMMnB3akxwMnpXaE1zNkN5X3o2R3NRajFKbm10NXRjMA?oc=5\" target=\"_blank\" rel=\"nofollow noopener\">T\u00e9rence Atmane c\u00e8de face \u00e0 Aleksandar Vukic au premier tour du Rolex Paris Masters<\/a>&nbsp;&nbsp;L&rsquo;\u00c9quipe<\/li>\n<li><a href=\"https:\/\/news.google.com\/rss\/articles\/CBMiuAFBVV95cUxNcWpwSnphdGZuY2J4MlNzdnVpbHNhT2VIZzRlakxKVE1GQVFsXzZIY1VlV1E1SF9xM2J0UTlCTnc2RFJSS0M4ZlNjb0RfaHBsTWRsSEZGNzl3TFVFcVFaTFJ5U1ZieUtoeHM1N1FrS0Y2eDBubUQ1M0ZGcEkyaVZTcURMV2tuMnhNaTl3emdYbDlMWlQ4VVNPaFdEUXQxaU40QXh5N0NBWmREalR6dWZTNUZUcHRMdmRk?oc=5\" target=\"_blank\" rel=\"nofollow noopener\">Luciano Darderi &#8211; Arthur Cazaux en direct &#8211; ATP Rolex Paris Masters : Tennis Scores &amp; R\u00e9sultats &#8211; 28\/10\/2025<\/a>&nbsp;&nbsp;Eurosport<\/li>\n<li><a href=\"https:\/\/news.google.com\/rss\/articles\/CBMijAFBVV95cUxNSlVOM290Mjc5N1lFM2ZqVjMxRUhMUlNkcHdGVk4xQlVWQnhwTVl2aWJaN0RZVEtKczVOYk51OHQyVWZIbmtGOVd6VzNLWVZSWUVObnV6RWJDVlowR1p1Tl9FRW1lNGxOWE5CeFNXY0w1YmVWRVgwWXhXLWJhQ3VoRW5raGJsUFJUSVAybw?oc=5\" target=\"_blank\" rel=\"nofollow noopener\">Pronostic Aleksandar Vukic &#8211; Terence Atmane<\/a>&nbsp;&nbsp;RueDesJoueurs<\/li>\n<li><a href=\"https:\/\/news.google.com\/rss\/articles\/CBMizwFBVV95cUxPVFNoN3RFX3JPR2xLcExreEV4WlVhSGhWSHBHZG9pTHhsU1V1cjdXcjczS0hUMC1ITHd4bW96ZkNrNkt5TFNtazRxV2k2UC1kNklFOGtNUHVmTG5xa1VMSVdSMy1lNDNfMnBoOW5CdmZpOVZjcmlJYkdtV0JxVE5ZVFhGTm13bERIUG1TQklXNndnUWI2WGdWVE9VZXNmWXdXNGxjQ1FFRUF3Vk40UEZjZzFZQ2tvQUR0c2pZaFFoUGpNTF82dngtOVdfWkFZNHM?oc=5\" target=\"_blank\" rel=\"nofollow noopener\">Pour finir son ann\u00e9e folle, Terence Atmane sera directement dans le grand tableau du Paris Masters<\/a>&nbsp;&nbsp;Nord Littoral<\/li>\n<li><a href=\"https:\/\/news.google.com\/rss\/articles\/CBMisAFBVV95cUxPTHFBZXo3ZExoaGJuM2w1a29Xd0xVelFyR2dZV1ZoT0ZuRFlJZGhkWHhCRWdtUXBQRHJGTUJqR1N4NW1QT08ydldKbG9qV2paWlhpMGJ3N1J5a3hlTFpSVVQ0MmtXYXVSOWJjSS1CVTFCLXBMeTBaaFJjQlpVYkRNT2FsV2Q1a2hZNXJETFpQTVlDZTVKR1UyMmRjNnBNaVlzcVJXdXhjNjI3VUxfaG5ONw?oc=5\" target=\"_blank\" rel=\"nofollow noopener\">Rolex Paris Masters : T\u00e9rence Atmane sorti d\u2019entr\u00e9e par Aleksandar Vukic<\/a>&nbsp;&nbsp;Univers Tennis<\/li>\n<\/ol>\n","protected":false},"excerpt":{"rendered":"T\u00e9rence Atmane c\u00e8de face \u00e0 Aleksandar Vukic au premier tour du Rolex Paris Masters&nbsp;&nbsp;L&rsquo;\u00c9quipe Luciano Darderi &#8211; Arthur&hellip;\n","protected":false},"author":2,"featured_media":493477,"comment_status":"","ping_status":"","sticky":false,"template":"","format":"standard","meta":{"footnotes":""},"categories":[1415],"tags":[1011,27,60,1467],"class_list":{"0":"post-493476","1":"post","2":"type-post","3":"status-publish","4":"format-standard","5":"has-post-thumbnail","7":"category-tennis","8":"tag-fr","9":"tag-france","10":"tag-sports","11":"tag-tennis"},"share_on_mastodon":{"url":"https:\/\/pubeurope.com\/@fr\/115446979094455276","error":""},"_links":{"self":[{"href":"https:\/\/www.europesays.com\/fr\/wp-json\/wp\/v2\/posts\/493476","targetHints":{"allow":["GET"]}}],"collection":[{"href":"https:\/\/www.europesays.com\/fr\/wp-json\/wp\/v2\/posts"}],"about":[{"href":"https:\/\/www.europesays.com\/fr\/wp-json\/wp\/v2\/types\/post"}],"author":[{"embeddable":true,"href":"https:\/\/www.europesays.com\/fr\/wp-json\/wp\/v2\/users\/2"}],"replies":[{"embeddable":true,"href":"https:\/\/www.europesays.com\/fr\/wp-json\/wp\/v2\/comments?post=493476"}],"version-history":[{"count":0,"href":"https:\/\/www.europesays.com\/fr\/wp-json\/wp\/v2\/posts\/493476\/revisions"}],"wp:featuredmedia":[{"embeddable":true,"href":"https:\/\/www.europesays.com\/fr\/wp-json\/wp\/v2\/media\/493477"}],"wp:attachment":[{"href":"https:\/\/www.europesays.com\/fr\/wp-json\/wp\/v2\/media?parent=493476"}],"wp:term":[{"taxonomy":"category","embeddable":true,"href":"https:\/\/www.europesays.com\/fr\/wp-json\/wp\/v2\/categories?post=493476"},{"taxonomy":"post_tag","embeddable":true,"href":"https:\/\/www.europesays.com\/fr\/wp-json\/wp\/v2\/tags?post=493476"}],"curies":[{"name":"wp","href":"https:\/\/api.w.org\/{rel}","templated":true}]}}