{"id":493482,"date":"2025-10-27T16:09:13","date_gmt":"2025-10-27T16:09:13","guid":{"rendered":"https:\/\/www.europesays.com\/fr\/493482\/"},"modified":"2025-10-27T16:09:13","modified_gmt":"2025-10-27T16:09:13","slug":"je-suis-mal-partie-trop-vite","status":"publish","type":"post","link":"https:\/\/www.europesays.com\/fr\/493482\/","title":{"rendered":"Je suis mal partie, trop vite"},"content":{"rendered":"<p>S\u00e9ducteur dans l\u2019\u00e2me, Nicolas Sarkozy a eu une vie sentimentale<br \/>\npour le moins remplie. C\u2019est d\u2019abord aupr\u00e8s de Marie-Dominique<br \/>\nCulioli que l\u2019homme politique s\u2019\u00e9panouit. Ensemble, le couple<br \/>\naccueille deux fils : Pierre et Jean. Malheureusement, et apr\u00e8s de<br \/>\nnombreuses ann\u00e9es de bonheur, Nicolas et son \u00e9pouse divorcent. Il<br \/>\nfaut dire que le coup de foudre du politicien pour C\u00e9cilia Attias<br \/>\nn\u2019arrange rien et signe l\u2019arr\u00eat de sa relation avec la m\u00e8re de ses<br \/>\ndeux fils. Sarkozy ne perd toutefois pas espoir et retente<br \/>\nl\u2019aventure du mariage avec C\u00e9cilia en 1996.<\/p>\n<p>C\u00e9cilia Attias d\u00e9voile son meilleur souvenir avec Nicolas<br \/>\nSarkozy<\/p>\n<p>Fou amoureux de sa seconde femme, Nicolas Sarkozy devient avec<br \/>\nelle <strong>p\u00e8re pour la troisi\u00e8me fois avec l\u2019arriv\u00e9e de Louis en<br \/>\n1997<\/strong>. Dans un entretien accord\u00e9 \u00e0 ELLE il y a plusieurs<br \/>\nann\u00e9es, C\u00e9cilia Attias r\u00e9v\u00e9lait alors que <strong>la naissance de<br \/>\nson fils est le plus beau souvenir de sa relation<\/strong> avec<br \/>\n<a href=\"https:\/\/www.melty.fr\/people\/nicolas-sarkozy-en-prison-son-quotidien-devoile-achat-de-thon-et-de-yaourts-coups-de-balai-2271412.html\" rel=\"nofollow noopener\" target=\"_blank\"><br \/>\ncelui qui est aujourd\u2019hui incarc\u00e9r\u00e9 \u00e0 la prison de la<br \/>\nSant\u00e9<\/a>.<\/p>\n<p>\u00ab\u00a0Les ann\u00e9es qui l\u2019ont pr\u00e9c\u00e9d\u00e9e et celles qui l\u2019ont<br \/>\nsuivie\u00a0\u00bb, lui restent ainsi en m\u00e9moire. <strong>\u00ab\u00a0J\u2019ai le<br \/>\nsouvenir magique de ces moments d\u2019insouciance o\u00f9 nous construisions<br \/>\nnotre couple et notre bonheur\u00a0\u00bb<\/strong>, confie alors C\u00e9cilia<br \/>\navant d\u2019admettre toutefois la raison pour laquelle <strong>son<br \/>\nhistoire avec Nicolas Sarkozy a commenc\u00e9 \u00e0 prendre l\u2019eau<\/strong> :<br \/>\n<strong>\u00ab\u00a0La course s\u2019est acc\u00e9l\u00e9r\u00e9e et la politique nous a<br \/>\nhapp\u00e9s\u00a0\u00bb<\/strong>.<\/p>\n<p>Une premi\u00e8re rupture qu\u2019elle regrette<\/p>\n<p>Car en effet, <strong>C\u00e9cilia Attias a quitt\u00e9 une premi\u00e8re fois<br \/>\nNicolas Sarkozy avant qu\u2019il ne devienne pr\u00e9sident de la<br \/>\nR\u00e9publique<\/strong>. Questionn\u00e9e par nos confr\u00e8res de ELLE sur sa<br \/>\nd\u00e9cision de finalement revenir aupr\u00e8s du politicien, la m\u00e8re de<br \/>\nLouis r\u00e9pond : <strong>\u00ab\u00a0Je suis mal partie, trop vite<\/strong>.<br \/>\nEn laissant de c\u00f4t\u00e9 toutes les valeurs et tous les principes qui<br \/>\n\u00e9taient les miens. <strong>Il a fallu que je revienne pour \u00eatre en<br \/>\naccord avec moi-m\u00eame<\/strong>, et essayer jusqu\u2019au bout de sauver<br \/>\nma famille\u00a0\u00bb.<\/p>\n<p>L\u2019ancienne Premi\u00e8re dame admet avoir<br \/>\n<strong>\u00ab\u00a0peut-\u00eatre\u00a0\u00bb ressenti de la culpabilit\u00e9 lors de son<br \/>\nd\u00e9part<\/strong>. Mais <a href=\"https:\/\/www.melty.fr\/people\/nicolas-sarkozy-divorce-de-cecilia-attias-ca-trainait-depuis-un-moment-la-mere-de-lex-president-se-lache-2271020.html\" rel=\"nofollow noopener\" target=\"_blank\"><br \/>\nleur seconde rupture en 2007, elle, sera bel et bien<br \/>\nd\u00e9finitive<\/a>. \u00ab\u00a0Cette fois, je veux \u00eatre au clair et au net,<br \/>\nje veux \u00eatre correcte. <strong>Aujourd\u2019hui, je ne pars pour rien ni<br \/>\npour personne<\/strong>. Je fais les choses comme il faut, je me<br \/>\ntiens droite, je me tiens comme Dieu le veut, dit une expression<br \/>\nespagnole. Je veux \u00eatre celle qui se tient droite, sans mensonge,<br \/>\nsans faux-semblant, librement. Mais <strong>il s\u2019agit d\u2019une<br \/>\nd\u00e9cision terriblement difficile<\/strong>. Je suis morte de peur<br \/>\ncomme une femme qui sait qu\u2019elle saute dans le vide\u2026\u00a0\u00bb,<br \/>\npoursuivait-elle lors de cette m\u00eame interview.<\/p>\n<p>L\u2019ancienne Premi\u00e8re dame \u00e9voque un<br \/>\n\u00ab\u00a0devoir d\u2019\u00e9pouse\u00a0\u00bb<\/p>\n<p>Si C\u00e9cilia Attias s\u2019est \u00e0 l\u2019\u00e9poque remise avec Nicolas Sarkozy,<br \/>\nc\u2019est aussi et surtout parce qu\u2019<strong>elle estimait que son<br \/>\ndevoir \u00e9tait celui d\u2019accompagner son mari jusqu\u2019\u00e0 la<br \/>\npr\u00e9sidence<\/strong>. \u00ab\u00a0C\u2019\u00e9tait mon devoir d\u2019\u00e9pouse. Je ne<br \/>\nvoulais surtout pas \u00eatre un probl\u00e8me pour lui, <strong>je voulais<br \/>\n\u00eatre \u00e0 ses c\u00f4t\u00e9s, l\u2019aider \u00e0 r\u00e9aliser son ambition\u00a0\u00bb<\/strong>,<br \/>\nassurait-elle encore.<\/p>\n<p>\u00ab\u00a0Et c\u2019est toujours ma conviction de citoyenne que Nicolas<br \/>\nest un tr\u00e8s grand homme d\u2019Etat, le meilleur pour la France, et<br \/>\nqu\u2019il va vraiment faire avancer les choses. Nuit et jour, pendant<br \/>\nvingt ans, je ne l\u2019ai pas l\u00e2ch\u00e9 mais, <strong>aujourd\u2019hui, il n\u2019a<br \/>\nplus besoin de moi\u00a0\u00bb<\/strong>, estime C\u00e9cilia qui a depuis<br \/>\nrefait sa vie avec Richard Attias.<\/p>\n","protected":false},"excerpt":{"rendered":"S\u00e9ducteur dans l\u2019\u00e2me, Nicolas Sarkozy a eu une vie sentimentale pour le moins remplie. C\u2019est d\u2019abord aupr\u00e8s de&hellip;\n","protected":false},"author":2,"featured_media":493483,"comment_status":"","ping_status":"","sticky":false,"template":"","format":"standard","meta":{"footnotes":""},"categories":[1359],"tags":[905,58,59,1011,27,3091,973],"class_list":{"0":"post-493482","1":"post","2":"type-post","3":"status-publish","4":"format-standard","5":"has-post-thumbnail","7":"category-people","8":"tag-a-la-une-melty","9":"tag-divertissement","10":"tag-entertainment","11":"tag-fr","12":"tag-france","13":"tag-nicolas-sarkozy","14":"tag-people"},"share_on_mastodon":{"url":"https:\/\/pubeurope.com\/@fr\/115447002897522008","error":""},"_links":{"self":[{"href":"https:\/\/www.europesays.com\/fr\/wp-json\/wp\/v2\/posts\/493482","targetHints":{"allow":["GET"]}}],"collection":[{"href":"https:\/\/www.europesays.com\/fr\/wp-json\/wp\/v2\/posts"}],"about":[{"href":"https:\/\/www.europesays.com\/fr\/wp-json\/wp\/v2\/types\/post"}],"author":[{"embeddable":true,"href":"https:\/\/www.europesays.com\/fr\/wp-json\/wp\/v2\/users\/2"}],"replies":[{"embeddable":true,"href":"https:\/\/www.europesays.com\/fr\/wp-json\/wp\/v2\/comments?post=493482"}],"version-history":[{"count":0,"href":"https:\/\/www.europesays.com\/fr\/wp-json\/wp\/v2\/posts\/493482\/revisions"}],"wp:featuredmedia":[{"embeddable":true,"href":"https:\/\/www.europesays.com\/fr\/wp-json\/wp\/v2\/media\/493483"}],"wp:attachment":[{"href":"https:\/\/www.europesays.com\/fr\/wp-json\/wp\/v2\/media?parent=493482"}],"wp:term":[{"taxonomy":"category","embeddable":true,"href":"https:\/\/www.europesays.com\/fr\/wp-json\/wp\/v2\/categories?post=493482"},{"taxonomy":"post_tag","embeddable":true,"href":"https:\/\/www.europesays.com\/fr\/wp-json\/wp\/v2\/tags?post=493482"}],"curies":[{"name":"wp","href":"https:\/\/api.w.org\/{rel}","templated":true}]}}