{"id":493485,"date":"2025-10-27T16:12:18","date_gmt":"2025-10-27T16:12:18","guid":{"rendered":"https:\/\/www.europesays.com\/fr\/493485\/"},"modified":"2025-10-27T16:12:18","modified_gmt":"2025-10-27T16:12:18","slug":"clement-garin-denonce-de-pretendus-faits-de-harcelement-tf1-lattaque-en-justice","status":"publish","type":"post","link":"https:\/\/www.europesays.com\/fr\/493485\/","title":{"rendered":"Cl\u00e9ment Garin d\u00e9nonce de pr\u00e9tendus faits de harc\u00e8lement, TF1 l\u2019attaque en justice"},"content":{"rendered":"<p><a href=\"https:\/\/www.20minutes.fr\/arts-stars\/people\/4163613-20250715-mort-thierry-ardisson-clement-garin-annonce-mort-animateur-avant-heure\" class=\"c-link c-link--is-underlined\" rel=\"nofollow noopener\" target=\"_blank\">Cl\u00e9ment Garin<\/a> va devoir s\u2019expliquer devant la justice\u00a0: celui qui se pr\u00e9sente lui-m\u00eame comme un \u00ab\u00a0informateur m\u00e9dia\u00a0\u00bb est en effet poursuivi par <a href=\"https:\/\/www.20minutes.fr\/dossier\/tf1\" class=\"c-link c-link--is-underlined\" rel=\"nofollow noopener\" target=\"_blank\">TF1<\/a> apr\u00e8s qu\u2019il eut publi\u00e9 sur <a href=\"https:\/\/www.20minutes.fr\/high-tech\/twitter\/\" class=\"c-link c-link--is-underlined\" rel=\"nofollow noopener\" target=\"_blank\">X<\/a> un post dans lequel il d\u00e9non\u00e7ait un suppos\u00e9 <a href=\"https:\/\/www.20minutes.fr\/dossier\/harcelement\" class=\"c-link c-link--is-underlined\" rel=\"nofollow noopener\" target=\"_blank\">harc\u00e8lement<\/a> de candidates de <a href=\"https:\/\/www.20minutes.fr\/dossier\/secret_story\" class=\"c-link c-link--is-underlined\" rel=\"nofollow noopener\" target=\"_blank\">Secret Story<\/a>, rapporte <a href=\"https:\/\/www.ozap.com\/actu\/tf1-attaque-en-justice-clement-garin-apres-un-post-sur-secret-story-sur-x\/652201\" rel=\"nofollow noopener\" target=\"_blank\" class=\"c-link c-link--is-underlined\">PureM\u00e9dias<\/a>.<\/p>\n<\/p>\n<p>La premi\u00e8re cha\u00eene l\u2019a ainsi cit\u00e9 \u00e0 compara\u00eetre devant la 17e chambre correctionnelle du tribunal judiciaire de Paris le 15\u00a0d\u00e9cembre 2025, l\u2019accusant d\u2019avoir nomm\u00e9ment impliqu\u00e9 dans cette controverse 17 membres de l\u2019\u00e9quipe en charge de la 11e saison de la <a href=\"https:\/\/www.20minutes.fr\/dossier\/telerealite\" class=\"c-link c-link--is-underlined\" rel=\"nofollow noopener\" target=\"_blank\">t\u00e9l\u00e9r\u00e9alit\u00e9<\/a>. TF1 r\u00e9clame donc 1.000 euros de dommages par personne mise en cause.<\/p>\n<p>Un accus\u00e9 tr\u00e8s combatif<\/p>\n<p>R\u00e9agissant \u00e0 la plainte de TF1, Cl\u00e9ment Garin s\u2019est indign\u00e9 sur X\u00a0: \u00ab\u00a0Ces d\u00e9marches r\u00e9p\u00e9t\u00e9es n\u2019ont qu\u2019un seul objectif clair et d\u00e9risoire, tenter de me faire taire, de m\u2019intimider ou de m\u2019\u00e9puiser, financi\u00e8rement et psychologiquement\u00a0\u00bb<\/p>\n<p class=\"mb-xxl@xs color-ultramarine font-weight-semi-bold@xs font-source-serif-pro heading-s@xs\">L\u2019acc\u00e8s \u00e0 ce contenu a \u00e9t\u00e9 bloqu\u00e9 afin de respecter votre choix de consentement<\/p>\n<p class=\"mb-m@xs text-l@xs\">En cliquant sur\u00ab J\u2019accepte \u00bb, vous acceptez le d\u00e9p\u00f4t de cookies par des services externes et aurez ainsi acc\u00e8s aux contenus de nos partenaires.<\/p>\n<p class=\"mb-xl@xs text-s@xs\">Plus d\u2019informations sur la page<a href=\"https:\/\/www.20minutes.fr\/gestion-cookies\" class=\"mx-xxs@xs color-ultramarine\" rel=\"nofollow noopener\" target=\"_blank\">Politique de gestion des cookies<\/a><\/p>\n<p>J\u2019accepte<\/p>\n<p>Le jeune homme de 28 ans y assure qu\u2019il ne \u00ab\u00a0c\u00e9dera \u00e0 aucune pression\u00a0\u00bb et qu\u2019il est r\u00e9solu \u00e0 continuer \u00ab\u00a0d\u2019exercer [son] m\u00e9tier et de poursuivre [son] travail d\u2019information\u00a0\u00bb. Avant d\u2019ajouter que \u00ab\u00a0quiconque croira me museler ou m\u2019apeurer se heurtera \u00e0 un mur\u00a0!\u00a0\u00bb.<\/p>\n<p><a href=\"https:\/\/www.20minutes.fr\/dossier\/secret_story\" class=\"c-link c-btn c-btn--primary\" rel=\"nofollow noopener\" target=\"_blank\">Notre dossier \u00ab Secret Story \u00bb<\/a><\/p>\n<p>Pour rappel, des t\u00e9l\u00e9spectateurs avaient point\u00e9 un <a href=\"https:\/\/www.20minutes.fr\/arts-stars\/television\/4161150-20250630-secret-story-comment-gerer-situation-harcelement-jeu-tele-realite\" class=\"c-link c-link--is-underlined\" rel=\"nofollow noopener\" target=\"_blank\">pr\u00e9tendu harc\u00e8lement et des attitudes racistes \u00e0 l\u2019\u00e9gard de Romy et d\u2019Anita<\/a> de la part d\u2019autres candidats. La productrice de Secret Story avait m\u00eame d\u00fb intervenir pour leur rappeler le r\u00e8glement du programme, assurant que la cha\u00eene n\u2019h\u00e9siterait pas \u00e0 \u00ab\u00a0prendre des mesures disciplinaires\u00a0\u00bb si ses valeurs \u00e9taient bafou\u00e9es.<\/p>\n","protected":false},"excerpt":{"rendered":"Cl\u00e9ment Garin va devoir s\u2019expliquer devant la justice\u00a0: celui qui se pr\u00e9sente lui-m\u00eame comme un \u00ab\u00a0informateur m\u00e9dia\u00a0\u00bb est&hellip;\n","protected":false},"author":2,"featured_media":493486,"comment_status":"","ping_status":"","sticky":false,"template":"","format":"standard","meta":{"footnotes":""},"categories":[1356],"tags":[58,59,1011,27,3668,303,973,2694,10162,29901,2587,252,199,1364,28259,133],"class_list":{"0":"post-493485","1":"post","2":"type-post","3":"status-publish","4":"format-standard","5":"has-post-thumbnail","7":"category-television","8":"tag-divertissement","9":"tag-entertainment","10":"tag-fr","11":"tag-france","12":"tag-harcelement","13":"tag-justice","14":"tag-people","15":"tag-proces","16":"tag-racisme","17":"tag-secret-story","18":"tag-telerealite","19":"tag-television","20":"tag-tf1","21":"tag-tv","22":"tag-twitter-x","23":"tag-video"},"share_on_mastodon":{"url":"https:\/\/pubeurope.com\/@fr\/115447014743849593","error":""},"_links":{"self":[{"href":"https:\/\/www.europesays.com\/fr\/wp-json\/wp\/v2\/posts\/493485","targetHints":{"allow":["GET"]}}],"collection":[{"href":"https:\/\/www.europesays.com\/fr\/wp-json\/wp\/v2\/posts"}],"about":[{"href":"https:\/\/www.europesays.com\/fr\/wp-json\/wp\/v2\/types\/post"}],"author":[{"embeddable":true,"href":"https:\/\/www.europesays.com\/fr\/wp-json\/wp\/v2\/users\/2"}],"replies":[{"embeddable":true,"href":"https:\/\/www.europesays.com\/fr\/wp-json\/wp\/v2\/comments?post=493485"}],"version-history":[{"count":0,"href":"https:\/\/www.europesays.com\/fr\/wp-json\/wp\/v2\/posts\/493485\/revisions"}],"wp:featuredmedia":[{"embeddable":true,"href":"https:\/\/www.europesays.com\/fr\/wp-json\/wp\/v2\/media\/493486"}],"wp:attachment":[{"href":"https:\/\/www.europesays.com\/fr\/wp-json\/wp\/v2\/media?parent=493485"}],"wp:term":[{"taxonomy":"category","embeddable":true,"href":"https:\/\/www.europesays.com\/fr\/wp-json\/wp\/v2\/categories?post=493485"},{"taxonomy":"post_tag","embeddable":true,"href":"https:\/\/www.europesays.com\/fr\/wp-json\/wp\/v2\/tags?post=493485"}],"curies":[{"name":"wp","href":"https:\/\/api.w.org\/{rel}","templated":true}]}}