{"id":493498,"date":"2025-10-27T16:19:23","date_gmt":"2025-10-27T16:19:23","guid":{"rendered":"https:\/\/www.europesays.com\/fr\/493498\/"},"modified":"2025-10-27T16:19:23","modified_gmt":"2025-10-27T16:19:23","slug":"je-serais-poutine-je-minquieterais-par-bernard-guetta-liberation","status":"publish","type":"post","link":"https:\/\/www.europesays.com\/fr\/493498\/","title":{"rendered":"Je serais Poutine, je m\u2019inqui\u00e9terais, par Bernard Guetta &#8211; Lib\u00e9ration"},"content":{"rendered":"<ol>\n<li><a href=\"https:\/\/news.google.com\/rss\/articles\/CBMi2AFBVV95cUxNRWwxWUdaS0owQUFHOURFNElHWmhjQ2NYSDZQN3RkeS1BZFNmU3VhNFFVUkZFWk5JOXdrQ0NwRmFLLVVGdjYxQnpyT3gwWHAzcy1JblFoRW14anhqVG1FNy1FaXI1NURBNHYwbm9TeUtSQndGcmJtUFBfM0c3aFJzbjFLSEpGajFYcGx2ak54cEZ5X2t2Q2FGd2lPaFppWXhQNHE0VFd3bDBPYzViSEhsTy1SQjhCNV9VaUtkdXp5amE1S2NheElaRXBRM0hEYTZUczhEQXdUeEo?oc=5\" target=\"_blank\" rel=\"noopener\">Je serais Poutine, je m\u2019inqui\u00e9terais, par Bernard Guetta<\/a>&nbsp;&nbsp;Lib\u00e9ration<\/li>\n<li><a href=\"https:\/\/news.google.com\/rss\/articles\/CBMitgFBVV95cUxNVy10UTBMcmZrWUVia250YVNoczRYM2NFaXg2QUJQb2lGakM4eW9naHBvQmp0Ym1pZmtOZVVNZTB5LThUNndQZGMxMWxMUWsxZGdKcVdENnNQVXRwLXJGZ1VHS2lfNDV1TlRNaVNGWVk2eU94S29ZaEhiMDBEVHlnZmJ0VW9VZjJzZ3JobWF6T1JQcGFGYW9EVVpzRUZhTklZRlUwVmV4V2Y2Wm9STlpXYUFJbHdidw?oc=5\" target=\"_blank\" rel=\"noopener\">OPINION. \u00ab Moscou referme le rideau de fer mon\u00e9taire \u00bb (Michel Santi)<\/a>&nbsp;&nbsp;La Tribune<\/li>\n<li><a href=\"https:\/\/news.google.com\/rss\/articles\/CBMikgJBVV95cUxOLXJhb3lzLU9yYzNuWUM1enA1RnQ4bnZTc2pFamxXeFZ3bUN3X1U5Q0M3N3Y4VU9ZclAwaXB2NDBmdjVEUTBMX2tHOUpPN2ZmeE5GTjl4WUJFZzRYQWpfVUM4TVBMMlVUSFRSZ09KMWMxNWQ0UWVoQ0ZfWHVBeXRRYy15RGxpRG81UWtRUFRNR2RXRnkyOEg3eUpYWFo5RGNIMmRnUklseWNoemprSFR5aFZNU3BYRTBHRnNrbnprODVyRVZZQmtHMVBzZDZQTzhmdHRZdEo4WWhIUWlsaUN2WmpKX3ZLQzA5U3ZvQjBqNFo0YlJHMlhVNUdSRDZ2bng0WXlna2dJMFpKTmhBLUswa0Z3?oc=5\" target=\"_blank\" rel=\"noopener\">Hausses d&rsquo;imp\u00f4ts en Russie : le Kremlin cherche dans les poches de la population le financement de la guerre<\/a>&nbsp;&nbsp;Radio France<\/li>\n<li><a href=\"https:\/\/news.google.com\/rss\/articles\/CBMilgJBVV95cUxPTGZyRjZsUHFfQ3YwWUtxelBKWTR6NVo1Q1ZDeU1uaG9Td3RNa0daUllUVktFek03bWxDN3l6M202dXdpSWhwVmlrQmhibG1nOGtXUU9Ec0tSV2tFNjNNUGdzMmZVUDcyUjdJa195SjZoWXRuQUVwMnZMel9rX29pTDBSM21Xem1CQk9QZFhEeWtQc1E2aVBXNkxKenhXQ2FfUmFBdmxzd3dkYlV5dlRfcE1Tb25aNVVEMmM2cE00dmh3RWZzcGZjNWNKVnNDZ3NfRGQzZ0M4LTBENmFxS3RxNDhnamNPWEgtZnpnSTNiQVhReHUwR2V4OWR1QUhxX2hXZFduVlFpaWsyMXlrZzdlLUFncXZ3dw?oc=5\" target=\"_blank\" rel=\"noopener\">\u00c9conomie russe : Moscou repr\u00e9sente 50 % du commerce ext\u00e9rieur<\/a>&nbsp;&nbsp;Le Grand Continent<\/li>\n<li><a href=\"https:\/\/news.google.com\/rss\/articles\/CBMiswFBVV95cUxPS1RjeGV3VlRlNnRmZkdBSlhCaTlOa3pKYTVmLXdtSHZDTGpBTWR3WmQ3WEtWRy14Vk5LRU91X1QzYnJlNHRabjM3TWQ4cGc2MUFGeDBGLVhDVGx4TWlGaDYxUVo4T2NCd2M2WXVDUnRaSmtrdF9yYThFcFVlTmllVjJ6UWRfTnhlWHptUzhObGpVdVl0NVpvSkxVZGdRbnZkb21zSEhCa0tiNWhnR1RXb1J3QQ?oc=5\" target=\"_blank\" rel=\"noopener\">Sanctions contre la Russie : peut-on gagner la guerre \u00e9conomique ?<\/a>&nbsp;&nbsp;Institut fran\u00e7ais des relations internationales (Ifri)<\/li>\n<\/ol>\n","protected":false},"excerpt":{"rendered":"Je serais Poutine, je m\u2019inqui\u00e9terais, par Bernard Guetta&nbsp;&nbsp;Lib\u00e9ration OPINION. \u00ab Moscou referme le rideau de fer mon\u00e9taire \u00bb&hellip;\n","protected":false},"author":2,"featured_media":493499,"comment_status":"","ping_status":"","sticky":false,"template":"","format":"standard","meta":{"footnotes":""},"categories":[6],"tags":[35,309,75,33,34,73,1011,27,132,297,364,135],"class_list":{"0":"post-493498","1":"post","2":"type-post","3":"status-publish","4":"format-standard","5":"has-post-thumbnail","7":"category-economie","8":"tag-business","9":"tag-chine","10":"tag-donald-trump","11":"tag-economie","12":"tag-economy","13":"tag-etats-unis","14":"tag-fr","15":"tag-france","16":"tag-russie","17":"tag-ukraine-la-crise","18":"tag-union-europeenne","19":"tag-vladimir-poutine"},"share_on_mastodon":{"url":"https:\/\/pubeurope.com\/@fr\/115447042220565949","error":""},"_links":{"self":[{"href":"https:\/\/www.europesays.com\/fr\/wp-json\/wp\/v2\/posts\/493498","targetHints":{"allow":["GET"]}}],"collection":[{"href":"https:\/\/www.europesays.com\/fr\/wp-json\/wp\/v2\/posts"}],"about":[{"href":"https:\/\/www.europesays.com\/fr\/wp-json\/wp\/v2\/types\/post"}],"author":[{"embeddable":true,"href":"https:\/\/www.europesays.com\/fr\/wp-json\/wp\/v2\/users\/2"}],"replies":[{"embeddable":true,"href":"https:\/\/www.europesays.com\/fr\/wp-json\/wp\/v2\/comments?post=493498"}],"version-history":[{"count":0,"href":"https:\/\/www.europesays.com\/fr\/wp-json\/wp\/v2\/posts\/493498\/revisions"}],"wp:featuredmedia":[{"embeddable":true,"href":"https:\/\/www.europesays.com\/fr\/wp-json\/wp\/v2\/media\/493499"}],"wp:attachment":[{"href":"https:\/\/www.europesays.com\/fr\/wp-json\/wp\/v2\/media?parent=493498"}],"wp:term":[{"taxonomy":"category","embeddable":true,"href":"https:\/\/www.europesays.com\/fr\/wp-json\/wp\/v2\/categories?post=493498"},{"taxonomy":"post_tag","embeddable":true,"href":"https:\/\/www.europesays.com\/fr\/wp-json\/wp\/v2\/tags?post=493498"}],"curies":[{"name":"wp","href":"https:\/\/api.w.org\/{rel}","templated":true}]}}