{"id":49350,"date":"2025-04-24T14:18:34","date_gmt":"2025-04-24T14:18:34","guid":{"rendered":"https:\/\/www.europesays.com\/fr\/49350\/"},"modified":"2025-04-24T14:18:34","modified_gmt":"2025-04-24T14:18:34","slug":"exposition-les-representations-de-la-region-grand-est-au-cinema-bu-de-lensic-nancy-factuel","status":"publish","type":"post","link":"https:\/\/www.europesays.com\/fr\/49350\/","title":{"rendered":"Exposition \u00ab Les repr\u00e9sentations de la r\u00e9gion Grand Est au cin\u00e9ma \u00bb, BU de l&rsquo;ENSIC (Nancy) | Factuel"},"content":{"rendered":"<p>Pendant toute la dur\u00e9e des JACES 2025, l\u2019exposition \u00ab Les repr\u00e9sentations de la r\u00e9gion Grand Est au cin\u00e9ma \u00bb est pr\u00e9sent\u00e9e \u00e0 la Biblioth\u00e8que Universitaire de l&rsquo;ENSIC (1 Rue Grandville, 54000 Nancy).<\/p>\n<p>Elle a pour ambition de faire d\u00e9couvrir, aux \u00e9tudiant.e.s et au personnel de l&rsquo;Universit\u00e9 de Lorraine, des r\u00e9sultats de recherche sous une forme originale : des infographies synth\u00e9tisent une typologie th\u00e9matique sur le territoire, des illustrations r\u00e9v\u00e8lent le r\u00f4le et les enjeux du Grand Est filmique, du motion design en r\u00e9alit\u00e9 augment\u00e9e apporte de l\u2019interactivit\u00e9 pour un meilleur engagement des publics.<\/p>\n<p>De plus, elle offre un aper\u00e7u du m\u00e9tier de chercheur\u00b7e et du processus de m\u00e9diation scientifique. Elle r\u00e9sulte de plusieurs ann\u00e9es de recherche en Sciences de l&rsquo;Information et de la Communication et d\u2019une collaboration artistique avec deux artistes nanc\u00e9iens (T422 Studio et Pierre Chir) impliqu\u00e9s dans le projet <a href=\"https:\/\/matercine.com\/\" target=\"_blank\" rel=\"noopener\">Matercin\u00e9<\/a>.<\/p>\n<p>Cette exposition a \u00e9t\u00e9 r\u00e9alis\u00e9e par Violaine Appel et Delphine Le Nozach (MCF, Crem, IUT Nancy-Charlemagne) dans le cadre du projet Matercin\u00e9 (Marque, territoire et cin\u00e9ma en Grand Est) avec le soutien de l\u2019Universit\u00e9 de Lorraine, du programme <a href=\"https:\/\/www.univ-lorraine.fr\/osezlarecherche\/le-programme-orion\/\" target=\"_blank\" rel=\"noopener\">Orion<\/a> (Osez la recherche), du <a href=\"https:\/\/crem.univ-lorraine.fr\/\" target=\"_blank\" rel=\"noopener\">Centre de recherche sur les m\u00e9diations<\/a>, de la <a href=\"https:\/\/www.sfsic.org\/\" target=\"_blank\" rel=\"noopener\">Soci\u00e9t\u00e9 Fran\u00e7aise des Sciences de l\u2019Information et de la Communication<\/a> (Arts.Sic.Culture) et de l\u2019IUT Nancy-Charlemagne.<\/p>\n<p>\u00a0<\/p>\n","protected":false},"excerpt":{"rendered":"Pendant toute la dur\u00e9e des JACES 2025, l\u2019exposition \u00ab Les repr\u00e9sentations de la r\u00e9gion Grand Est au cin\u00e9ma&hellip;\n","protected":false},"author":2,"featured_media":49351,"comment_status":"","ping_status":"","sticky":false,"template":"","format":"standard","meta":{"footnotes":""},"categories":[9635],"tags":[1111,11,14117,6211,1777,674,1011,27,775,1272,1702,12,25,14116],"class_list":{"0":"post-49350","1":"post","2":"type-post","3":"status-publish","4":"format-standard","5":"has-post-thumbnail","7":"category-nancy","8":"tag-actu","9":"tag-actualites","10":"tag-colloque","11":"tag-conference","12":"tag-eu","13":"tag-europe","14":"tag-fr","15":"tag-france","16":"tag-grand-est","17":"tag-manifestations","18":"tag-nancy","19":"tag-news","20":"tag-republique-francaise","21":"tag-seminaire"},"share_on_mastodon":{"url":"https:\/\/pubeurope.com\/@fr\/114393376622975880","error":""},"_links":{"self":[{"href":"https:\/\/www.europesays.com\/fr\/wp-json\/wp\/v2\/posts\/49350","targetHints":{"allow":["GET"]}}],"collection":[{"href":"https:\/\/www.europesays.com\/fr\/wp-json\/wp\/v2\/posts"}],"about":[{"href":"https:\/\/www.europesays.com\/fr\/wp-json\/wp\/v2\/types\/post"}],"author":[{"embeddable":true,"href":"https:\/\/www.europesays.com\/fr\/wp-json\/wp\/v2\/users\/2"}],"replies":[{"embeddable":true,"href":"https:\/\/www.europesays.com\/fr\/wp-json\/wp\/v2\/comments?post=49350"}],"version-history":[{"count":0,"href":"https:\/\/www.europesays.com\/fr\/wp-json\/wp\/v2\/posts\/49350\/revisions"}],"wp:featuredmedia":[{"embeddable":true,"href":"https:\/\/www.europesays.com\/fr\/wp-json\/wp\/v2\/media\/49351"}],"wp:attachment":[{"href":"https:\/\/www.europesays.com\/fr\/wp-json\/wp\/v2\/media?parent=49350"}],"wp:term":[{"taxonomy":"category","embeddable":true,"href":"https:\/\/www.europesays.com\/fr\/wp-json\/wp\/v2\/categories?post=49350"},{"taxonomy":"post_tag","embeddable":true,"href":"https:\/\/www.europesays.com\/fr\/wp-json\/wp\/v2\/tags?post=49350"}],"curies":[{"name":"wp","href":"https:\/\/api.w.org\/{rel}","templated":true}]}}