{"id":493500,"date":"2025-10-27T16:20:15","date_gmt":"2025-10-27T16:20:15","guid":{"rendered":"https:\/\/www.europesays.com\/fr\/493500\/"},"modified":"2025-10-27T16:20:15","modified_gmt":"2025-10-27T16:20:15","slug":"paul-biya-92-ans-vainqueur-dune-presidentielle-a-la-legitimite-contestee-liberation","status":"publish","type":"post","link":"https:\/\/www.europesays.com\/fr\/493500\/","title":{"rendered":"Paul Biya, 92\u00a0ans, vainqueur d\u2019une pr\u00e9sidentielle \u00e0 la l\u00e9gitimit\u00e9 contest\u00e9e \u2013 Lib\u00e9ration"},"content":{"rendered":"<p class=\"sc-cPiKLX AiZTS text-element\">Ce lundi 27 octobre, c\u2019est donc <a href=\"https:\/\/www.liberation.fr\/international\/afrique\/seul-dieu-peut-nous-sauver-de-paul-biya-avant-la-presidentielle-au-cameroun-le-crepuscule-du-plus-vieux-president-au-monde-20251010_KQPT6VQ2PVBFJCR57VURWB2PJQ\/\" target=\"_blank\" rel=\"nofollow noopener\" title=\"https:\/\/www.liberation.fr\/international\/afrique\/seul-dieu-peut-nous-sauver-de-paul-biya-avant-la-presidentielle-au-cameroun-le-crepuscule-du-plus-vieux-president-au-monde-20251010_KQPT6VQ2PVBFJCR57VURWB2PJQ\/\">le pr\u00e9sident sortant au pouvoir depuis quarante-trois ans, Paul Biya,<\/a> qui a \u00e9t\u00e9 proclam\u00e9 vainqueur par le Conseil constitutionnel avec un score de 53,66 % des voix, \u00e0 l\u2019issue de l\u2019\u00e9lection pr\u00e9sidentielle qui s\u2019est tenue le 12 octobre. <a href=\"https:\/\/www.liberation.fr\/international\/afrique\/issa-tchiroma-candidat-dopposition-a-la-presidentielle-au-cameroun-biya-doit-accepter-de-partir-avant-quil-ne-soit-trop-tard-20251027_3QCG54RXBVHFZBZU7BQY2IXUCY\/\" target=\"_blank\" rel=\"nofollow noopener\" title=\"https:\/\/www.liberation.fr\/international\/afrique\/issa-tchiroma-candidat-dopposition-a-la-presidentielle-au-cameroun-biya-doit-accepter-de-partir-avant-quil-ne-soit-trop-tard-20251027_3QCG54RXBVHFZBZU7BQY2IXUCY\/\">Devant Issa Tchiroma, un ancien ministre en rupture de ban<\/a> qui aurait r\u00e9colt\u00e9 35,19 % des voix. Des r\u00e9sultats conformes \u00e0 ceux de la commission nationale de recensement des votes, qui, mercredi, donnait le pr\u00e9sident sortant en t\u00eate avec 53,6 % des voix, contre 35,1 % pour son principal challenger. Le Conseil constitutionnel, charg\u00e9 de valider officiellement le vote, avait d\u2019abord pr\u00e9vu de proclamer les r\u00e9sultats d\u00e9finitifs d\u00e8s le lendemain jeudi. Avant de reporter, sans raison officielle, cette annonce \u00e0 ce lundi. <\/p>\n<p class=\"sc-cPiKLX AiZTS text-element\">Le climat particulier qui r\u00e8gne dans le pays n\u2019est peut-\u00eatre pas \u00e9tranger \u00e0 ce report. Quelques jours apr\u00e8s le scrutin, Issa Tchiroma <a href=\"https:\/\/www.liberation.fr\/international\/afrique\/au-cameroun-le-candidat-de-lopposition-issa-tchiroma-revendique-en-avance-sa-victoire-a-la-presidentielle-20251014_IM4AGZ7MUZAGJAY52PEZWBDGKQ\/\" target=\"_blank\" rel=\"noreferrer nofollow noopener\" title=\"https:\/\/www.liberation.fr\/international\/afrique\/au-cameroun-le-candidat-de-lopposition-issa-tchiroma-revendique-en-avance-sa-victoire-a-la-presidentielle-20251014_IM4AGZ7MUZAGJAY52PEZWBDGKQ\/\">a lui aussi revendiqu\u00e9 la victoire<\/a>, en publiant sur sa page Facebook les proc\u00e8s-verbaux \u00e0 sa disposition et en d\u00e9non\u00e7ant des irr\u00e9gularit\u00e9s qui auraient \u00e9t\u00e9 orchestr\u00e9es par le camp pr\u00e9sidentiel. Or, sa capacit\u00e9 de mobilisation n\u2019est plus \u00e0 prouver. <\/p>\n<p class=\"sc-cPiKLX AiZTS text-element\">Sans attendre la validation par le Conseil constitutionnel \u2013 dont dix des onze membres sont issus du parti pr\u00e9sidentiel \u2013, des manifestations souvent massives se sont d\u00e9roul\u00e9es dimanche 26 octobre \u00e0 travers tout le pays, \u00e0 l\u2019appel de l\u2019opposant.<\/p>\n<p class=\"sc-cPiKLX AiZTS text-element\">De Yaound\u00e9, la capitale administrative, jusqu\u2019\u00e0 Douala, la capitale \u00e9conomique, en passant par Garoua, principale ville du nord et fief de l\u2019opposant, Maroua, la ville voisine, Ngaound\u00e9r\u00e9 dans la province Adamaoua, ou encore Bafoussam, \u00e0 l\u2019ouest, la foule a massivement investi la rue. Parfois, sous le regard passif des forces de l\u2019ordre. Parfois au prix de violents affrontements comme dans le quartier de Nkolouloun et \u00e0 New Bell, deux quartiers populaires \u00e0 Douala, o\u00f9 quatre manifestants ont perdu la vie sous les tirs des forces de police, visiblement d\u00e9bord\u00e9es. Au total, ce sont sept personnes qui auraient perdu la vie au cours de cette journ\u00e9e violente au Cameroun.<\/p>\n<p class=\"sc-cPiKLX AiZTS text-element\">Mais en r\u00e9alit\u00e9, des manifestations se sont r\u00e9guli\u00e8rement d\u00e9roul\u00e9es dans tout le pays depuis le scrutin. Notamment pour d\u00e9noncer des irr\u00e9gularit\u00e9s suppos\u00e9es, ou un bourrage d\u2019urnes d\u00e9couvert sur le vif. Comme l\u2019attestent de nombreuses vid\u00e9os publi\u00e9es sur les r\u00e9seaux sociaux qui contribueront \u00e0 amplifier <a href=\"https:\/\/www.liberation.fr\/international\/afrique\/seul-dieu-peut-nous-sauver-de-paul-biya-avant-la-presidentielle-au-cameroun-le-crepuscule-du-plus-vieux-president-au-monde-20251010_KQPT6VQ2PVBFJCR57VURWB2PJQ\/\" target=\"_blank\" rel=\"noreferrer nofollow noopener\" title=\"https:\/\/www.liberation.fr\/international\/afrique\/seul-dieu-peut-nous-sauver-de-paul-biya-avant-la-presidentielle-au-cameroun-le-crepuscule-du-plus-vieux-president-au-monde-20251010_KQPT6VQ2PVBFJCR57VURWB2PJQ\/\">un sentiment de col\u00e8re, perceptible dans tout le pays<\/a>. <\/p>\n<p class=\"sc-cPiKLX AiZTS text-element\">Des b\u00e2timents ont \u00e9t\u00e9 br\u00fbl\u00e9s, comme \u00e0 Dschang dans l\u2019ouest o\u00f9 la maison du parti pr\u00e9sidentiel a \u00e9t\u00e9 incendi\u00e9e le 15 octobre. Et des affrontements sporadiques ont eu lieu avec les forces de l\u2019ordre. Plusieurs arrestations ont suivi, comme \u00e0 Maroua dans le nord, o\u00f9 une cinquantaine de personnes auraient \u00e9t\u00e9 interpell\u00e9es mi-octobre.<\/p>\n<p class=\"sc-cPiKLX AiZTS text-element\">Mais ce n\u2019est qu\u2019en fin de semaine derni\u00e8re que ces interpellations ont vis\u00e9 des proches collaborateurs de Tchiroma. Vendredi, ce sont ainsi les deux dirigeants de l\u2019Union pour le changement, la plateforme politique qui l\u2019avait d\u00e9sign\u00e9 comme le \u00abcandidat consensuel\u00bb de l\u2019opposition, qui ont \u00e9t\u00e9 arr\u00eat\u00e9s \u00e0 Doula. Djeukam Tchameni et Anicet Ekane avaient jou\u00e9 un r\u00f4le essentiel pour promouvoir Tchiroma en t\u00eate des onze candidats en lice face \u00e0 Biya.<\/p>\n<p class=\"sc-cPiKLX AiZTS text-element\">Ils sont d\u00e9sormais d\u00e9tenus, sans aucune proc\u00e9dure l\u00e9gale, apr\u00e8s avoir \u00e9t\u00e9 transf\u00e9r\u00e9s \u00e0 Yaound\u00e9. Des photos ont ensuite \u00e9t\u00e9 publi\u00e9es affirmant qu\u2019un v\u00e9ritable arsenal militaire, de l\u2019argent liquide et m\u00eame de faux proc\u00e8s-verbaux auraient \u00e9t\u00e9 retrouv\u00e9s au domicile d\u2019Anicet Ekane. Suscitant une certaine incr\u00e9dulit\u00e9 dans les rangs des opposants. Samedi, c\u2019est dans la capitale qu\u2019a \u00e9t\u00e9 arr\u00eat\u00e9 \u00e0 son tour un universitaire r\u00e9put\u00e9, Aba\u2019a Oyono, qui lui aussi avait apport\u00e9 un soutien remarqu\u00e9 \u00e0 l\u2019opposant.<\/p>\n<p class=\"sc-cPiKLX AiZTS text-element\">Tchiroma lui-m\u00eame n\u2019a pas \u00e9t\u00e9 inqui\u00e9t\u00e9 pour l\u2019instant. Mais il a assur\u00e9 avoir \u00e9t\u00e9 menac\u00e9 d\u2019une tentative d\u2019enl\u00e8vement dans la nuit de samedi \u00e0 dimanche. Il est certes plus difficile de l\u2019atteindre, alors qu\u2019il se trouve non pas dans sa r\u00e9sidence \u00e0 Yaound\u00e9, mais dans celle de Garoua, sa ville d\u2019origine dans le nord du pays. Le jour du vote, alors qu\u2019il rentrait chez lui, les forces de l\u2019ordre ont bien tent\u00e9 de l\u2019isoler de la foule de sympathisants qui l\u2019escortaient jusqu\u2019\u00e0 son domicile, et le prot\u00e8gent. Mais les militaires ont d\u00fb rebrousser chemin. Depuis, il reste chez lui, prot\u00e9g\u00e9 par un imposant dispositif de jeunes militants qui veillent jour et nuit devant sa r\u00e9sidence depuis laquelle il lance r\u00e9guli\u00e8rement des appels \u00e0 la mobilisation, via des vid\u00e9os post\u00e9es sur Facebook.<\/p>\n<p class=\"sc-cPiKLX AiZTS text-element\">Au palais d\u2019Etoudi \u2013 la forteresse qui abrite la pr\u00e9sidence en bordure de Yaound\u00e9 \u2013, cette \u00e9lection, cens\u00e9e offrir un huiti\u00e8me mandat de sept ans \u00e0 un pr\u00e9sident \u00e2g\u00e9 de 92 ans, a pourtant longtemps sembl\u00e9 gagn\u00e9e d\u2019avance. Le seul concurrent s\u00e9rieux, Maurice Kamto, qui \u00e9tait le challenger de Biya lors des pr\u00e9c\u00e9dentes pr\u00e9sidentielles en 2018, avait vu sa candidature invalid\u00e9e en ao\u00fbt par le Conseil constitutionnel.<\/p>\n<p class=\"sc-cPiKLX AiZTS text-element\">Qui aurait pu croire qu\u2019un ancien ministre de 76 ans, qui avait rompu in extremis avec le r\u00e9gime fin juin, pourrait susciter le moindre engouement aupr\u00e8s des huit millions d\u2019\u00e9lecteurs camerounais ?<\/p>\n<p class=\"sc-cPiKLX AiZTS text-element\">C\u2019\u00e9tait sans compter sur le ras-le-bol d\u2019une population exsangue, dont plus des deux tiers ont moins de trente ans, et n\u2019ont donc connu que Biya au pouvoir. \u00abMieux vaut le diable que Biya\u00bb, justifiaient aupr\u00e8s de Lib\u00e9ration les Camerounais crois\u00e9s <a href=\"https:\/\/www.liberation.fr\/international\/afrique\/presidentielle-au-cameroun-issa-tchiroma-le-challenger-surprise-de-paul-biya-20251011_T3KPG3C4Y5HOLIJCTTNTPLWP2M\/\" target=\"_blank\" rel=\"noreferrer nofollow noopener\" title=\"https:\/\/www.liberation.fr\/international\/afrique\/presidentielle-au-cameroun-issa-tchiroma-le-challenger-surprise-de-paul-biya-20251011_T3KPG3C4Y5HOLIJCTTNTPLWP2M\/\">lors d\u2019un meeting de Tchiroma \u00e0 Bafoussam dans l\u2019ouest du pays<\/a>. Ce jour-l\u00e0, une foule immense applaudissait le candidat. La m\u00eame affluence record sera observ\u00e9e lors des autres meetings de l\u2019opposant. Un contraste avec la campagne du pr\u00e9sident sortant. Lequel ne tiendra qu\u2019un seul meeting \u00e0 Maroua dans le nord. Les autorit\u00e9s locales avaient mobilis\u00e9 des lyc\u00e9ens pour chanter les louanges du Pr\u00e9sident ? C\u2019est le nom de Tchiroma que ces enfants vont oser scander devant le parterre d\u2019officiels. <\/p>\n<p class=\"sc-cPiKLX AiZTS text-element\">\u00abEn politique, on dit parfois : \u201cSi on te voit venir tu n\u2019arriveras jamais. Et si tu es arriv\u00e9, c\u2019est qu\u2019on ne t\u2019a pas vu venir.\u201d\u00bb, glissera malicieusement lors de son meeting \u00e0 l\u2019ouest le champion d\u2019une opposition pourtant divis\u00e9e qui a cr\u00e9\u00e9 la surprise g\u00e9n\u00e9rale, en rassemblant sous son nom le m\u00e9contentement g\u00e9n\u00e9ral. <\/p>\n<p class=\"sc-cPiKLX AiZTS text-element\">Mais avec l\u2019annonce des r\u00e9sultats d\u00e9finitifs par le Conseil constitutionnel, le bras de fer ne fait que commencer. Les prochains jours seront d\u00e9cisifs pour l\u2019avenir du Cameroun. Les ambassadeurs de l\u2019Union europ\u00e9enne, accr\u00e9dit\u00e9s dans le pays, ont d\u00e9cid\u00e9 eux de ne pas \u00eatre pr\u00e9sents lors de la proclamation des r\u00e9sultats par le Conseil constitutionnel.<\/p>\n","protected":false},"excerpt":{"rendered":"Ce lundi 27 octobre, c\u2019est donc le pr\u00e9sident sortant au pouvoir depuis quarante-trois ans, Paul Biya, qui a&hellip;\n","protected":false},"author":2,"featured_media":493501,"comment_status":"","ping_status":"","sticky":false,"template":"","format":"standard","meta":{"footnotes":""},"categories":[5],"tags":[11,23615,1011,27,14,12,28],"class_list":{"0":"post-493500","1":"post","2":"type-post","3":"status-publish","4":"format-standard","5":"has-post-thumbnail","7":"category-international","8":"tag-actualites","9":"tag-cameroun","10":"tag-fr","11":"tag-france","12":"tag-international","13":"tag-news","14":"tag-world"},"share_on_mastodon":{"url":"https:\/\/pubeurope.com\/@fr\/115447046136874363","error":""},"_links":{"self":[{"href":"https:\/\/www.europesays.com\/fr\/wp-json\/wp\/v2\/posts\/493500","targetHints":{"allow":["GET"]}}],"collection":[{"href":"https:\/\/www.europesays.com\/fr\/wp-json\/wp\/v2\/posts"}],"about":[{"href":"https:\/\/www.europesays.com\/fr\/wp-json\/wp\/v2\/types\/post"}],"author":[{"embeddable":true,"href":"https:\/\/www.europesays.com\/fr\/wp-json\/wp\/v2\/users\/2"}],"replies":[{"embeddable":true,"href":"https:\/\/www.europesays.com\/fr\/wp-json\/wp\/v2\/comments?post=493500"}],"version-history":[{"count":0,"href":"https:\/\/www.europesays.com\/fr\/wp-json\/wp\/v2\/posts\/493500\/revisions"}],"wp:featuredmedia":[{"embeddable":true,"href":"https:\/\/www.europesays.com\/fr\/wp-json\/wp\/v2\/media\/493501"}],"wp:attachment":[{"href":"https:\/\/www.europesays.com\/fr\/wp-json\/wp\/v2\/media?parent=493500"}],"wp:term":[{"taxonomy":"category","embeddable":true,"href":"https:\/\/www.europesays.com\/fr\/wp-json\/wp\/v2\/categories?post=493500"},{"taxonomy":"post_tag","embeddable":true,"href":"https:\/\/www.europesays.com\/fr\/wp-json\/wp\/v2\/tags?post=493500"}],"curies":[{"name":"wp","href":"https:\/\/api.w.org\/{rel}","templated":true}]}}