{"id":493510,"date":"2025-10-27T16:27:12","date_gmt":"2025-10-27T16:27:12","guid":{"rendered":"https:\/\/www.europesays.com\/fr\/493510\/"},"modified":"2025-10-27T16:27:12","modified_gmt":"2025-10-27T16:27:12","slug":"cette-annee-les-boules-de-noel-de-meisenthal-ne-seront-pas-vendues-a-nancy-voici-pourquoi","status":"publish","type":"post","link":"https:\/\/www.europesays.com\/fr\/493510\/","title":{"rendered":"Cette ann\u00e9e, les boules de No\u00ebl de Meisenthal ne seront pas vendues \u00e0 Nancy\u00a0: voici pourquoi"},"content":{"rendered":"<p>            Par<br \/>\n        <strong><br \/>\n            <a href=\"https:\/\/actu.fr\/auteur\/pierre-emile-bouchy-actu-fr\" title=\"Consulter tous les articles de Paul-Emile Bouchy\" target=\"_blank\" rel=\"noopener\">Paul-Emile Bouchy<\/a><br \/>\n        <\/strong><\/p>\n<p>        Publi\u00e9 le<\/p>\n<p>            27 oct. 2025 \u00e0 17h11<br \/>\n        ; mis \u00e0 jour le 27 oct. 2025 \u00e0 17h14    <\/p>\n<p>La <a href=\"https:\/\/actu.fr\/grand-est\/meisenthal_57456\/la-boule-noel-meisenthal-decore-toujours-sapins-noel-160-ans-apres_19696543.html\" target=\"_blank\" rel=\"noopener\">boule de No\u00ebl de Meisenthal<\/a> est un des biens les plus pris\u00e9s et recherch\u00e9s lors des f\u00eates de fin d\u2019ann\u00e9e dans la r\u00e9gion. Avec <a href=\"https:\/\/actu.fr\/grand-est\/meisenthal_57456\/boule-de-noel-de-meisenthal-2024-pourquoi-le-prix-de-vente-a-augmente_61864317.html\" target=\"_blank\" rel=\"noopener\">son design qui change \u00e0 chaque \u00e9dition<\/a>, elle est devenue <a href=\"https:\/\/actu.fr\/grand-est\/meisenthal_57456\/boule-de-noel-de-meisenthal-2024-pourquoi-le-prix-de-vente-a-augmente_61864317.html\" target=\"_blank\" rel=\"noopener\">un objet de d\u00e9coration et de collection<\/a>.<\/p>\n<p class=\" wall-content\"><a href=\"https:\/\/actu.fr\/grand-est\/meisenthal_57456\/boules-de-noel-de-meisenthal-on-vous-explique-ou-les-acheter-en-lorraine-et-au-dela_61866430.html\" target=\"_blank\" rel=\"noopener\">Contrairement aux ann\u00e9es pr\u00e9c\u00e9dentes<\/a>, <strong>aucune vente n\u2019aura lieu \u00e0 l\u2019office de tourisme<\/strong> de <a href=\"https:\/\/actu.fr\/grand-est\/nancy_54395\" target=\"_blank\" rel=\"noopener\">Nancy<\/a> en 2025. On vous explique pourquoi.<\/p>\n<p>La boule de Meisenthal absente \u00e0 Nancy<\/p>\n<p class=\" wall-content\">Il n\u2019y aura pas de file d\u2019attente pour acheter la boule de Meisenthal cet hiver \u00e0 Nancy. L\u2019adresse nanc\u00e9ienne ne fait plus partie de <strong>la liste des points de vente<\/strong>\u2009:<\/p>\n<ul class=\" wall-content\">\n<li><strong>Office de tourisme de Metz<\/strong>\u2009: du 28\u00a0novembre au 31\u00a0d\u00e9cembre (du lundi au samedi de 9h\u200930 \u00e0 18h30, dimanches et jours f\u00e9ri\u00e9s de 10h \u00e0 16h, ferm\u00e9 le 25\u00a0d\u00e9cembre)\u2009;<\/li>\n<li><strong>Chalet Qualit\u00e9 MOSL place de la R\u00e9publique \u00e0 Metz<\/strong>\u2009: les samedis 22 et 29\u00a0d\u00e9cembre, le samedi 6\u00a0d\u00e9cembre (\u00e0 partir de 11h)\u2009;<\/li>\n<li><strong>Complexe Sainte Barbe \u00e0 S\u00e9lestat<\/strong>\u2009: du 22\u00a0novembre au 1\u1d49\u02b3 d\u00e9cembre (du dimanche au jeudi de 11h \u00e0 19h, vendredi et samedi de 11h \u00e0 20h)\u2009;<\/li>\n<li><a href=\"https:\/\/actu.fr\/tag\/marche-de-noel-de-strasbourg\" target=\"_blank\" rel=\"noopener\">March\u00e9 de No\u00ebl de Strasbourg<\/a> \u2013 <strong>place Benjamin Zix<\/strong>\u2009: du 26\u00a0novembre au 24\u00a0d\u00e9cembre (le 26\u00a0novembre de 14h \u00e0 21h, du 27\u00a0novembre au 23\u00a0d\u00e9cembre de 11h30 \u00e0 21h, le 24\u00a0d\u00e9cembre de 11h30 \u00e0 18h).<\/li>\n<\/ul>\n<p>Une volont\u00e9 de r\u00e9pondre mieux \u00e0 la demande sur le site verrier de Meisenthal<\/p>\n<p class=\" wall-content\">Contact\u00e9 par\u00a0Lorraine Actu, le centre international d\u2019art verrier de Meisenthal explique ce choix\u2009: \u00ab\u2009On a la volont\u00e9 de rapatrier une partie de l\u2019offre sur le site de production pour <strong>faire d\u00e9couvrir le parcours<\/strong> de visite dans le cadre de l\u2019\u00e9v\u00e8nement <strong>Un No\u00ebl \u00e0 Meisenthal<\/strong>. [\u2026] On veut aussi pouvoir proposer plus de boules \u00e0 la vente aux personnes qui viennent et r\u00e9pondre \u00e0 la demande.\u2009\u00bb<\/p>\n<p class=\" wall-content\"><strong>Du 13\u00a0novembre 2025 au 4\u00a0janvier 2026,<\/strong> cet \u00e9v\u00e9nement pr\u00e9voit <strong>une large programmation culturelle<\/strong>\u2009: guinguette d\u2019hiver, expositions, d\u00e9monstrations des souffleurs de verre, ateliers jeune public ou encore, bien \u00e9videmment, la vente de boules de No\u00ebl.<\/p>\n<p>Votre r\u00e9gion, votre actu !<\/p>\n<p>Recevez chaque jour les infos qui comptent pour vous.<\/p>\n<p>\t<a href=\"https:\/\/actu.fr\/newsletter\" class=\"ac-btn ac-btn--corner ac-btn--medium ac-btn--blue800\" target=\"_blank\" rel=\"noopener\">S&rsquo;incrire<\/a><\/p>\n<p class=\" wall-content\">Il sera aussi possible d\u2019<strong>acheter une boule en click &amp; collect<\/strong> et de venir la retirer sur place.<\/p>\n<p>Plus d\u2019informations sur <a href=\"https:\/\/ciav-meisenthal.fr\/rubrique\/tourisme\/saisonnoel\" target=\"_blank\" rel=\"noopener\">ciav-meisenthal.fr.<\/a><\/p>\n<p class=\" wall-content\">Personnalisez votre actualit\u00e9 en ajoutant vos villes et m\u00e9dias en favori avec <a href=\"https:\/\/moncompte.actu.fr\" title=\"D\u00e9couvez Mon Actu\" rel=\"nofollow noopener\" data-trk=\"{&quot;cta&quot;:{&quot;action&quot;:&quot;https:\\\/\\\/moncompte.actu.fr&quot;,&quot;category&quot;:&quot;mon compte&quot;,&quot;from&quot;:&quot;article footer&quot;,&quot;name&quot;:&quot;Mon actu&quot;,&quot;type&quot;:&quot;cta&quot;}}\" target=\"_blank\">Mon Actu<\/a>.<\/p>\n","protected":false},"excerpt":{"rendered":"Par Paul-Emile Bouchy Publi\u00e9 le 27 oct. 2025 \u00e0 17h11 ; mis \u00e0 jour le 27 oct. 2025&hellip;\n","protected":false},"author":2,"featured_media":493511,"comment_status":"","ping_status":"","sticky":false,"template":"","format":"standard","meta":{"footnotes":""},"categories":[9635],"tags":[1111,11,1777,674,1011,27,775,1702,12,15830,25,104],"class_list":{"0":"post-493510","1":"post","2":"type-post","3":"status-publish","4":"format-standard","5":"has-post-thumbnail","7":"category-nancy","8":"tag-actu","9":"tag-actualites","10":"tag-eu","11":"tag-europe","12":"tag-fr","13":"tag-france","14":"tag-grand-est","15":"tag-nancy","16":"tag-news","17":"tag-noel","18":"tag-republique-francaise","19":"tag-societe"},"share_on_mastodon":{"url":"https:\/\/pubeurope.com\/@fr\/115447073600899113","error":""},"_links":{"self":[{"href":"https:\/\/www.europesays.com\/fr\/wp-json\/wp\/v2\/posts\/493510","targetHints":{"allow":["GET"]}}],"collection":[{"href":"https:\/\/www.europesays.com\/fr\/wp-json\/wp\/v2\/posts"}],"about":[{"href":"https:\/\/www.europesays.com\/fr\/wp-json\/wp\/v2\/types\/post"}],"author":[{"embeddable":true,"href":"https:\/\/www.europesays.com\/fr\/wp-json\/wp\/v2\/users\/2"}],"replies":[{"embeddable":true,"href":"https:\/\/www.europesays.com\/fr\/wp-json\/wp\/v2\/comments?post=493510"}],"version-history":[{"count":0,"href":"https:\/\/www.europesays.com\/fr\/wp-json\/wp\/v2\/posts\/493510\/revisions"}],"wp:featuredmedia":[{"embeddable":true,"href":"https:\/\/www.europesays.com\/fr\/wp-json\/wp\/v2\/media\/493511"}],"wp:attachment":[{"href":"https:\/\/www.europesays.com\/fr\/wp-json\/wp\/v2\/media?parent=493510"}],"wp:term":[{"taxonomy":"category","embeddable":true,"href":"https:\/\/www.europesays.com\/fr\/wp-json\/wp\/v2\/categories?post=493510"},{"taxonomy":"post_tag","embeddable":true,"href":"https:\/\/www.europesays.com\/fr\/wp-json\/wp\/v2\/tags?post=493510"}],"curies":[{"name":"wp","href":"https:\/\/api.w.org\/{rel}","templated":true}]}}