{"id":493518,"date":"2025-10-27T16:32:12","date_gmt":"2025-10-27T16:32:12","guid":{"rendered":"https:\/\/www.europesays.com\/fr\/493518\/"},"modified":"2025-10-27T16:32:12","modified_gmt":"2025-10-27T16:32:12","slug":"victime-dhomophobie-dans-un-bus-du-reseau-astuce-en-panne-il-ouvre-une-petition-en-ligne","status":"publish","type":"post","link":"https:\/\/www.europesays.com\/fr\/493518\/","title":{"rendered":"victime d\u2019homophobie dans un bus du R\u00e9seau Astuce en panne, il ouvre une p\u00e9tition en ligne"},"content":{"rendered":"<p>            Par<br \/>\n        <strong><br \/>\n            <a href=\"https:\/\/actu.fr\/auteur\/emilien-jacques\" title=\"Consulter tous les articles de Emilien Jacques\" target=\"_blank\" rel=\"noopener\">Emilien Jacques<\/a><br \/>\n        <\/strong><\/p>\n<p>        Publi\u00e9 le<\/p>\n<p>            27 oct. 2025 \u00e0 17h05        <\/p>\n<p>C\u2019est un \u00e9v\u00e8nement qui a marqu\u00e9 Alexandre Brebion, et il tient \u00e0 le faire savoir. \u00c0 l\u2019\u00e9t\u00e9 2025, cet habitant d\u2019<a href=\"https:\/\/actu.fr\/normandie\/elbeuf_76231\" target=\"_blank\" rel=\"noopener\">Elbeuf (Seine-Maritime)<\/a> a v\u00e9cu une <b>p\u00e9nible exp\u00e9rience<\/b> dans un bus de la ligne F. Panne de plus d\u2019une demi-heure, climatisation hors-service et <b>insultes homophobes<\/b> l\u2019ont pouss\u00e9 \u00e0 demander des comptes \u00e0 la r\u00e9gie des Transports de l\u2019Agglom\u00e9ration Elbeuvienne (TAE), qui n\u2019assure pas une <b>s\u00e9curit\u00e9 <\/b>optimale de ses voyageurs, selon lui. Explications.<\/p>\n<p>30\u00a0minutes enferm\u00e9 en plein soleil<\/p>\n<p class=\" wall-content\">Le 9\u00a0ao\u00fbt dernier, Alexandre Brebion effectue un trajet dont il a l\u2019habitude sur la <b>ligne F<\/b>, qui joint <a href=\"https:\/\/actu.fr\/normandie\/saint-pierre-les-elbeuf_76640\" target=\"_blank\" rel=\"noopener\">Saint-Pierre-l\u00e8s-Elbeuf<\/a> \u00e0 Oissel. Entre les arr\u00eats Les Peintres et Renault, en face de la jardinerie Desjardins, le bus dans lequel il se trouve tombe en <b>panne<\/b>.<\/p>\n<p class=\" wall-content\">L\u2019homme de 26\u00a0ans et la trentaine de voyageurs pr\u00e9sents sont tenus de rester <b>\u00e0 l\u2019int\u00e9rieur<\/b> du v\u00e9hicule. Alors que la temp\u00e9rature ext\u00e9rieure d\u00e9passe les <b>30 degr\u00e9s<\/b>, il constate qu\u2019aucune fen\u00eatre du bus n\u2019est ouvrable et que la <b>climatisation <\/b>ne fonctionne pas.<\/p>\n<blockquote class=\"ac-article-quote wall-content\">\n<p>Le bus \u00e9tait plein et on nous a emp\u00each\u00e9s de sortir, c\u2019\u00e9tait un enfer.<\/p>\n<p>Alexandre Brebion.<\/p><\/blockquote>\n<p class=\" wall-content\">Il rapporte une longue <b>attente<\/b>, sans que les passagers ne soient inform\u00e9s de l\u2019\u00e9volution de la situation. \u00ab\u2009Nous sommes rest\u00e9s plus de 30\u00a0minutes <b>enferm\u00e9s<\/b>, le chauffeur ne nous a rien dit, rapporte-t-il. Je ne comprends pas qu\u2019il n\u2019y ait pas de fen\u00eatres d\u2019ouvertes, et m\u00eame pas <b>un peu d\u2019air<\/b>. Niveau s\u00e9curit\u00e9, c\u2019est moyen.\u2009\u00bb Mais ses d\u00e9boires ne vont pas s\u2019arr\u00eater l\u00e0.<\/p>\n<p>Insultes homophobes<\/p>\n<p class=\" wall-content\">Durant cette immobilisation de plusieurs minutes, Alexandre Brebion assure avoir \u00e9t\u00e9 victime de <b>propos homophobes<\/b> de la part d\u2019autres passagers. Il s\u2019\u00e9tonne de l\u2019indiff\u00e9rence dont a fait part le chauffeur qui, selon lui, \u00ab\u2009a forc\u00e9ment entendu les <b>insultes\u2009<\/b>\u00bb qui ont \u00e9t\u00e9 prof\u00e9r\u00e9s \u00e0 proximit\u00e9 de sa cabine. \u00ab\u2009Il n\u2019y a eu <b>aucune r\u00e9action<\/b> de sa part\u2009\u00bb, s\u2019indigne-t-il.<\/p>\n<p>    <a href=\"https:\/\/www.facebook.com\/plugins\/post.php?href=https%3A%2F%2Fwww.facebook.com%2Fpermalink.php%3Fstory_fbid%3Dpfbid0W4L89v6PwU4cJmA82B18aDG8voGEAgPvAZHa9KMTNHWUofxgdfWisC6RDuUbamM9l%26id%3D61580098666294&amp;show_text=true&amp;width=350\" title=\"Ouvrie le lien\" target=\"_blank\" rel=\"noopener\">Cliquez ici pour visualiser le contenu<\/a><\/p>\n<p>Votre r\u00e9gion, votre actu !<\/p>\n<p>Recevez chaque jour les infos qui comptent pour vous.<\/p>\n<p>\t<a href=\"https:\/\/actu.fr\/newsletter\" class=\"ac-btn ac-btn--corner ac-btn--medium ac-btn--blue800\" target=\"_blank\" rel=\"noopener\">S&rsquo;incrire<\/a><\/p>\n<p class=\" wall-content\">Suite \u00e0 cet incident, Alexandre Brebion s\u2019interroge sur la politique de gestion des pannes appliqu\u00e9e par les TAE, l\u2019antenne locale du <b>R\u00e9seau Astuce<\/b>, et sur les mesures prises par la soci\u00e9t\u00e9 pour \u00ab\u2009lutter contre les <b>discriminations <\/b>au sein de ses services\u2009\u00bb.<\/p>\n<p>Des probl\u00e8mes de climatisation durant l\u2019\u00e9t\u00e9<\/p>\n<p class=\" wall-content\">Contact\u00e9 par notre r\u00e9daction, le service client de la r\u00e9gie des TAE a tenu \u00e0 clarifier la situation concernant la chaleur excessive survenue dans le bus ce jour-l\u00e0. La soci\u00e9t\u00e9 conc\u00e8de avoir eu \u00ab\u2009une gestion de la climatisation compliqu\u00e9e durant l\u2019\u00e9t\u00e9\u2009\u00bb.<\/p>\n<p class=\" wall-content\">En effet, \u00ab\u2009plusieurs clients nous ont fait part de <b>probl\u00e8mes <\/b>cet \u00e9t\u00e9, des interventions ont \u00e9t\u00e9 n\u00e9cessaires\u2009\u00bb, explique les TAE, qui tiennent \u00e0 souligner que \u00ab\u2009tous les v\u00e9hicules sont \u00e9quip\u00e9s de climatisation\u2009\u00bb.<\/p>\n<p class=\" wall-content\">\u00ab\u2009Malgr\u00e9 cela, la temp\u00e9rature d\u2019un v\u00e9hicule reste <b>difficile \u00e0 g\u00e9rer<\/b>, avec l\u2019ouverture r\u00e9guli\u00e8re des portes qui laissent entrer la chaleur\u2009\u00bb, justifie la soci\u00e9t\u00e9.<\/p>\n<p>Une gestion de panne classique<\/p>\n<p class=\" wall-content\">La demande faite aux voyageurs de rester \u00e0 l\u2019int\u00e9rieur du bus durant son immobilisation forc\u00e9e en attendant l\u2019arriv\u00e9e d\u2019un v\u00e9hicule de d\u00e9pannage a fortement \u00e9tonn\u00e9 Alexandre Brebion. Pourtant, il s\u2019agissait bien l\u00e0 de <b>consignes classiques<\/b> lors de ce genre de situation.<\/p>\n<blockquote class=\"ac-article-quote wall-content\">\n<p>Lorsque le v\u00e9hicule se trouve arr\u00eat\u00e9 dans un lieu qui ne permet pas de mettre en s\u00e9curit\u00e9 les clients, la consigne est de garder les usagers \u00e0 l\u2019int\u00e9rieur du bus pour \u00e9viter toute mise en danger.<\/p>\n<p>Transports de l\u2019Agglom\u00e9ration Elbeuvienne.<\/p><\/blockquote>\n<p class=\" wall-content\">L\u2019accotement en herbe au bord duquel se trouvait le bus immobilis\u00e9 a justifi\u00e9 cette mesure selon la soci\u00e9t\u00e9, qui assure cependant que \u00ab\u2009si un usager demande \u00e0 sortir, il y est bien s\u00fbr <b>autoris\u00e9\u2009<\/b>\u00bb.<b\/><\/p>\n<p>Propos discriminatoires\u2009: le chauffeur tenu de r\u00e9agir<\/p>\n<p class=\" wall-content\">Enfin, les TAE tiennent \u00e0 pr\u00e9ciser que tout propos discriminatoire tenu dans un de ses v\u00e9hicules doit entra\u00eener une <b>intervention <\/b>de la part du chauffeur ou des contr\u00f4leurs pr\u00e9sents. Ils ont comme <b>consigne <\/b>d\u2019intervenir \u00ab\u2009pour faire cesser tous ces genres de discours\u2009\u00bb. La soci\u00e9t\u00e9 ajoute\u2009: \u00ab\u2009Nos salari\u00e9s sont <b>sensibilis\u00e9s<\/b>, il y a des formations qui existent.\u2009\u00bb<\/p>\n<p class=\" wall-content\">Dans les faits rapport\u00e9s par Alexandre Brebion, le chauffeur n\u2019a pas montr\u00e9 de r\u00e9action face aux insultes dont il a \u00e9t\u00e9 victime. \u00ab\u2009Le conducteur \u00e9tait pris dans la <b>gestion de sa panne<\/b> et n\u2019a pas pris conscience de la situation, ni des \u00e9changes de cet ordre\u2009\u00bb, selon les TAE. \u00ab\u2009Nous nous sommes excus\u00e9s aupr\u00e8s du client\u2009\u00bb, affirme la soci\u00e9t\u00e9.<\/p>\n<p>P\u00e9tition ouverte<\/p>\n<p class=\" wall-content\">Des explications qui n\u2019ont visiblement pas convaincu Alexandre Brebion, qui a publi\u00e9 une <b>p\u00e9tition en ligne<\/b> dans laquelle il demande au R\u00e9seau Astuce de mettre en \u0153uvre des mesures \u00ab\u2009pour <b>prot\u00e9ger <\/b>tous les passagers et cr\u00e9er un environnement <b>respectueux <\/b>et s\u00fbr.\u2009\u00bb<\/p>\n<p>La p\u00e9tition cr\u00e9\u00e9e par Alexandre Brebion est disponible sur la page Facebook qu\u2019il a nomm\u00e9e\u2009: Citoyens unis pour nos transports \u2013 Rouen Elbeuf.<\/p>\n<p class=\" wall-content\">Personnalisez votre actualit\u00e9 en ajoutant vos villes et m\u00e9dias en favori avec <a href=\"https:\/\/moncompte.actu.fr\" title=\"D\u00e9couvez Mon Actu\" rel=\"nofollow noopener\" data-trk=\"{&quot;cta&quot;:{&quot;action&quot;:&quot;https:\\\/\\\/moncompte.actu.fr&quot;,&quot;category&quot;:&quot;mon compte&quot;,&quot;from&quot;:&quot;article footer&quot;,&quot;name&quot;:&quot;Mon actu&quot;,&quot;type&quot;:&quot;cta&quot;}}\" target=\"_blank\">Mon Actu<\/a>.<\/p>\n","protected":false},"excerpt":{"rendered":"Par Emilien Jacques Publi\u00e9 le 27 oct. 2025 \u00e0 17h05 C\u2019est un \u00e9v\u00e8nement qui a marqu\u00e9 Alexandre Brebion,&hellip;\n","protected":false},"author":2,"featured_media":493519,"comment_status":"","ping_status":"","sticky":false,"template":"","format":"standard","meta":{"footnotes":""},"categories":[9587],"tags":[1111,11,1777,674,1011,27,8717,12,5161,25,9726,9590,104,2803],"class_list":{"0":"post-493518","1":"post","2":"type-post","3":"status-publish","4":"format-standard","5":"has-post-thumbnail","7":"category-rouen","8":"tag-actu","9":"tag-actualites","10":"tag-eu","11":"tag-europe","12":"tag-fr","13":"tag-france","14":"tag-homophobie","15":"tag-news","16":"tag-normandie","17":"tag-republique-francaise","18":"tag-reseau-astuce-tcar","19":"tag-rouen","20":"tag-societe","21":"tag-transport"},"share_on_mastodon":{"url":"https:\/\/pubeurope.com\/@fr\/115447093293318974","error":""},"_links":{"self":[{"href":"https:\/\/www.europesays.com\/fr\/wp-json\/wp\/v2\/posts\/493518","targetHints":{"allow":["GET"]}}],"collection":[{"href":"https:\/\/www.europesays.com\/fr\/wp-json\/wp\/v2\/posts"}],"about":[{"href":"https:\/\/www.europesays.com\/fr\/wp-json\/wp\/v2\/types\/post"}],"author":[{"embeddable":true,"href":"https:\/\/www.europesays.com\/fr\/wp-json\/wp\/v2\/users\/2"}],"replies":[{"embeddable":true,"href":"https:\/\/www.europesays.com\/fr\/wp-json\/wp\/v2\/comments?post=493518"}],"version-history":[{"count":0,"href":"https:\/\/www.europesays.com\/fr\/wp-json\/wp\/v2\/posts\/493518\/revisions"}],"wp:featuredmedia":[{"embeddable":true,"href":"https:\/\/www.europesays.com\/fr\/wp-json\/wp\/v2\/media\/493519"}],"wp:attachment":[{"href":"https:\/\/www.europesays.com\/fr\/wp-json\/wp\/v2\/media?parent=493518"}],"wp:term":[{"taxonomy":"category","embeddable":true,"href":"https:\/\/www.europesays.com\/fr\/wp-json\/wp\/v2\/categories?post=493518"},{"taxonomy":"post_tag","embeddable":true,"href":"https:\/\/www.europesays.com\/fr\/wp-json\/wp\/v2\/tags?post=493518"}],"curies":[{"name":"wp","href":"https:\/\/api.w.org\/{rel}","templated":true}]}}