{"id":493526,"date":"2025-10-27T16:36:13","date_gmt":"2025-10-27T16:36:13","guid":{"rendered":"https:\/\/www.europesays.com\/fr\/493526\/"},"modified":"2025-10-27T16:36:13","modified_gmt":"2025-10-27T16:36:13","slug":"des-malfaiteurs-reperent-leurs-victimes-dans-un-cimetiere-attention-a-cette-escroquerie","status":"publish","type":"post","link":"https:\/\/www.europesays.com\/fr\/493526\/","title":{"rendered":"des malfaiteurs rep\u00e8rent leurs victimes dans un cimeti\u00e8re, attention \u00e0 cette escroquerie"},"content":{"rendered":"<p>            Par<br \/>\n        <strong><br \/>\n            <a href=\"https:\/\/actu.fr\/auteur\/clemence-pays02-actu-fr\" title=\"Consulter tous les articles de Cl\u00e9mence Pays\" target=\"_blank\" rel=\"noopener\">Cl\u00e9mence Pays<\/a><br \/>\n        <\/strong><\/p>\n<p>        Publi\u00e9 le<\/p>\n<p>            27 oct. 2025 \u00e0 17h06        <\/p>\n<p>Les victimes ont \u00e9t\u00e9 cibl\u00e9es rapidement. Samedi 25\u00a0octobre 2025, \u00e0 Rennes, des escrocs ont rep\u00e9r\u00e9 des<strong> personnes \u00e2g\u00e9es en train de fleurir les tombes<\/strong> de leurs proches, au <a href=\"https:\/\/actu.fr\/bretagne\/rennes_35238\/autrefois-on-y-pendait-les-condamnes-voici-l-histoire-du-plus-grand-cimetiere-de-rennes_61811027.html\" target=\"_blank\" rel=\"noopener\">cimeti\u00e8re de l\u2019Est<\/a>. Les malfaiteurs ont ensuite \u00ab\u2009suivi les victimes \u00e0 leur domicile\u2009\u00bb pour tenter de vendre des calendriers. Le but\u2009: soutirer de l\u2019argent \u00e0 \u00ab\u2009des personnes vuln\u00e9rables\u2009\u00bb.<\/p>\n<p>Prudence durant la Toussaint<\/p>\n<p class=\" wall-content\">Samedi, l\u2019une des cibles des malfrats a flair\u00e9 l\u2019arnaque et fait fuir le voleur.<\/p>\n<p class=\" wall-content\">Face \u00e0 ces \u00e9v\u00e9nements, la Direction interd\u00e9partementale de la Police nationale (DIPN 35) appelle chacun \u00e0 <strong>faire preuve de vigilance.<\/strong> \u00ab\u2009En particulier \u00e0 l\u2019approche de la Toussaint\u2009\u00bb, <a href=\"https:\/\/actu.fr\/bretagne\/rennes_35238\/rennes-50-000-personnes-attendues-pour-la-toussaint-dans-les-cimetieres-tout-ce-qu-il-faut-savoir_63354021.html\" target=\"_blank\" rel=\"noopener\">p\u00e9riode durant laquelle les cimeti\u00e8res de Rennes sont tr\u00e8s fr\u00e9quent\u00e9s<\/a>.<\/p>\n<p class=\" wall-content\">Personnalisez votre actualit\u00e9 en ajoutant vos villes et m\u00e9dias en favori avec <a href=\"https:\/\/moncompte.actu.fr\" title=\"D\u00e9couvez Mon Actu\" rel=\"nofollow noopener\" data-trk=\"{&quot;cta&quot;:{&quot;action&quot;:&quot;https:\\\/\\\/moncompte.actu.fr&quot;,&quot;category&quot;:&quot;mon compte&quot;,&quot;from&quot;:&quot;article footer&quot;,&quot;name&quot;:&quot;Mon actu&quot;,&quot;type&quot;:&quot;cta&quot;}}\" target=\"_blank\">Mon Actu<\/a>.<\/p>\n","protected":false},"excerpt":{"rendered":"Par Cl\u00e9mence Pays Publi\u00e9 le 27 oct. 2025 \u00e0 17h06 Les victimes ont \u00e9t\u00e9 cibl\u00e9es rapidement. Samedi 25\u00a0octobre&hellip;\n","protected":false},"author":2,"featured_media":493527,"comment_status":"","ping_status":"","sticky":false,"template":"","format":"standard","meta":{"footnotes":""},"categories":[2821],"tags":[1111,11,3514,829,1777,674,118,1011,27,12,1072,584,25],"class_list":{"0":"post-493526","1":"post","2":"type-post","3":"status-publish","4":"format-standard","5":"has-post-thumbnail","7":"category-rennes","8":"tag-actu","9":"tag-actualites","10":"tag-arnaque","11":"tag-bretagne","12":"tag-eu","13":"tag-europe","14":"tag-faits-divers","15":"tag-fr","16":"tag-france","17":"tag-news","18":"tag-police","19":"tag-rennes","20":"tag-republique-francaise"},"share_on_mastodon":{"url":"https:\/\/pubeurope.com\/@fr\/115447108982155499","error":""},"_links":{"self":[{"href":"https:\/\/www.europesays.com\/fr\/wp-json\/wp\/v2\/posts\/493526","targetHints":{"allow":["GET"]}}],"collection":[{"href":"https:\/\/www.europesays.com\/fr\/wp-json\/wp\/v2\/posts"}],"about":[{"href":"https:\/\/www.europesays.com\/fr\/wp-json\/wp\/v2\/types\/post"}],"author":[{"embeddable":true,"href":"https:\/\/www.europesays.com\/fr\/wp-json\/wp\/v2\/users\/2"}],"replies":[{"embeddable":true,"href":"https:\/\/www.europesays.com\/fr\/wp-json\/wp\/v2\/comments?post=493526"}],"version-history":[{"count":0,"href":"https:\/\/www.europesays.com\/fr\/wp-json\/wp\/v2\/posts\/493526\/revisions"}],"wp:featuredmedia":[{"embeddable":true,"href":"https:\/\/www.europesays.com\/fr\/wp-json\/wp\/v2\/media\/493527"}],"wp:attachment":[{"href":"https:\/\/www.europesays.com\/fr\/wp-json\/wp\/v2\/media?parent=493526"}],"wp:term":[{"taxonomy":"category","embeddable":true,"href":"https:\/\/www.europesays.com\/fr\/wp-json\/wp\/v2\/categories?post=493526"},{"taxonomy":"post_tag","embeddable":true,"href":"https:\/\/www.europesays.com\/fr\/wp-json\/wp\/v2\/tags?post=493526"}],"curies":[{"name":"wp","href":"https:\/\/api.w.org\/{rel}","templated":true}]}}