{"id":493536,"date":"2025-10-27T16:41:21","date_gmt":"2025-10-27T16:41:21","guid":{"rendered":"https:\/\/www.europesays.com\/fr\/493536\/"},"modified":"2025-10-27T16:41:21","modified_gmt":"2025-10-27T16:41:21","slug":"interview-municipales-2026-a-nice-la-coulee-verte-une-offense-a-lintelligence-lache-lecolo-jean-marc-governatori","status":"publish","type":"post","link":"https:\/\/www.europesays.com\/fr\/493536\/","title":{"rendered":"Interview. Municipales 2026 \u00e0 Nice. \u00ab\u00a0La coul\u00e9e verte, une offense \u00e0 l&rsquo;intelligence\u00a0\u00bb, l\u00e2che l&rsquo;\u00e9colo Jean-Marc Governatori"},"content":{"rendered":"<p>            Par<br \/>\n        <strong><br \/>\n            <a href=\"https:\/\/actu.fr\/auteur\/arthur-frand\" title=\"Consulter tous les articles de Arthur Frand\" target=\"_blank\" rel=\"noopener\">Arthur Frand<\/a><br \/>\n        <\/strong><\/p>\n<p>        Publi\u00e9 le<\/p>\n<p>            27 oct. 2025 \u00e0 17h24<br \/>\n        ; mis \u00e0 jour le 27 oct. 2025 \u00e0 17h37    <\/p>\n<p>Candidat aux \u00e9lections municipales de mars\u00a02026 \u00e0 <a href=\"https:\/\/actu.fr\/nice\/\" target=\"_blank\" rel=\"noopener\">Nice,<\/a> dans les <a href=\"https:\/\/actu.fr\/provence-alpes-cote-d-azur\/alpes-maritimes_06\" target=\"_blank\" rel=\"noopener\">Alpes-Maritimes<\/a>, Jean-Marc Governatori est lanc\u00e9 \u00e0 plein r\u00e9gime dans la campagne. En 2020, alors sous les couleurs d\u2019EELV, il avait recueilli <strong>19,30\u2009% des voix au second tour et se classait troisi\u00e8me<\/strong> derri\u00e8re Philippe Vardon (RN, 21,39\u2009%) et Christian Estrosi (59,30\u2009%). \u00c0 66\u00a0ans, ce Ni\u00e7ois repart avec son propre mouvement \u00ab\u2009L\u2019\u00e9cologie au centre\u2009\u00bb. <a href=\"https:\/\/actu.fr\/provence-alpes-cote-d-azur\/nice_06088\/nice-le-candidat-de-la-gauche-pour-les-elections-municipales-2026-est-connu_63115316.html\" target=\"_blank\" rel=\"noopener\">EELV, le PS et le PC,<\/a> d\u2019un c\u00f4t\u00e9, et <a href=\"https:\/\/actu.fr\/provence-alpes-cote-d-azur\/nice_06088\/municipales-2026-a-nice-lfi-et-viva-lancent-officiellement-leur-campagne_63276215.html\" target=\"_blank\" rel=\"noopener\">LFI et Viva\u2009!,<\/a> de l\u2019autre, sont \u00e9galement engag\u00e9s.\u00a0\u00c0 cinq mois du premier tour, Jean-Marc Governatori a accord\u00e9 un entretien exclusif \u00e0 la r\u00e9daction d\u2019<a href=\"https:\/\/actu.fr\/nice\/\" target=\"_blank\" rel=\"noopener\">actu Nice<\/a>, qui donnera la parole \u00e0 toutes et tous les candidats. Et il r\u00e9pond <strong>sans d\u00e9tour<\/strong>. Conscient de ses chances assez maigres face au duo Estrosi-Ciotti, dit-il, Jean-Marc Governtaori expose ses id\u00e9es et reste persuad\u00e9 qu\u2019il <strong>jouera un r\u00f4le central<\/strong> dans ces \u00e9lections municipales ni\u00e7oises. Il se targue aussi de pouvoir mettre en place la \u00ab\u2009meilleure politique de transports de France\u2009\u00bb.<\/p>\n<p class=\"ac-article-content__question wall-content\"><strong class=\"color-primary\">Actu : <\/strong>Comment r\u00e9sumer votre mouvement \u00ab\u2009L\u2019\u00e9cologie au centre\u2009\u00bb\u2009?<\/p>\n<p class=\" wall-content\"><strong class=\"color-primary\">Jean-Marc Governatori : <\/strong>Je suis purement centriste. On a \u00e9t\u00e9 cr\u00e9\u00e9 en 2004. On s\u2019appelait \u00ab\u2009La France d\u2019en bas\u2009\u00bb \u00e0 l\u2019\u00e9poque. Nous sommes pr\u00e9sents dans tous les d\u00e9partements fran\u00e7ais, ce qui m\u2019am\u00e8ne \u00e0 faire 2000 kilom\u00e8tres de train par semaine. Je ne prends jamais l\u2019avion contrairement \u00e0 certains \u00e9cologistes. Je suis coh\u00e9rent. Pour moi, l\u2019\u00e9cologie est un vrai de projet de soci\u00e9t\u00e9, comme le socialisme, le communisme et le lib\u00e9ralisme. Mais c\u2019est trois courants de pens\u00e9es ont tous \u00e9t\u00e9 test\u00e9s et ont \u00e9chou\u00e9. Le seul projet qui tienne la route, c\u2019est le mien. Nice pourrait en \u00eatre un formidable laboratoire \u00e0 partir de 2026.<\/p>\n<p>\u00ab\u2009Mon \u00e9lectorat d\u00e9cidera du vainqueur\u2009\u00bb<\/p>\n<p class=\"ac-article-content__question wall-content\">A Nice, comment vous positionnez-vous face aux mastodontes Estrosi-Ciotti\u2009?<\/p>\n<p class=\" wall-content\"><strong class=\"color-primary\">J.-M. G. : <\/strong>Tout le monde pense que Christian Estrosi ou \u00c9ric Ciotti l\u2019emportera \u00e0 Nice. Et, oui, c\u2019est tr\u00e8s probable que ce soit l\u2019un des deux. Mais c\u2019est mon \u00e9lectorat qui d\u00e9cidera du vainqueur. Il y aura des \u00e9l\u00e9ments de notre programme qui seront repris par le candidat que l\u2019on soutiendra au second tour. La gauche (incarn\u00e9e par Juliette Chesnel-Le Roux) retirera sa liste puisque pour elle c\u2019est tout sauf Ciotti. Je ne comprends pas qu\u2019ils ne le reconnaissent pas. Ils persistent \u00e0 dire qu\u2019ils maintiendront leur liste s\u2019ils font 10\u2009%, soit ils mentent, soit ils sont idiots. En mars 2026, il faut que mes \u00e9lecteurs votent en masse au premier tour pour que je puisse avoir le maximum de poids sur notre r\u00e9gion. Nous avons le budget le plus vert d\u2019Europe. Je l\u2019ai obtenu de la part de Renaud Muselier (pr\u00e9sident du conseil r\u00e9gional Provence-Alpes-C\u00f4te d&rsquo;Azur).<\/p>\n<p>    <img   decoding=\"async\" loading=\"lazy\" src=\"https:\/\/www.europesays.com\/fr\/wp-content\/uploads\/2025\/10\/img-1693-960x640.jpeg\" alt=\"Jean-Marc Governatori Nice\" width=\"960\" height=\"640\"\/><br \/>\n    Jean-Marc Governatori assure qu\u2019il a failli \u00eatre nomm\u00e9 ministre mais qu\u2019Emmanuel Macron s\u2019y est \u00ab\u2009oppos\u00e9\u2009\u00bb. (\u00a9Fabien Binacchi \/ actu Nice)<\/p>\n<p class=\"ac-article-content__question wall-content\">Vous \u00e9tiez investi par EELV en 2020. Juliette Chesnel-Le Roux a \u00e9t\u00e9 choisie pour ces \u00e9lections 2026. Dans quel \u00e9tat d\u2019esprit \u00eates-vous\u2009?<\/p>\n<p class=\" wall-content\"><strong class=\"color-primary\">J.-M. G. : <\/strong>Je ne suis pas quelqu\u2019un de guerrier. Je n\u2019emploie jamais le mot combat. Je continue d\u2019\u00e9changer avec Juliette Chesnel-Le Roux. En contradiction avec la Nupes, j\u2019ai quitt\u00e9 le groupe en septembre 2022. Je pense que la meilleure option pour Nice, c\u2019est une liste Europe \u00c9cologie Les Verts men\u00e9e par Jean-Marc Governatori. C\u2019est une association politique parfaite. En 2020, la seule liste EELV qui a eu des \u00e9lus, c\u2019\u00e9tait la mienne. Nous avons fait le meilleur score de France sous une liste exclusivement EELV. Plus de 20\u2009%. Je garde l\u2019espoir qu\u2019ils aient une lueur d\u2019intelligence, en d\u00e9cembre ou janvier prochain, en se disant que la seule fa\u00e7on d\u2019avoir des \u00e9lus, c\u2019est de refaire comme 2020. Sans EELV, je suis moins fort. Sauf, si je deviens ministre d\u2019ici mars, la donne changera totalement. Mais pour l\u2019instant, Emmanuel Macron s\u2019oppose \u00e0 moi. J\u2019aurais pourtant d\u00fb \u00eatre dans le gouvernement Barnier mais aussi sous Lecornu.\u00a0<\/p>\n<p>\u00ab\u2009Il (Estrosi) est honn\u00eate mais il a pris le mauvais chemin\u2009\u00bb<\/p>\n<p class=\"ac-article-content__question wall-content\">Quel bilan tirez-vous des trois mandats de Christian Estrosi ?<\/p>\n<p class=\" wall-content\"><strong class=\"color-primary\">J.-M. G. : <\/strong>Je pense qu&rsquo;il est honn\u00eate et veut bien faire mais il a pris le mauvais chemin. Selon moi, ce qu\u2019on doit viser en tant qu\u2019\u00e9lu, c\u2019est l\u2019autonomie alimentaire et \u00e9nerg\u00e9tique. C\u2019est la base. Il est en \u00e9chec sur ces deux points. Nous n\u2019avons que trois jours d\u2019autonomie alimentaire \u00e0 Nice, c\u2019est grave.\u00a0Et parmi les grandes villes de France, Nice est la plus d\u00e9pendante \u00e9nerg\u00e9tiquement. Ce sont deux fautes majeures qui valent un carton rouge. Il a quand m\u00eame fait des choses int\u00e9ressantes. Par exemple, le tunnel pour rejoindre l\u2019autoroute \u00e0 la sortie de la voie rapide, c\u2019est bien. On a l\u2019impression qu\u2019il est actif, ce n\u2019est pas un maire qui dort comme peuvent le faire certains. En revanche, il y a plusieurs projets qui n\u2019\u00e9taient pas bons. Par exemple, la coul\u00e9e verte est une offense \u00e0 l\u2019intelligence. Il aurait fallu laisser Acropolis (ex-Palais des Congr\u00e8s) en place, qui \u00e9tait rentable, et le th\u00e9\u00e2tre, plut\u00f4t que de reconstruire ailleurs. On pouvait faire une for\u00eat urbaine autour en v\u00e9g\u00e9talisant les murs et en \u00ab\u2009potag\u00e9risant\u2009\u00bb les toits. Cela aurait co\u00fbt\u00e9 beaucoup moins cher. D\u00e9truire pour reconstruire, c\u2019est co\u00fbteux et polluant.<\/p>\n<p class=\"ac-article-content__question wall-content\">La M\u00e9tropole et la Ville de Nice sont endett\u00e9es. Que proposez-vous pour y faire face\u2009?<\/p>\n<p class=\" wall-content\"><strong class=\"color-primary\">J.-M. G. : <\/strong>Il y a r\u00e9ellement 3\u00a0milliards de dettes \u00e0 Nice : 1,6\u00a0milliard de la M\u00e9tropole Nice C\u00f4te d&rsquo;Azur, 550\u00a0millions pour la ville, cela fait 2,150\u00a0milliards, mais il y a aussi la r\u00e9gie des eaux qui co\u00fbte 600 \u00e0 800\u00a0millions. \u00c0 partir de janvier\u00a02026, tout sera centralis\u00e9. G\u00e9rer ne s\u2019improvise pas. Moi, maire, je ferai un audit des comptes. C\u2019est indispensable. Il faut prendre un cabinet ind\u00e9pendant.\u00a0Mais, en tout cas, nous n\u2019augmenterons pas les imp\u00f4ts. Il faut mieux contr\u00f4ler le budget. Je souhaite multiplier les petits projets, pour changer des projets inutiles et qui ruinent de Christian Estrosi.<\/p>\n<p>Votre r\u00e9gion, votre actu !<\/p>\n<p>Recevez chaque jour les infos qui comptent pour vous.<\/p>\n<p>\t<a href=\"https:\/\/actu.fr\/newsletter\" class=\"ac-btn ac-btn--corner ac-btn--medium ac-btn--blue800\" target=\"_blank\" rel=\"noopener\">S&rsquo;incrire<\/a><\/p>\n<blockquote class=\"ac-article-quote wall-content\">\n<p>\u00ab\u00a0Nous allons mettre en place la meilleure politique de transports de France\u00a0\u00bb<\/p>\n<p>    <strong>Jean-Marc Governatori<\/strong>\n            <\/p><\/blockquote>\n<p class=\"ac-article-content__question wall-content\">Quelles seront vos mesures les plus fortes si vous \u00eates \u00e9lu maire\u2009?<\/p>\n<p class=\" wall-content\"><strong class=\"color-primary\">J.-M. G. : <\/strong>D\u00e9j\u00e0, concernant cette d\u00e9pendance \u00e9nerg\u00e9tique, il faut isoler partout, c\u2019est la priorit\u00e9. Mais aussi d\u00e9velopper l\u2019\u00e9conomie circulaire. Je veux faire de Nice une communaut\u00e9 de villages \u00e0 travers ses 50 quartiers. Je veux des ressourceries et recycleries dans chaque quartier. Je veux qu\u2019on r\u00e9pare, qu\u2019on r\u00e9utilise, qu\u2019on r\u00e9emploie. C\u2019est comme cela qu\u2019on fait des \u00e9conomies, qu\u2019on cr\u00e9e du pouvoir d\u2019achat et du lien social. Les ignorants comme Juliette Chesnel-Le Roux (EELV) qui croient que la hausse des salaires est municipale et qui se vante d\u2019\u00eatre la liste du pouvoir d\u2019achat, c\u2019est n\u2019importe quoi. La cl\u00e9 aussi, c\u2019est d\u2019avoir une bonne politique de transports. Nous allons mettre en place la meilleure politique des transports de France.<\/p>\n<p class=\"ac-article-content__question wall-content\">En quoi consistera cette \u00ab\u2009meilleure politique des transports de France\u2009\u00bb\u2009?<\/p>\n<p class=\" wall-content\"><strong class=\"color-primary\">J.-M. G. : <\/strong>Tout est li\u00e9. La gestion de la voiture \u00e0 Nice d\u00e9pend de celle de la trottinette \u00e9lectrique, de celle du v\u00e9lo et de la voiture ventouse [v\u00e9hicule en stationnement g\u00eanant prolong\u00e9]. S\u2019il y a 15% de voitures ventouses \u00e0 Nice, vous ne pouvez pas vous garer et vous perdez de la place pour faire de pistes cyclables. Estrosi et Ciotti pensent rapide, cher et complexe. Moi, je pense petit, simple, lent et moins co\u00fbteux. Je l\u2019imposerai d\u2019ailleurs \u00e0 l\u2019un de ces deux monstres. On souhaite que les gens soient heureux. Il faut donc multiplier les minibus pour mailler le territoire. Ga\u00ebl Nofri nous dit \u00ab\u00a0c\u2019est compliqu\u00e9 de trouver des chauffeurs de bus\u2026\u00a0\u00bb Oui. Mais avec mes minibus, tu peux conduire avec un permis B. Je veux aussi qu\u2019\u00e0 Nice, les points de deal se transforment en points de covoiturage. Il faut des bornes de covoiturage de partout<\/p>\n<p class=\" wall-content\"><strong>\u00ab\u2009Le tramway plombe le budget. Moi, je mets en place le bus articul\u00e9\u2009\u00bb<\/strong><\/p>\n<p class=\"ac-article-content__question wall-content\">Vous d\u00e9noncez les projets \u00ab\u00a0chers et complexes\u00a0\u00bb. Est-ce \u00e0 dire que renonceriez-vous aux nouvelles lignes de tramway ?<\/p>\n<p class=\" wall-content\"><strong class=\"color-primary\">J.-M. G. : <\/strong>Bien \u00e9videmment. Sans h\u00e9siter. Ga\u00ebl Nofri [pr\u00e9sident de la r\u00e9gie Lignes d\u2019Azur et vice-pr\u00e9sident de la M\u00e9tropole] me r\u00e9p\u00e8te que je suis contre le tram. Mais le T4 et le T5 ne sont toujours pas faits. Si l\u2019on avait mis mon bus articul\u00e9 en site propre, les gens auraient d\u00e9j\u00e0 un moyen de transport suppl\u00e9mentaire. Le tramway plombe le budget de la m\u00e9tropole. C\u2019est la premi\u00e8re d\u00e9pense. Moi en 2027, je mets en place le bus articul\u00e9. C\u2019est une d\u00e9cision r\u00e9versible. Et \u00e7a co\u00fbte beaucoup moins cher.<\/p>\n<p class=\"ac-article-content__question wall-content\">Souhaitez-vous diminuer la place de la voiture \u00e0 Nice\u2009?<\/p>\n<p class=\" wall-content\"><strong class=\"color-primary\">J.-M. G. : <\/strong>Oui, le probl\u00e8me est la masse de voitures. \u00c0 terme, nous pouvons esp\u00e9rer 50% de voitures en moins mais le faire sans contrainte. Il faut faire comprendre aux Ni\u00e7ois qu\u2019un v\u00e9lo ou une trottinette en plus, c\u2019est une voiture en moins. Il faut des trottinettes en libre-service mais bien les contr\u00f4ler. Il faut \u00eatre s\u00e9v\u00e8re avec ceux qui ne respectent pas le code de la route et qui \u00ab\u2009emmerdent\u2009\u00bb la majorit\u00e9.<\/p>\n<p>    <img   decoding=\"async\" loading=\"lazy\" src=\"https:\/\/www.europesays.com\/fr\/wp-content\/uploads\/2025\/10\/img-1670-960x640.jpeg\" alt=\"Jean-Marc Governatori Nice\" width=\"960\" height=\"640\"\/><br \/>\n    Jean-Marc Governatori dans les locaux d\u2019actu Nice. (\u00a9Fabien Binacchi \/ actu Nice)<\/p>\n<p class=\"ac-article-content__question wall-content\">Un autre sujet central de la campagne \u00e0 Nice est la s\u00e9curit\u00e9. Que proposez-vous sur ce point\u2009?<\/p>\n<p class=\" wall-content\"><strong class=\"color-primary\">J.-M. G. : <\/strong>Je veux cr\u00e9er un \u00e9tat d\u2019esprit coop\u00e9ratif \u00e0 Nice dans chaque quartier. Il y a beaucoup moins de d\u00e9linquance et de criminalit\u00e9 dans des petits villages. Dans les grands espaces, les grandes villes, les gens ne se parlent pas et ne se connaissent pas. Je veux sortir de cet espace individualiste et comp\u00e9titif. C\u2019est en se parlant que les points de deals diminueront.<br \/>Il y a la cha\u00eene p\u00e9nale \u00e9videmment mais aussi et surtout l\u2019\u00e9ducation. C\u2019est fondamental. J\u2019ai cofond\u00e9 la Ligue nationale contre la drogue en 1991. Pour moi, il n\u2019y a pas de drogues douces. Ce sont des \u00e9tapes pour passer \u00e0 plus gros. Il faudrait faire voir des vid\u00e9os dans les \u00e9coles en montrant comment devient le consommateur de drogue ensuite. L\u2019impact serait majeur. Il faut diminuer le nombre de consommateurs. La drogue est d\u00e9p\u00e9nalis\u00e9e en France, c\u2019est une r\u00e9alit\u00e9 que l\u2019on n\u2019admet pas. Il faut faire bouger les jeunes, leur faire faire du sport et rendre cela accessible. L\u2019emploi du temps de la jeunesse ni\u00e7oise est d\u00e9terminant.<\/p>\n<p class=\"ac-article-content__question wall-content\">Que pensez-vous de la police municipale et de la vid\u00e9osurveillance\u2009?<\/p>\n<p class=\" wall-content\"><strong class=\"color-primary\">J-M.G. : <\/strong> Les cam\u00e9ras de vid\u00e9oprotection comme je pr\u00e9f\u00e8re les appeler, c\u2019est bien, je suis 100% favorable \u00e0 cela. La police municipale arm\u00e9e \u00e9galement. Nous souhaitons aussi int\u00e9grer des ch\u00f4meurs dans cette politique de s\u00e9curit\u00e9 en cr\u00e9ant une brigade de vigilance pour rajouter du personnel. Ils seraient non arm\u00e9s, avec un gilet violet. Ce seraient des personnes b\u00e9n\u00e9voles, dans leur quartier. Il faudrait leur demander mais ces personnes pourraient alerter, dissuader et rassurer. Et ils se d\u00e9barrasseraient d&rsquo;un certain sentiment d\u2019inutilit\u00e9.<\/p>\n<p>\u00ab\u2009On se dirige vers le sous-tourisme si on continue comme \u00e7a\u2009\u00bb<\/p>\n<p class=\"ac-article-content__question wall-content\">En tant qu\u2019ancien chef d\u2019entreprise, que pouvez-vous amener pour dynamiser l&rsquo;\u00e9conomie locale ?<\/p>\n<p class=\" wall-content\"><strong class=\"color-primary\">J.-M. G. : <\/strong>On \u00e9voque toujours le surtourisme mais si l\u2019on continue comme cela, on se dirige vers le sous-tourisme. Le tourisme repr\u00e9sente pr\u00e8s de 15\u2009% des emplois de notre ville. Et il faut la rendre encore plus accueillante. Nice est un bloc de b\u00e9ton et je veux qu&rsquo;elle devienne une oasis verte. Je ne veux voir que du vert, sur les murs et sur les toits, avec du thym et de la menthe pour \u00e9viter les rongeurs. Cela co\u00fbtera moins cher qu\u2019installer des clims. Je montrerai la voie mais les copropri\u00e9t\u00e9s devront me suivre. C\u2019est dans leur int\u00e9r\u00eat. Je ferai ma part du boulot, que les Ni\u00e7ois fassent la leur.<\/p>\n<p class=\"ac-article-content__question wall-content\">\u00cates-vous contre les croisi\u00e8res\u2009?<\/p>\n<p class=\" wall-content\"><strong class=\"color-primary\">J.-M. G. : <\/strong>Je ne suis pas oppos\u00e9 aux croisi\u00e8res, seulement aux croisi\u00e8res \u00e0 l\u2019infini. Il faut des jauges. Mais si Nice accueille beaucoup de touristes, avec une empreinte \u00e9cologique faible, \u00e7a ne me d\u00e9range pas. Ce n\u2019est pas la masse de personnes qui comptent mais les comportements. Concernant la crise du logement, je ne suis pas contre les locations Airbnb mais il faut les r\u00e9duire \u00e0 3\u00a0mois maximum. Il faut aussi occuper les bureaux vacants qui peuvent devenir des logements.<\/p>\n<p class=\"ac-article-content__question wall-content\">Vous souhaitez faire de Nice un \u00ab\u2009potager urbain\u2009\u00bb, comment cela va-t-il se mat\u00e9rialiser\u2009?<\/p>\n<p class=\" wall-content\"><strong class=\"color-primary\">J-M.G. : <\/strong>On doit \u00eatre obs\u00e9d\u00e9s par les potagers. Partout, chez les particuliers et dans tous les quartiers. D\u2019o\u00f9 ma volont\u00e9 de travailler par quartier. C\u2019est plus simple et plus impactant de parler \u00e0 7000 personnes tour \u00e0 tour qu\u2019\u00e0 une masse.\u00a0Il faut aussi r\u00e9duire la consommation de viande. Je ne peux pas accepter que des aliments viennent d\u2019une autre r\u00e9gion. Je souhaite que les enfants ni\u00e7ois mangent des produits de la r\u00e9gion \u00e0 100\u2009%, et qu\u2019il y ait une option v\u00e9g\u00e9tarienne quotidienne. Avec moi, ce sera obligatoire.<\/p>\n<p class=\" wall-content\"><strong>Avec Fabien Binacchi<\/strong><\/p>\n<p class=\" wall-content\">Personnalisez votre actualit\u00e9 en ajoutant vos villes et m\u00e9dias en favori avec <a href=\"https:\/\/moncompte.actu.fr\" title=\"D\u00e9couvez Mon Actu\" rel=\"nofollow noopener\" data-trk=\"{&quot;cta&quot;:{&quot;action&quot;:&quot;https:\\\/\\\/moncompte.actu.fr&quot;,&quot;category&quot;:&quot;mon compte&quot;,&quot;from&quot;:&quot;article footer&quot;,&quot;name&quot;:&quot;Mon actu&quot;,&quot;type&quot;:&quot;cta&quot;}}\" target=\"_blank\">Mon Actu<\/a>.<\/p>\n","protected":false},"excerpt":{"rendered":"Par Arthur Frand Publi\u00e9 le 27 oct. 2025 \u00e0 17h24 ; mis \u00e0 jour le 27 oct. 2025&hellip;\n","protected":false},"author":2,"featured_media":493537,"comment_status":"","ping_status":"","sticky":false,"template":"","format":"standard","meta":{"footnotes":""},"categories":[2819],"tags":[1111,11,2397,4188,1777,674,1011,27,3434,12,2401,316,882,25,2803],"class_list":{"0":"post-493536","1":"post","2":"type-post","3":"status-publish","4":"format-standard","5":"has-post-thumbnail","7":"category-nice","8":"tag-actu","9":"tag-actualites","10":"tag-christian-estrosi","11":"tag-elections-municipales","12":"tag-eu","13":"tag-europe","14":"tag-fr","15":"tag-france","16":"tag-municipales-2026","17":"tag-news","18":"tag-nice","19":"tag-politique","20":"tag-provence-alpes-cote-dazur","21":"tag-republique-francaise","22":"tag-transport"},"share_on_mastodon":{"url":"https:\/\/pubeurope.com\/@fr\/115447129782544374","error":""},"_links":{"self":[{"href":"https:\/\/www.europesays.com\/fr\/wp-json\/wp\/v2\/posts\/493536","targetHints":{"allow":["GET"]}}],"collection":[{"href":"https:\/\/www.europesays.com\/fr\/wp-json\/wp\/v2\/posts"}],"about":[{"href":"https:\/\/www.europesays.com\/fr\/wp-json\/wp\/v2\/types\/post"}],"author":[{"embeddable":true,"href":"https:\/\/www.europesays.com\/fr\/wp-json\/wp\/v2\/users\/2"}],"replies":[{"embeddable":true,"href":"https:\/\/www.europesays.com\/fr\/wp-json\/wp\/v2\/comments?post=493536"}],"version-history":[{"count":0,"href":"https:\/\/www.europesays.com\/fr\/wp-json\/wp\/v2\/posts\/493536\/revisions"}],"wp:featuredmedia":[{"embeddable":true,"href":"https:\/\/www.europesays.com\/fr\/wp-json\/wp\/v2\/media\/493537"}],"wp:attachment":[{"href":"https:\/\/www.europesays.com\/fr\/wp-json\/wp\/v2\/media?parent=493536"}],"wp:term":[{"taxonomy":"category","embeddable":true,"href":"https:\/\/www.europesays.com\/fr\/wp-json\/wp\/v2\/categories?post=493536"},{"taxonomy":"post_tag","embeddable":true,"href":"https:\/\/www.europesays.com\/fr\/wp-json\/wp\/v2\/tags?post=493536"}],"curies":[{"name":"wp","href":"https:\/\/api.w.org\/{rel}","templated":true}]}}