{"id":493546,"date":"2025-10-27T16:46:15","date_gmt":"2025-10-27T16:46:15","guid":{"rendered":"https:\/\/www.europesays.com\/fr\/493546\/"},"modified":"2025-10-27T16:46:15","modified_gmt":"2025-10-27T16:46:15","slug":"que-sest-il-passe-chez-ce-couple","status":"publish","type":"post","link":"https:\/\/www.europesays.com\/fr\/493546\/","title":{"rendered":"que s&rsquo;est-il pass\u00e9 chez ce couple\u00a0?"},"content":{"rendered":"<p>            Par<br \/>\n        <strong><br \/>\n            <a href=\"https:\/\/actu.fr\/auteur\/anaelle-montagne\" title=\"Consulter tous les articles de Anaelle Montagne\" rel=\"nofollow noopener\" target=\"_blank\">Anaelle Montagne<\/a><br \/>\n        <\/strong><\/p>\n<p>        Publi\u00e9 le<\/p>\n<p>            27 oct. 2025 \u00e0 17h32        <\/p>\n<p>Un tir, des coups et plusieurs arrestations. Alors que l\u2019obscurit\u00e9 enveloppait le chemin de la Bouriette depuis plusieurs heures, dans la nuit du vendredi 24 au samedi 25 octobre, ce secteur cossu de <a href=\"https:\/\/actu.fr\/occitanie\/toulouse_31555\/toulouse-connu-pour-etre-un-village-dans-la-ville-ce-quartier-est-en-pleine-metamorphose_61951088.html\" rel=\"nofollow noopener\" target=\"_blank\">Saint-Martin-du-Touch<\/a> a \u00e9t\u00e9 secou\u00e9 par <strong>une violente rixe<\/strong>. Au c\u0153ur de l\u2019agression\u2009: un jeune couple \u00e2g\u00e9 d\u2019une vingtaine d\u2019ann\u00e9es, qui y avait emm\u00e9nag\u00e9 il y a quelques mois. <strong>Que s\u2019est-il pass\u00e9<\/strong> \u00e0 l\u2019int\u00e9rieur de la maisonnette toulousaine\u2009?<\/p>\n<p>Rien de plus normal, ou presque<\/p>\n<p class=\" wall-content\">L\u2019habitation se fond parfaitement dans le paysage. Grand portail en fer forg\u00e9, vaste \u00e9tendue de gazon parfaitement tondu, petit salon de jardin. D\u2019un c\u00f4t\u00e9 de la maison vivent la propri\u00e9taire et son fils, qui passe parfois\u2009; le petit couple de locataires occupe l\u2019autre moiti\u00e9. <strong>\u00c2g\u00e9s de 28 et 26\u00a0ans<\/strong>, ils sont arriv\u00e9s en d\u00e9but d\u2019\u00e9t\u00e9 et se sont toujours montr\u00e9s polis et discrets, indique Fr\u00e9d\u00e9ric*, un voisin interrog\u00e9 par <a href=\"https:\/\/actu.fr\/toulouse\/\" rel=\"nofollow noopener\" target=\"_blank\">Actu Toulouse<\/a>.<\/p>\n<p>    <img   decoding=\"async\" loading=\"lazy\" src=\"https:\/\/www.europesays.com\/fr\/wp-content\/uploads\/2025\/10\/img-8858-960x640.jpg\" alt=\"L'habitation se trouve au bout d'une petite impasse, chemin de la Bouriette \u00e0 Saint-Martin-du-Touch.\" width=\"960\" height=\"640\"\/><br \/>\n    L\u2019habitation se trouve au bout d\u2019une petite impasse, chemin de la Bouriette \u00e0 Saint-Martin-du-Touch. (\u00a9Ana\u00eblle Montagne \/ Actu Toulouse)<\/p>\n<p class=\" wall-content\">Un van, qui appartient \u00e0 la m\u00e8re d\u2019un des deux jeunes, tra\u00eene devant la maison. Il est en panne et le couple se d\u00e9place g\u00e9n\u00e9ralement \u00e0 v\u00e9lo\u2009; la jeune femme serait <strong>\u00e9tudiante<\/strong> et son copain en recherche d\u2019emploi. <strong>Rien de plus normal.<\/strong> \u00c0 premi\u00e8re vue, en tout cas.<\/p>\n<p>Vitre bris\u00e9e, coup de feu<\/p>\n<p class=\" wall-content\">Tout bascule dans la nuit de vendredi 24 \u00e0 samedi 25 octobre. Vers une heure du matin, des cris percent le silence de la nuit. Ils proviennent de la maisonnette. \u00c0 l\u2019int\u00e9rieur, une rixe a \u00e9clat\u00e9 entre le couple et deux jeunes hommes, \u00e2g\u00e9s de 26 et 21 ans.<\/p>\n<p class=\" wall-content\">Les coups semblent pleuvoir\u2009: l\u2019\u00e9clat d\u2019une vitre retentit dans le quartier. Et puis, comme un bruit de p\u00e9tard. <strong>Un coup de feu.<\/strong><\/p>\n<p>Le quatuor plac\u00e9 en garde \u00e0 vue<\/p>\n<p class=\" wall-content\">Rapidement d\u00e9p\u00each\u00e9e sur place, la police arrive <strong>au moment o\u00f9 les deux visiteurs quittent l\u2019impasse<\/strong> au bout de laquelle est nich\u00e9e la maison. Dans leur main, un sac. Il contient une grosse quantit\u00e9 de stup\u00e9fiants.<\/p>\n<p class=\" wall-content\">Les agents de la brigade anticriminalit\u00e9 (BAC) les interpellent, avant de se diriger vers la maison. Ils y retrouvent <strong>une unique douille<\/strong>, et arr\u00eatent ensuite le couple. Mis \u00e0 part des \u00e9gratignures, personne n\u2019est bless\u00e9\u2009: le quatuor est plac\u00e9 en garde \u00e0 vue.<\/p>\n<p>Votre r\u00e9gion, votre actu !<\/p>\n<p>Recevez chaque jour les infos qui comptent pour vous.<\/p>\n<p>\t<a href=\"https:\/\/actu.fr\/newsletter\" class=\"ac-btn ac-btn--corner ac-btn--medium ac-btn--blue800\" rel=\"nofollow noopener\" target=\"_blank\">S&rsquo;incrire<\/a><\/p>\n<p class=\" wall-content\">Et le lendemain matin, <strong>une perquisition<\/strong> est effectu\u00e9e au domicile du chemin de la Bouriette par des agents de la division de la criminalit\u00e9 territoriale, la DCT.<\/p>\n<p>    <a href=\"https:\/\/www.google.com\/maps\/embed?pb=!1m18!1m12!1m3!1d13742.444154330205!2d1.3704884430780306!3d43.606687221595415!2m3!1f0!2f0!3f0!3m2!1i1024!2i768!4f13.1!3m3!1m2!1s0x12aeba99b48f05c1%3A0x5327fba9e43b9b98!2sChem.%20de%20la%20Bouriette%2C%2031300%20Toulouse!5e0!3m2!1sfr!2sfr!4v1761581040955!5m2!1sfr!2sfr\" title=\"Ouvrie le lien\" rel=\"nofollow noopener\" target=\"_blank\">Cliquez ici pour visualiser le contenu<\/a><\/p>\n<p>Que cachait le couple\u2009?<\/p>\n<p class=\" wall-content\">Selon plusieurs sources concordantes, les deux Toulousains cachaient chez eux plusieurs types de stup\u00e9fiants. Notamment de la coca\u00efne, de la r\u00e9sine de cannabis, ainsi que des balances d\u00e9di\u00e9es \u00e0 leur pes\u00e9e.<strong> Leurs visiteurs nocturnes seraient venus voler la drogue<\/strong>, ce qui aurait provoqu\u00e9 la violente rixe.<\/p>\n<p class=\" wall-content\">Les deux Toulousains \u00e9taient-ils simplement des nourrices (qui conservent la drogue pour les trafiquants, NDLR) ou \u00e9taient-ils aussi des revendeurs\u2009? L\u2019enqu\u00eate ouverte pour trafic de stup\u00e9fiants devrait permettre de le d\u00e9terminer.<\/p>\n<p class=\" wall-content\">*Le pr\u00e9nom a \u00e9t\u00e9 chang\u00e9<\/p>\n<p class=\" wall-content\">Personnalisez votre actualit\u00e9 en ajoutant vos villes et m\u00e9dias en favori avec <a href=\"https:\/\/moncompte.actu.fr\" title=\"D\u00e9couvez Mon Actu\" rel=\"nofollow noopener\" data-trk=\"{&quot;cta&quot;:{&quot;action&quot;:&quot;https:\\\/\\\/moncompte.actu.fr&quot;,&quot;category&quot;:&quot;mon compte&quot;,&quot;from&quot;:&quot;article footer&quot;,&quot;name&quot;:&quot;Mon actu&quot;,&quot;type&quot;:&quot;cta&quot;}}\" target=\"_blank\">Mon Actu<\/a>.<\/p>\n","protected":false},"excerpt":{"rendered":"Par Anaelle Montagne Publi\u00e9 le 27 oct. 2025 \u00e0 17h32 Un tir, des coups et plusieurs arrestations. Alors&hellip;\n","protected":false},"author":2,"featured_media":493547,"comment_status":"","ping_status":"","sticky":false,"template":"","format":"standard","meta":{"footnotes":""},"categories":[2816],"tags":[1111,11,1052,1777,674,118,1011,27,12,2680,25,2312],"class_list":{"0":"post-493546","1":"post","2":"type-post","3":"status-publish","4":"format-standard","5":"has-post-thumbnail","7":"category-toulouse","8":"tag-actu","9":"tag-actualites","10":"tag-drogue","11":"tag-eu","12":"tag-europe","13":"tag-faits-divers","14":"tag-fr","15":"tag-france","16":"tag-news","17":"tag-occitanie","18":"tag-republique-francaise","19":"tag-toulouse"},"share_on_mastodon":{"url":"https:\/\/pubeurope.com\/@fr\/115447149134896278","error":""},"_links":{"self":[{"href":"https:\/\/www.europesays.com\/fr\/wp-json\/wp\/v2\/posts\/493546","targetHints":{"allow":["GET"]}}],"collection":[{"href":"https:\/\/www.europesays.com\/fr\/wp-json\/wp\/v2\/posts"}],"about":[{"href":"https:\/\/www.europesays.com\/fr\/wp-json\/wp\/v2\/types\/post"}],"author":[{"embeddable":true,"href":"https:\/\/www.europesays.com\/fr\/wp-json\/wp\/v2\/users\/2"}],"replies":[{"embeddable":true,"href":"https:\/\/www.europesays.com\/fr\/wp-json\/wp\/v2\/comments?post=493546"}],"version-history":[{"count":0,"href":"https:\/\/www.europesays.com\/fr\/wp-json\/wp\/v2\/posts\/493546\/revisions"}],"wp:featuredmedia":[{"embeddable":true,"href":"https:\/\/www.europesays.com\/fr\/wp-json\/wp\/v2\/media\/493547"}],"wp:attachment":[{"href":"https:\/\/www.europesays.com\/fr\/wp-json\/wp\/v2\/media?parent=493546"}],"wp:term":[{"taxonomy":"category","embeddable":true,"href":"https:\/\/www.europesays.com\/fr\/wp-json\/wp\/v2\/categories?post=493546"},{"taxonomy":"post_tag","embeddable":true,"href":"https:\/\/www.europesays.com\/fr\/wp-json\/wp\/v2\/tags?post=493546"}],"curies":[{"name":"wp","href":"https:\/\/api.w.org\/{rel}","templated":true}]}}