{"id":493556,"date":"2025-10-27T16:51:11","date_gmt":"2025-10-27T16:51:11","guid":{"rendered":"https:\/\/www.europesays.com\/fr\/493556\/"},"modified":"2025-10-27T16:51:11","modified_gmt":"2025-10-27T16:51:11","slug":"un-homme-laisse-pour-mort-apres-une-rixe-dans-le-centre-ville-de-marseille","status":"publish","type":"post","link":"https:\/\/www.europesays.com\/fr\/493556\/","title":{"rendered":"Un homme laiss\u00e9 pour mort apr\u00e8s une rixe dans le centre-ville de Marseille"},"content":{"rendered":"<p>La rixe a \u00e9clat\u00e9 au milieu de la nuit du samedi au dimanche 26\u00a0octobre 2025, dans le quartier de Belsunce, dans le 1er arrondissement de Marseille. Un homme a \u00e9t\u00e9 laiss\u00e9 pour mort \u00e0 l\u2019issue de cette violente bagarre survenue \u00e0 proximit\u00e9 d\u2019un point de deal de la rue des <a href=\"https:\/\/www.laprovence.com\/article\/edition-marseille\/5387921\/rue-des-petites-maries-la-peur-du-retour.html\" target=\"_blank\" rel=\"noopener\">Petites-Maries<\/a> vers 2h30 du matin, r\u00e9guli\u00e8rement le th\u00e9\u00e2tre de violences <a href=\"https:\/\/www.laprovence.com\/actu\/en-direct\/6481253\/info-la-provence-marseille-un-homme-tue-par-balles-dans-le-quartier-de-la-porte-daix-1e.html\" target=\"_blank\" rel=\"noopener\">notamment la nuit<\/a>.\u00a0Rou\u00e9e de coups pour une raison qui \u00e9chappe encore \u00e0 la chronique, la victime a \u00e9t\u00e9 retrouv\u00e9e inanim\u00e9e par la police et les marins-pompiers, qui l\u2019ont transport\u00e9e \u00e0 l\u2019h\u00f4pital avec un pronostic vital tr\u00e8s engag\u00e9.<\/p>\n<p>Une enqu\u00eate ouverte pour tentative de meurtre<\/p>\n<p>Victime notamment d\u2019un traumatisme cr\u00e2nien, peut-\u00eatre caus\u00e9 par un objet contondant, ce quadrag\u00e9naire est tomb\u00e9 dans le coma. Le parquet de Marseille a ouvert une enqu\u00eate pour tentative d\u2019homicide volontaire et saisi la division de la criminalit\u00e9 territoriale (DCT). L\u2019identit\u00e9 de la victime demeurait par ailleurs incertaine \u00e0 ce stade des investigations. Il pourrait s\u2019agir d\u2019un homme \u00e2g\u00e9 de 44\u00a0ans, d\u2019apr\u00e8s certains \u00e9l\u00e9ments retrouv\u00e9s sur lui, vraisemblablement sans domicile fixe. Mais son \u00e9tat de sant\u00e9 ne permettait toujours pas son audition par les enqu\u00eateurs ce lundi.<\/p>\n","protected":false},"excerpt":{"rendered":"La rixe a \u00e9clat\u00e9 au milieu de la nuit du samedi au dimanche 26\u00a0octobre 2025, dans le quartier&hellip;\n","protected":false},"author":2,"featured_media":493557,"comment_status":"","ping_status":"","sticky":false,"template":"","format":"standard","meta":{"footnotes":""},"categories":[2814],"tags":[17,1111,11,150,1102,1777,674,274,1011,27,4933,1768,884,18,12,471,882,25,5510,96],"class_list":{"0":"post-493556","1":"post","2":"type-post","3":"status-publish","4":"format-standard","5":"has-post-thumbnail","7":"category-marseille","8":"tag-17","9":"tag-actu","10":"tag-actualites","11":"tag-apres","12":"tag-breakingnews","13":"tag-eu","14":"tag-europe","15":"tag-faits-divers-justice","16":"tag-fr","17":"tag-france","18":"tag-homme","19":"tag-laisse","20":"tag-marseille","21":"tag-mort","22":"tag-news","23":"tag-pour","24":"tag-provence-alpes-cote-dazur","25":"tag-republique-francaise","26":"tag-rixe","27":"tag-une"},"share_on_mastodon":{"url":"https:\/\/pubeurope.com\/@fr\/115447167974568917","error":""},"_links":{"self":[{"href":"https:\/\/www.europesays.com\/fr\/wp-json\/wp\/v2\/posts\/493556","targetHints":{"allow":["GET"]}}],"collection":[{"href":"https:\/\/www.europesays.com\/fr\/wp-json\/wp\/v2\/posts"}],"about":[{"href":"https:\/\/www.europesays.com\/fr\/wp-json\/wp\/v2\/types\/post"}],"author":[{"embeddable":true,"href":"https:\/\/www.europesays.com\/fr\/wp-json\/wp\/v2\/users\/2"}],"replies":[{"embeddable":true,"href":"https:\/\/www.europesays.com\/fr\/wp-json\/wp\/v2\/comments?post=493556"}],"version-history":[{"count":0,"href":"https:\/\/www.europesays.com\/fr\/wp-json\/wp\/v2\/posts\/493556\/revisions"}],"wp:featuredmedia":[{"embeddable":true,"href":"https:\/\/www.europesays.com\/fr\/wp-json\/wp\/v2\/media\/493557"}],"wp:attachment":[{"href":"https:\/\/www.europesays.com\/fr\/wp-json\/wp\/v2\/media?parent=493556"}],"wp:term":[{"taxonomy":"category","embeddable":true,"href":"https:\/\/www.europesays.com\/fr\/wp-json\/wp\/v2\/categories?post=493556"},{"taxonomy":"post_tag","embeddable":true,"href":"https:\/\/www.europesays.com\/fr\/wp-json\/wp\/v2\/tags?post=493556"}],"curies":[{"name":"wp","href":"https:\/\/api.w.org\/{rel}","templated":true}]}}