{"id":493560,"date":"2025-10-27T16:53:17","date_gmt":"2025-10-27T16:53:17","guid":{"rendered":"https:\/\/www.europesays.com\/fr\/493560\/"},"modified":"2025-10-27T16:53:17","modified_gmt":"2025-10-27T16:53:17","slug":"apres-un-incendie-probablement-criminel-la-circulation-redeviendra-a-peu-pres-normale-a-partir-de-21h-ce-lundi","status":"publish","type":"post","link":"https:\/\/www.europesays.com\/fr\/493560\/","title":{"rendered":"apr\u00e8s un \u00abincendie probablement criminel\u00bb, la circulation redeviendra \u00ab\u00e0 peu pr\u00e8s normale\u00bb \u00e0 partir de 21h ce lundi"},"content":{"rendered":"<p>\n    <strong>LE POINT SUR LA SITUATION &#8211;<\/strong> Depuis ce lundi matin, de nombreuses liaisons sont supprim\u00e9es vers le Sud-Est et des retards importants sont constat\u00e9s. \u00abToutes les personnes impact\u00e9es seront rembours\u00e9es\u00bb, a pr\u00e9cis\u00e9 le ministre des Transports.<\/p>\n<p class=\"fig-paragraph\">Le trafic des trains \u00e0 grande vitesse (<a href=\"http:\/\/www.lefigaro.fr\/societes\/eurostar-achete-des-dizaines-de-tgv-a-alstom-20251022\" target=\"_blank\" data-fig-type=\"NewsFlash\" rel=\"noopener\" data-gtm-custom-categorie=\"navigation\" data-gtm-custom-action=\"crossclick\" data-gtm-custom-label=\"Contextuel\" data-gtm-event=\"customEventSPE\" data-fig-domain=\"LEFIGARO\">TGV<\/a>) est fortement perturb\u00e9 dans le sud-est de la France depuis 6h ce lundi matin, apr\u00e8s un \u00abprobable acte de vandalisme\u00bb au sud de la gare de Valence. De nombreuses liaisons ont \u00e9t\u00e9 supprim\u00e9es et des retards importants sont visibles. Mais la circulation devrait revenir \u00e0 la normale un peu plus t\u00f4t que pr\u00e9vu, selon le ministre des Transports, Philippe Tabarot, qui s\u2019est exprim\u00e9 ce lundi en fin d\u2019apr\u00e8s-midi depuis le Centre national des op\u00e9rations ferroviaires (CNOF). Le service sera \u00abencore d\u00e9grad\u00e9\u00bb jusqu\u2019\u00e0 21h ce lundi, puis la circulation sera \u00ab\u00e0 peu pr\u00e8s normale\u00bb, a pr\u00e9cis\u00e9 le membre du gouvernement. Le trafic sera ensuite \u00abtotalement normal\u00bb \u00e0 partir de mardi matin. \u00abToutes les personnes impact\u00e9es seront rembours\u00e9es, c\u2019est la moindre des choses\u00bb, a \u00e9galement rassur\u00e9 le ministre. Le Figaro fait le point sur cet incident.<\/p>\n<p>Que s\u2019est-il pass\u00e9\u00a0?<\/p>\n<p class=\"fig-paragraph\">\u00abDans la nuit du 26 au 27 octobre, aux environs de 4h du matin, la ligne \u00e0 grande vitesse sud-est (LGV sud-est) a subi un incendie volontaire sur des c\u00e2bles de signalisation et de communication au sud de Valence\u00bb, a indiqu\u00e9 le minist\u00e8re des Transports dans un communiqu\u00e9.<\/p>\n<p>                                    <a class=\"fig-a11y-skip a11y-hidden\" href=\"#fig-a11y-skip-main-inarticle\"><br \/>\n        Passer la publicit\u00e9<br \/>\n    <\/a><\/p>\n<p class=\"fig-paragraph\">Ce d\u00e9part de feu a \u00e9t\u00e9 d\u00e9couvert t\u00f4t ce lundi matin par des agents de SNCF R\u00e9seau. Au total, 16 c\u00e2bles ont \u00e9t\u00e9 endommag\u00e9s, et doivent \u00eatre remplac\u00e9s \u00absur 25 m\u00e8tres\u00bb, a pr\u00e9cis\u00e9 la compagnie, notamment des c\u00e2bles de fibre optique. Les attaquants ont vis\u00e9 des \u00abchambres de tirage des c\u00e2bles\u00bb, a indiqu\u00e9 Fr\u00e9d\u00e9ric Guichard, directeur des op\u00e9rations Sud-Est SNCF R\u00e9seau, lors d\u2019un point presse pr\u00e8s du lieu du sabotage, soit des sortes de bo\u00eetes en b\u00e9ton o\u00f9 sont tir\u00e9s les c\u00e2bles de fibre optique pour \u00eatre connect\u00e9s au r\u00e9seau.<\/p>\n<p class=\"fig-paragraph\">Tout en reconnaissant la \u00abvuln\u00e9rabilit\u00e9\u00bb du r\u00e9seau ferr\u00e9 fran\u00e7ais &#8211; qui s\u2019\u00e9tend sur pr\u00e8s de 28.000 kilom\u00e8tres -, Philippe Tabarot a quant \u00e0 lui f\u00e9licit\u00e9 les \u00e9quipes de SNCF R\u00e9seau pour leur intervention rapide, permettant la reprise partielle du trafic d\u00e8s lundi soir. \u00abUne centaine de millions d\u2019euros sont investis chaque ann\u00e9e\u00bb pour am\u00e9liorer les syst\u00e8mes de surveillance du r\u00e9seau, a pr\u00e9cis\u00e9 le ministre.<\/p>\n<p>Quelles cons\u00e9quences sur le trafic\u00a0?<\/p>\n<p class=\"fig-paragraph\">Depuis 6h ce lundi matin, de nombreuses annulations de trains et retards allant jusqu\u2019\u00e0 sept heures sont \u00e0 d\u00e9plorer sur la ligne \u00e0 grande vitesse (LGV) Sud-Est. Le minist\u00e8re des Transports a indiqu\u00e9 qu\u2019\u00abune centaine de TGV sont impact\u00e9s\u00bb ce lundi par des suppressions totales, partielles ou des retards, \u00absur les trois op\u00e9rateurs pr\u00e9sents sur cette ligne \u00e0 grande vitesse\u00a0: SNCF Voyageurs, Trenitalia et Renfe\u00bb et que ces \u00abtrois transporteurs communiquent \u00e0 (leurs) clients le plan de transport adapt\u00e9\u00bb. Alors que la SNCF comme le minist\u00e8re avaient dans un premier temps \u00e9voqu\u00e9 un retour \u00e0 la normale mardi \u00abdans la matin\u00e9e\u00bb, Philippe Tabarot a annonc\u00e9 vers 17h que la circulation serait \u00ab\u00e0 peu pr\u00e8s normale \u00e0 partir de 21h\u00bb ce lundi. Elle devrait redevenir \u00abtotalement normale\u00bb mardi matin.<\/p>\n<p class=\"fig-paragraph\">De nombreux trains entre Paris et Marseille, Montpellier ou Nice ont \u00e9t\u00e9 supprim\u00e9s ce lundi ou d\u00e9tourn\u00e9s sur une ligne classique, elle-m\u00eame perturb\u00e9e par un train en panne. \u00abCela engendre donc un d\u00e9bit moindre et des retards\u00bb, justifie Fr\u00e9d\u00e9ric Guichard. En revanche, les perturbations ne concernent pas la ligne entre Paris et Lyon.<\/p>\n<p class=\"fig-paragraph\">\u00abTous les TGV empruntent un autre itin\u00e9raire via la ligne classique afin d\u2019\u00e9viter la zone de l\u2019incident\u00bb, pr\u00e9cise encore la SNCF. Mais cette m\u00eame ligne a elle aussi \u00e9t\u00e9 l\u2019objet d\u2019un \u00abvol de c\u00e2ble cat\u00e9naire\u00bb dans la nuit de dimanche \u00e0 lundi, et sa capacit\u00e9 est \u00abtr\u00e8s limit\u00e9e\u00bb, raison pour laquelle \u00abseuls quelques trains seront d\u00e9tourn\u00e9s\u00bb, a expliqu\u00e9 la SNCF \u00e0 l\u2019AFP, invitant les clients \u00e0 \u00abreporter leur voyage\u00bb. Un incident suppl\u00e9mentaire s\u2019est en effet ajout\u00e9 lundi matin vers 6h30 aux environs de Boll\u00e8ne (Vaucluse), r\u00e9sultant d\u2019un vol de c\u00e2bles.<\/p>\n<p>                                    <a class=\"fig-a11y-skip a11y-hidden\" href=\"#fig-a11y-skip-main-inarticle_mtf\"><br \/>\n        Passer la publicit\u00e9<br \/>\n    <\/a><\/p>\n<p class=\"fig-paragraph\">Dimanche, ce sont les lignes Sud-Ouest qui ont fortement \u00e9t\u00e9 perturb\u00e9es \u00e0 cause d\u2019une panne \u00e9lectrique. Au total, 9 trains ont \u00e9t\u00e9 supprim\u00e9s, dont deux TGV, et d\u2019autres ont subi jusqu\u2019\u00e0 sept heures de retard. Il n\u2019y a en revanche pas eu de \u00abrupture de cat\u00e9naire\u00bb, a pr\u00e9cis\u00e9 ce lundi la SNCF \u00e0 l\u2019AFP.<\/p>\n<p class=\"fig-body-link\">\n            \u00c0 lire aussi<br \/>\n        <a class=\"fig-body-link__link\" href=\"http:\/\/www.lefigaro.fr\/marseille\/il-n-y-aura-aucun-train-pour-paris-pagaille-a-la-gare-de-marseille-saint-charles-apres-la-suppression-des-tgv-20251027\" target=\"_blank\" data-fig-type=\"NewsFlash\" rel=\"noopener\" data-gtm-custom-categorie=\"navigation\" data-gtm-custom-action=\"crossclick\" data-gtm-custom-label=\"Contextuel\" data-gtm-event=\"customEventSPE\" data-fig-domain=\"LEFIGARO\"><\/p>\n<p>        \u00abIl n\u2019y aura aucun train pour Paris\u00bb\u00a0: pagaille \u00e0 la gare de Marseille Saint-Charles apr\u00e8s la suppression des TGV<br \/>\n    <\/a>\n<\/p>\n<p>O\u00f9 en est l\u2019enqu\u00eate\u00a0?<\/p>\n<p class=\"fig-paragraph\">Dans un premier temps confi\u00e9e \u00e0 la brigade de recherche de Romans-sur-Is\u00e8re, l\u2019enqu\u00eate est d\u00e9sormais entre les mains de la section de recherches de Grenoble, a indiqu\u00e9 la gendarmerie de la Dr\u00f4me \u00e0 l\u2019AFP. \u00abLes enqu\u00eates de gendarmerie viennent de se terminer\u00bb, a annonc\u00e9 Fr\u00e9d\u00e9ric Guichard lors de son point presse lundi apr\u00e8s-midi.<\/p>\n<p class=\"fig-paragraph\">Sans pr\u00e9ciser l\u2019origine du sabotage constat\u00e9 ce lundi matin, Philippe Tabarot a de son c\u00f4t\u00e9 rappel\u00e9 les causes r\u00e9currentes de ce type d\u2019actes, pointant du doigt \u00abcertains opposants \u00e0 diff\u00e9rents projets\u00bb ferroviaires qui s\u2019en prennent aux lignes, mais aussi les \u00abvols de c\u00e2bles\u00bb qui surviennent \u00abtr\u00e8s r\u00e9guli\u00e8rement\u00bb, notamment en raison de la flamb\u00e9e du prix du cuivre. Le ministre des Transports a \u00e9galement \u00e9voqu\u00e9 \u00abdes puissances ext\u00e9rieures \u00e0 notre pays qui peuvent utiliser cette vuln\u00e9rabilit\u00e9\u00bb.<\/p>\n","protected":false},"excerpt":{"rendered":"LE POINT SUR LA SITUATION &#8211; Depuis ce lundi matin, de nombreuses liaisons sont supprim\u00e9es vers le Sud-Est&hellip;\n","protected":false},"author":2,"featured_media":493561,"comment_status":"","ping_status":"","sticky":false,"template":"","format":"standard","meta":{"footnotes":""},"categories":[1889],"tags":[1111,11,2430,1777,674,1011,27,2428,12,25,2215,2214],"class_list":{"0":"post-493560","1":"post","2":"type-post","3":"status-publish","4":"format-standard","5":"has-post-thumbnail","7":"category-lyon","8":"tag-actu","9":"tag-actualites","10":"tag-auvergne-rhone-alpes","11":"tag-eu","12":"tag-europe","13":"tag-fr","14":"tag-france","15":"tag-lyon","16":"tag-news","17":"tag-republique-francaise","18":"tag-sncf","19":"tag-tgv"},"share_on_mastodon":{"url":"https:\/\/pubeurope.com\/@fr\/115447175791973908","error":""},"_links":{"self":[{"href":"https:\/\/www.europesays.com\/fr\/wp-json\/wp\/v2\/posts\/493560","targetHints":{"allow":["GET"]}}],"collection":[{"href":"https:\/\/www.europesays.com\/fr\/wp-json\/wp\/v2\/posts"}],"about":[{"href":"https:\/\/www.europesays.com\/fr\/wp-json\/wp\/v2\/types\/post"}],"author":[{"embeddable":true,"href":"https:\/\/www.europesays.com\/fr\/wp-json\/wp\/v2\/users\/2"}],"replies":[{"embeddable":true,"href":"https:\/\/www.europesays.com\/fr\/wp-json\/wp\/v2\/comments?post=493560"}],"version-history":[{"count":0,"href":"https:\/\/www.europesays.com\/fr\/wp-json\/wp\/v2\/posts\/493560\/revisions"}],"wp:featuredmedia":[{"embeddable":true,"href":"https:\/\/www.europesays.com\/fr\/wp-json\/wp\/v2\/media\/493561"}],"wp:attachment":[{"href":"https:\/\/www.europesays.com\/fr\/wp-json\/wp\/v2\/media?parent=493560"}],"wp:term":[{"taxonomy":"category","embeddable":true,"href":"https:\/\/www.europesays.com\/fr\/wp-json\/wp\/v2\/categories?post=493560"},{"taxonomy":"post_tag","embeddable":true,"href":"https:\/\/www.europesays.com\/fr\/wp-json\/wp\/v2\/tags?post=493560"}],"curies":[{"name":"wp","href":"https:\/\/api.w.org\/{rel}","templated":true}]}}