{"id":493570,"date":"2025-10-27T16:59:22","date_gmt":"2025-10-27T16:59:22","guid":{"rendered":"https:\/\/www.europesays.com\/fr\/493570\/"},"modified":"2025-10-27T16:59:22","modified_gmt":"2025-10-27T16:59:22","slug":"dix-personnes-jugees-a-paris-pour-avoir-cyberharcele-brigitte-macron-27-10-2025-a-1739","status":"publish","type":"post","link":"https:\/\/www.europesays.com\/fr\/493570\/","title":{"rendered":"Dix personnes jug\u00e9es \u00e0 Paris pour avoir cyberharcel\u00e9 Brigitte Macron &#8211; 27\/10\/2025 \u00e0 17:39"},"content":{"rendered":"<p>        <img fetchpriority=\"high\" decoding=\"async\" src=\"https:\/\/www.europesays.com\/fr\/wp-content\/uploads\/2025\/10\/26ad15508e7cccc530de2a729297d2d7-760x507.jpg\" alt=\"Brigitte Macron lors d'une visite \u00e0 l'abbaye de Pontlevoy, dans le Loir-et-Cher, lors des journ\u00e9es du patrimoine, le 19 septembre 2025 ( POOL \/ Eliot BLONDET )\" loading=\"eager\" width=\"760\" height=\"507\" style=\"max-width: 100%!important; height: auto;\"\/><\/p>\n<p class=\"c-image-news__legend\">Brigitte Macron lors d&rsquo;une visite \u00e0 l&rsquo;abbaye de Pontlevoy, dans le Loir-et-Cher, lors des journ\u00e9es du patrimoine, le 19 septembre 2025 ( POOL \/ Eliot BLONDET )<\/p>\n<p>\n \u00c9lu, galeriste, enseignant, m\u00e9dium, ou encore informaticien: le proc\u00e8s de huit hommes et deux femmes pour cyberharc\u00e8lement \u00e0 l&rsquo;encontre de Brigitte Macron, cible d&rsquo;une infox mondiale selon laquelle elle serait une femme transgenre, a d\u00e9but\u00e9 lundi avec d&rsquo;\u00e2pres d\u00e9bats de proc\u00e9dure.\n<\/p>\n<p>\n Ag\u00e9s de 41 \u00e0 65 ans, ils sont jug\u00e9s devant le tribunal correctionnel de la capitale jusqu&rsquo;\u00e0 mardi pour avoir cyberharcel\u00e9 l&rsquo;\u00e9pouse du chef de l&rsquo;\u00c9tat sur son genre et sa diff\u00e9rence d\u2019\u00e2ge avec son mari, l&rsquo;assimilant \u00e0 de la \u00ab\u00a0p\u00e9dophilie\u00a0\u00bb, selon le parquet de Paris.\n<\/p>\n<p>\n Cette riposte judiciaire en France, doubl\u00e9e d&rsquo;une plainte aux \u00c9tats-Unis, intervient apr\u00e8s quatre ans de pol\u00e9miques et de rumeurs qui n&rsquo;ont cess\u00e9 d&rsquo;enfler, largement relay\u00e9es par les r\u00e9seaux complotistes et d&rsquo;extr\u00eame droite.\n<\/p>\n<p>\n A 16H30, l&rsquo;interrogatoire des pr\u00e9venus n&rsquo;avait pas d\u00e9but\u00e9.\n<\/p>\n<p>\n L&rsquo;avocat de Brigitte Macron, Me Jean Ennochi a fourni \u00ab\u00a066 pages de conclusions\u00a0\u00bb la veille de l&rsquo;audience, irritant les avocats de la d\u00e9fense qui ont demand\u00e9, en vain, le renvoi de l&rsquo;audience au nom de \u00ab\u00a0l&rsquo;\u00e9galit\u00e9 des armes\u00a0\u00bb et du \u00ab\u00a0principe du contradictoire.\u00a0\u00bb\n<\/p>\n<p> &#8211; \u00ab\u00a0Harc\u00e8lement invers\u00e9\u00a0\u00bb &#8211;<\/p>\n<p>        <img decoding=\"async\" src=\"https:\/\/www.europesays.com\/fr\/wp-content\/uploads\/2025\/10\/cbd19e726250ab63afff1a2fba16cf68-760x543.jpg\" alt=\"Aurelien Poirson-Atlan, connu sur les r\u00e9seaux sociaux sous le nom de Zo\u00e9 Sagan, arrive au tribunal le 27 octobre 2025 ( AFP \/ Guillaume BAPTISTE )\" loading=\"eager\" width=\"760\" height=\"543\" style=\"max-width: 100%!important; height: auto;\"\/><\/p>\n<p class=\"c-image-news__legend\">Aurelien Poirson-Atlan, connu sur les r\u00e9seaux sociaux sous le nom de Zo\u00e9 Sagan, arrive au tribunal le 27 octobre 2025 ( AFP \/ Guillaume BAPTISTE )<\/p>\n<p>\n Lors d&rsquo;une suspension, Aur\u00e9lien Poirson-Atlan, l&rsquo;un des principaux pr\u00e9venus, connu et suivi sur les r\u00e9seaux sociaux sous le pseudonyme de \u00ab\u00a0Zo\u00e9 Sagan\u00a0\u00bb, a donn\u00e9 une conf\u00e9rence de presse improvis\u00e9e, d\u00e9non\u00e7ant un \u00ab\u00a0harc\u00e8lement invers\u00e9\u00a0\u00bb.\n<\/p>\n<p>\n Son compte X, supprim\u00e9 depuis, a fait l&rsquo;objet de plusieurs plaintes et est souvent pr\u00e9sent\u00e9 comme li\u00e9 aux sph\u00e8res complotistes, ce qu&rsquo;il r\u00e9fute.\n<\/p>\n<p>\n Outre ses propos visant Brigitte Macron, le publicitaire de 41 ans est connu pour avoir diffus\u00e9 les vid\u00e9os \u00e0 caract\u00e8re sexuel de Benjamin Griveaux, macroniste qui avait d\u00fb renoncer en f\u00e9vrier 2020 \u00e0 briguer la mairie de Paris suite au scandale.\n<\/p>\n<p>\n \u00ab\u00a0Le Che s&rsquo;\u00e9gara\u00a0\u00bb, pseudo d&rsquo;un autre pr\u00e9venu, suivi par plus de 1.000 de personnes sur X &#8211; \u00ab\u00a0dont la moiti\u00e9 de bots\u00a0\u00bb, assure-t-il &#8211; s&rsquo;interroge \u00e9galement sur sa pr\u00e9sence au tribunal.\n<\/p>\n<p>\n \u00ab\u00a0C&rsquo;est le proc\u00e8s de la libert\u00e9 d&rsquo;expression, j&rsquo;ai fait de la satire, c&rsquo;est l&rsquo;esprit Charlie\u00a0\u00bb, affirme \u00e0 l&rsquo;AFP J\u00e9rome C. 55 ans, auteur de \u00ab\u00a04 tweets et quelques retweets\u00a0\u00bb.\n<\/p>\n<p>\n Bertrand S., galeriste de 56 ans aux plus de 100.000 abonn\u00e9s sur X, a lui d\u00e9nonc\u00e9 la veille de l&rsquo;audience un proc\u00e8s de \u00ab\u00a0la libert\u00e9 de penser\u00a0\u00bb face \u00e0 \u00ab\u00a0l&rsquo;\u00c9tat profond m\u00e9diatique\u00a0\u00bb.\n<\/p>\n<p>\n Seuls les pr\u00e9venus \u00ab\u00a0les plus virulents\u00a0\u00bb, selon une source polici\u00e8re, comparaissent jusqu&rsquo;\u00e0 mardi.\n<\/p>\n<p> &#8211; Influenceuse trumpiste &#8211;<\/p>\n<p>        <img decoding=\"async\" src=\"https:\/\/www.europesays.com\/fr\/wp-content\/uploads\/2025\/10\/81d545fa3f29fc07c74fc42b1bcc2818-760x507.jpg\" alt=\"Delphine J, aussi connue sous le nom d'Amandine Roy, au tribunal de Paris le 27 octobre 2025 ( AFP \/ Guillaume BAPTISTE )\" loading=\"eager\" width=\"760\" height=\"507\" style=\"max-width: 100%!important; height: auto;\"\/><\/p>\n<p class=\"c-image-news__legend\">Delphine J, aussi connue sous le nom d&rsquo;Amandine Roy, au tribunal de Paris le 27 octobre 2025 ( AFP \/ Guillaume BAPTISTE )<\/p>\n<p>\n Plus discr\u00e8te sur le banc des pr\u00e9venus, la \u00ab\u00a0m\u00e9dium\u00a0\u00bb Delphine J., connue sous le pseudo d&rsquo;Amandine Roy est elle aussi jug\u00e9e.\n<\/p>\n<p>\n La pr\u00e9venue a d\u00e9j\u00e0 \u00e9t\u00e9 condamn\u00e9e pour diffamation en septembre 2024 par la justice fran\u00e7aise, aux c\u00f4t\u00e9s de Natacha Rey, \u00e0 payer plusieurs milliers d&rsquo;euros de dommages et int\u00e9r\u00eats \u00e0 Brigitte Macron et \u00e0 son fr\u00e8re Jean-Michel Trogneux.\n<\/p>\n<p>\n La Bretonne de 51 ans est \u00e0 l&rsquo;origine d&rsquo;une vid\u00e9o virale de quatre heures, publi\u00e9e en 2021 et depuis retir\u00e9e, affirmant que Brigitte Macron n&rsquo;aurait jamais exist\u00e9 et que son fr\u00e8re Jean-Michel aurait pris son identit\u00e9 apr\u00e8s un changement de sexe.\n<\/p>\n<p>\n La cour d&rsquo;appel a relax\u00e9 en appel les deux femmes le 10 juillet dernier &#8211; mais elle n&rsquo;a pas valid\u00e9 leur th\u00e8se. La juridiction a estim\u00e9 que l&rsquo;affirmation selon laquelle Brigitte Macron aurait \u00ab\u00a0effectu\u00e9 une transition de genre sans la rendre publique\u00a0\u00bb ne constituait pas \u00ab\u00a0une atteinte \u00e0 l&rsquo;honneur\u00a0\u00bb, \u00e9l\u00e9ments n\u00e9cessaires pour caract\u00e9riser la diffamation.\n<\/p>\n<p>\n La femme du chef de l&rsquo;\u00c9tat et son fr\u00e8re se sont pourvus en cassation contre cette d\u00e9cision.\n<\/p>\n<p>\n N\u00e9e d\u00e8s l&rsquo;\u00e9lection d&rsquo;Emmanuel Macron en 2017, la rumeur transphobe est devenue virale aux \u00c9tats-Unis o\u00f9 le couple pr\u00e9sidentiel a engag\u00e9 cet \u00e9t\u00e9 des poursuites contre Candace Owens, podcasteuse d&rsquo;extr\u00eame droite auteure d&rsquo;une s\u00e9rie de vid\u00e9os intitul\u00e9e \u00ab\u00a0Becoming Brigitte\u00a0\u00bb (\u00ab\u00a0Devenir Brigitte\u00a0\u00bb).\n<\/p>\n<p>\n Plusieurs personnes jug\u00e9es \u00e0 Paris ont relay\u00e9 les publications virales de l&rsquo;Am\u00e9ricaine, se r\u00e9jouissant de voir \u00ab\u00a0l&rsquo;affaire Brigitte\u00a0\u00bb s&rsquo;internationaliser.\n<\/p>\n<p>\n Suivie par pr\u00e8s de 20.000 personnes sur X, Delphine J. a ainsi trouv\u00e9 \u00ab\u00a0excellent\u00a0\u00bb un tweet de l&rsquo;influenceuse trumpiste, posant avec un T-shirt portant une Une du magazine Time d\u00e9tourn\u00e9e o\u00f9 Brigitte Macron appara\u00eet en \u00ab\u00a0homme de l&rsquo;ann\u00e9e\u00a0\u00bb.\n<\/p>\n<p>\n Lors de l&rsquo;annonce du petit r\u00f4le donn\u00e9 \u00e0 la premi\u00e8re dame dans une saison de la s\u00e9rie \u00ab\u00a0Emily in Paris\u00a0\u00bb, Delphine J. avait enrag\u00e9: \u00ab\u00a0Boycottez-moi cette merde.\u00a0\u00bb\n<\/p>\n<p>\n Elle n&rsquo;a fait que \u00ab\u00a0rebondir sur l&rsquo;actualit\u00e9\u00a0\u00bb, selon son avocate, Me Maud Marian, faisant valoir \u00ab\u00a0qu&rsquo;aucun message n&rsquo;a directement \u00e9t\u00e9 adress\u00e9 \u00e0 Mme Macron.\u00a0\u00bb\n<\/p>\n<p>\n La fille de Brigitte Macron, Tiphaine Auzi\u00e8re, doit t\u00e9moigner demain, \u00e0 la demande de l&rsquo;avocat de sa m\u00e8re. Les pr\u00e9venus encourent deux ans d&#8217;emprisonnement.<\/p>\n","protected":false},"excerpt":{"rendered":"Brigitte Macron lors d&rsquo;une visite \u00e0 l&rsquo;abbaye de Pontlevoy, dans le Loir-et-Cher, lors des journ\u00e9es du patrimoine, le&hellip;\n","protected":false},"author":2,"featured_media":493571,"comment_status":"","ping_status":"","sticky":false,"template":"","format":"standard","meta":{"footnotes":""},"categories":[1888],"tags":[400,11,398,408,405,1777,674,1011,27,403,402,399,404,12,626,25,401,406,407],"class_list":{"0":"post-493570","1":"post","2":"type-post","3":"status-publish","4":"format-standard","5":"has-post-thumbnail","7":"category-paris","8":"tag-action-cac-40","9":"tag-actualites","10":"tag-bourse-de-paris","11":"tag-boursorama","12":"tag-cotations","13":"tag-eu","14":"tag-europe","15":"tag-fr","16":"tag-france","17":"tag-indices-devises","18":"tag-investir","19":"tag-investissement","20":"tag-marche-boursier","21":"tag-news","22":"tag-paris","23":"tag-republique-francaise","24":"tag-sicav","25":"tag-trackers","26":"tag-warrants"},"share_on_mastodon":{"url":"https:\/\/pubeurope.com\/@fr\/115447200459022447","error":""},"_links":{"self":[{"href":"https:\/\/www.europesays.com\/fr\/wp-json\/wp\/v2\/posts\/493570","targetHints":{"allow":["GET"]}}],"collection":[{"href":"https:\/\/www.europesays.com\/fr\/wp-json\/wp\/v2\/posts"}],"about":[{"href":"https:\/\/www.europesays.com\/fr\/wp-json\/wp\/v2\/types\/post"}],"author":[{"embeddable":true,"href":"https:\/\/www.europesays.com\/fr\/wp-json\/wp\/v2\/users\/2"}],"replies":[{"embeddable":true,"href":"https:\/\/www.europesays.com\/fr\/wp-json\/wp\/v2\/comments?post=493570"}],"version-history":[{"count":0,"href":"https:\/\/www.europesays.com\/fr\/wp-json\/wp\/v2\/posts\/493570\/revisions"}],"wp:featuredmedia":[{"embeddable":true,"href":"https:\/\/www.europesays.com\/fr\/wp-json\/wp\/v2\/media\/493571"}],"wp:attachment":[{"href":"https:\/\/www.europesays.com\/fr\/wp-json\/wp\/v2\/media?parent=493570"}],"wp:term":[{"taxonomy":"category","embeddable":true,"href":"https:\/\/www.europesays.com\/fr\/wp-json\/wp\/v2\/categories?post=493570"},{"taxonomy":"post_tag","embeddable":true,"href":"https:\/\/www.europesays.com\/fr\/wp-json\/wp\/v2\/tags?post=493570"}],"curies":[{"name":"wp","href":"https:\/\/api.w.org\/{rel}","templated":true}]}}