{"id":493581,"date":"2025-10-27T17:05:18","date_gmt":"2025-10-27T17:05:18","guid":{"rendered":"https:\/\/www.europesays.com\/fr\/493581\/"},"modified":"2025-10-27T17:05:18","modified_gmt":"2025-10-27T17:05:18","slug":"ce-suv-electrique-de-1100-ch-bientot-en-europe","status":"publish","type":"post","link":"https:\/\/www.europesays.com\/fr\/493581\/","title":{"rendered":"ce SUV \u00e9lectrique de 1100 ch bient\u00f4t en Europe ?"},"content":{"rendered":"<p itemprop=\"description\">Le constructeur chinois d\u00e9bute la commercialisation du BYD Atto 8 dans plusieurs march\u00e9s du monde : ce SUV pourrait bien d\u00e9barquer en Europe dans un avenir proche. <\/p>\n<p>Le <strong>BYD Atto 8<\/strong> est un SUV proposant plusieurs motorisations, dont une variante 100% \u00e9lectrique d\u00e9passant les 1 100 chevaux ! <\/p>\n<p>\t\t\tBYD Atto 8 : un SUV familial surpuissant <\/p>\n<p>Lanc\u00e9 au printemps 2025 en Chine, le <strong>BYD Tang L<\/strong> change de nom pour son exportation sur plusieurs march\u00e9s mondiaux, comme au Mexique ainsi qu\u00a0\u00bben Ouzb\u00e9kistan, o\u00f9 il a \u00e9t\u00e9 r\u00e9cemment pr\u00e9sent\u00e9 au salon de l&rsquo;auto de Tachkent, aux c\u00f4t\u00e9s des <a href=\"https:\/\/www.autoplus.fr\/environnement\/voiture-hybride\/byd-seal-6-dm-i-plus-de-1-500-km-dautonomie-pour-cette-hybride-1396266.html\" rel=\"nofollow noopener\" target=\"_blank\">BYD Seal 6<\/a> et BYD M9. Le nouveau BYD Atto 8 vient donc compl\u00e9ter par le haut la gamme \u00ab\u00a0Dynasty\u00a0\u00bb de BYD, compos\u00e9e des Atto 3 et Atto 2. S&rsquo;\u00e9tendant sur 5,04 m\u00e8tres de long sur 1,996 m\u00e8tre de large et 1,76 m\u00e8tre de haut, le tout avec un empattement de 2,95 m\u00e8tres, l&rsquo;Atto 8 est un SUV familial proposant 7 places \u00e0 bord.<\/p>\n<p>Plusieurs versions du BYD Atto 8 sont au programme : la motorisation pr\u00e9sent\u00e9e en Ouzb\u00e9kistan est un <strong><a href=\"https:\/\/www.autojournal.fr\/environnement\/hybrides-rechargeables-phev-seraient-arnaques-ecologiques-395856.html\" target=\"_blank\" rel=\"nofollow noopener\">hybride rechargeable<\/a><\/strong> baptis\u00e9 <strong>\u00ab\u00a0DM-p\u00a0\u00bb<\/strong> (pour Dual Mode Performance) : il associe un moteur thermique turbocompress\u00e9 1,5 litre de 156 chevaux (115 kW) \u00e0 deux moteurs \u00e9lectriques, pour une puissance combin\u00e9e de <strong>544 chevaux<\/strong> (400 kW). Cette m\u00e9canique lui permet d&rsquo;avaler le 0 \u00e0 100 km\/h en 4,3 secondes, pour une vitesse maximale de 200 km\/h. <\/p>\n<p>    400 km d&rsquo;autonomie en seulement 5 minutes de recharge <\/p>\n<p>Gr\u00e2ce \u00e0 sa batterie LFP de <strong>35,62 kWh<\/strong>, le BYD Atto 8 DM-p peut parcourir jusqu&rsquo;\u00e0 150 km en mode 100% \u00e9lectrique, et avec son r\u00e9servoir de carburant de 60 litres, il peut parcourir jusqu&rsquo;\u00e0 <strong>1 017 km<\/strong> avec une consommation de 6,3 litres aux 100 km. La batterie de l&rsquo;Atto 8 DM-p peut \u00eatre recharg\u00e9e \u00e0 une puissance de 71 kW en courant continu. Des <strong>motorisations 100% \u00e9lectriques<\/strong> seront \u00e9galement propos\u00e9es : une premi\u00e8re variante propulsion \u00e0 un seul moteur promet <strong>789 chevaux<\/strong> (580 kW), tandis que la variante la plus puissante, \u00e0 quatre roues motrices et deux moteurs, offre une puissance de <strong>1.102 chevaux<\/strong> (810 kW). <\/p>\n<p>Cette impressionnante cavalerie lui permet d&rsquo;avaler le 0 \u00e0 100 km en 3,9 secondes, et sa batterie LFP de <strong>100,5 kWh<\/strong> offre une autonomie allant de 560 \u00e0 670 km. S&rsquo;il est \u00e9quip\u00e9 de la m\u00eame technologie que le BYD Tang L, l&rsquo;Atto 8 repose sur une architecture \u00ab\u00a0Super e-Plateform\u00a0\u00bb de 945 volts, compatible avec la <a href=\"https:\/\/www.autoplus.fr\/environnement\/voiture-electrique\/byd-son-propre-reseau-de-recharge-en-europe-promet-de-faire-trembler-la-concurrence-1397311.html\" rel=\"nofollow noopener\" target=\"_blank\">technologie Flash Charging de BYD<\/a>, qui promet une <strong>puissance de recharge de plus de 1.000 kW<\/strong>, pour un ravitaillement en un temps record. Avec un BYD Flash Charger, le mod\u00e8le serait capable de r\u00e9cup\u00e9rer 400 km d&rsquo;autonomie en seulement 5 minutes de recharge ! <\/p>\n<p>Et m\u00eame si l&rsquo;information n&rsquo;a pas encore \u00e9t\u00e9 officiellement communiqu\u00e9e par <a href=\"https:\/\/www.autoplus.fr\/marque\/byd\" rel=\"nofollow noopener\" target=\"_blank\">BYD<\/a>, nous devrions prochainement retrouver le BYD Atto 8 sur le march\u00e9 europ\u00e9en. <\/p>\n<p> <img decoding=\"async\" src=\"https:\/\/www.europesays.com\/fr\/wp-content\/uploads\/2025\/10\/83-byd-atto-8-1-750x410.jpg\" alt=\"BYD Atto 8 : un SUV \u00e9lectrique de 1100 chevaux\" class=\"pinit-here\"\/><\/p>\n<p>\u00a9 BYD <\/p>\n<ul class=\"lists_legend\">\n<li class=\"active\">\n<p>BYD Atto 8 : un SUV \u00e9lectrique de 1100 chevaux<\/p>\n<p>Le constructeur chinois d\u00e9bute la commercialisation du BYD Atto 8 dans plusieurs march\u00e9s du monde : ce SUV pourrait bien d\u00e9barquer en Europe dans un avenir proche.<\/li>\n<li class=\"\">\n<p>BYD Atto 8 : un SUV \u00e9lectrique de 1100 chevaux<\/p>\n<p>Lanc\u00e9 au printemps 2025 en Chine, le BYD Tang L change de nom pour son exportation sur plusieurs march\u00e9s mondiaux.<\/li>\n<li class=\"\">\n<p>BYD Atto 8 : un SUV \u00e9lectrique de 1100 chevaux<\/p>\n<p>La variante la plus puissante, \u00e0 quatre roues motrices et deux moteurs, offre une puissance de 1.102 chevaux (810 kW).<\/li>\n<li class=\"\">\n<p>BYD Atto 8 : un SUV \u00e9lectrique de 1100 chevaux<\/p>\n<p>L&rsquo;Atto 8 repose sur une architecture \u00ab\u00a0Super e-Plateform\u00a0\u00bb de 945 volts, compatible avec la technologie Flash Charging de BYD, qui promet une puissance de recharge de plus de 1.000 kW, pour un ravitaillement en un temps record.<\/li>\n<li class=\"\">\n<p>BYD Atto 8 : un SUV \u00e9lectrique de 1100 chevaux<\/p>\n<p>Avec un BYD Flash Charger, le mod\u00e8le serait capable de r\u00e9cup\u00e9rer 400 km d&rsquo;autonomie en seulement 5 minutes de recharge !<\/li>\n<\/ul>\n<p> \ufeff                    <\/p>\n","protected":false},"excerpt":{"rendered":"Le constructeur chinois d\u00e9bute la commercialisation du BYD Atto 8 dans plusieurs march\u00e9s du monde : ce SUV&hellip;\n","protected":false},"author":2,"featured_media":493582,"comment_status":"","ping_status":"","sticky":false,"template":"","format":"standard","meta":{"footnotes":""},"categories":[1586],"tags":[11,1777,674,1011,27,1638,12,25],"class_list":{"0":"post-493581","1":"post","2":"type-post","3":"status-publish","4":"format-standard","5":"has-post-thumbnail","7":"category-europe","8":"tag-actualites","9":"tag-eu","10":"tag-europe","11":"tag-fr","12":"tag-france","13":"tag-has_diapo","14":"tag-news","15":"tag-republique-francaise"},"share_on_mastodon":{"url":"https:\/\/pubeurope.com\/@fr\/115447223661643189","error":""},"_links":{"self":[{"href":"https:\/\/www.europesays.com\/fr\/wp-json\/wp\/v2\/posts\/493581","targetHints":{"allow":["GET"]}}],"collection":[{"href":"https:\/\/www.europesays.com\/fr\/wp-json\/wp\/v2\/posts"}],"about":[{"href":"https:\/\/www.europesays.com\/fr\/wp-json\/wp\/v2\/types\/post"}],"author":[{"embeddable":true,"href":"https:\/\/www.europesays.com\/fr\/wp-json\/wp\/v2\/users\/2"}],"replies":[{"embeddable":true,"href":"https:\/\/www.europesays.com\/fr\/wp-json\/wp\/v2\/comments?post=493581"}],"version-history":[{"count":0,"href":"https:\/\/www.europesays.com\/fr\/wp-json\/wp\/v2\/posts\/493581\/revisions"}],"wp:featuredmedia":[{"embeddable":true,"href":"https:\/\/www.europesays.com\/fr\/wp-json\/wp\/v2\/media\/493582"}],"wp:attachment":[{"href":"https:\/\/www.europesays.com\/fr\/wp-json\/wp\/v2\/media?parent=493581"}],"wp:term":[{"taxonomy":"category","embeddable":true,"href":"https:\/\/www.europesays.com\/fr\/wp-json\/wp\/v2\/categories?post=493581"},{"taxonomy":"post_tag","embeddable":true,"href":"https:\/\/www.europesays.com\/fr\/wp-json\/wp\/v2\/tags?post=493581"}],"curies":[{"name":"wp","href":"https:\/\/api.w.org\/{rel}","templated":true}]}}