{"id":493590,"date":"2025-10-27T17:12:16","date_gmt":"2025-10-27T17:12:16","guid":{"rendered":"https:\/\/www.europesays.com\/fr\/493590\/"},"modified":"2025-10-27T17:12:16","modified_gmt":"2025-10-27T17:12:16","slug":"une-remarque-sexiste-lors-dune-interview-de-ramos-cree-un-malaise-chez-canal","status":"publish","type":"post","link":"https:\/\/www.europesays.com\/fr\/493590\/","title":{"rendered":"une remarque sexiste lors d\u2019une interview de Ramos cr\u00e9\u00e9 un malaise chez Canal +"},"content":{"rendered":"<p>Un commentaire loin d\u2019\u00eatre inspir\u00e9. Dimanche soir, le <a href=\"https:\/\/www.quinzemondial.com\/top-14\/stade-toulousain-face-aux-blessures-le-club-rappelle-deux-joueurs-819960\" target=\"_blank\" rel=\"noopener\">Stade Toulousain<\/a> a cl\u00f4tur\u00e9 en beaut\u00e9 la huiti\u00e8me journ\u00e9e de Top 14 en <a href=\"https:\/\/www.quinzemondial.com\/top-14\/stade-toulousain-lhommage-magnifique-du-public-du-stadium-pour-pita-ahki-819944\" target=\"_blank\" rel=\"noopener\">\u00e9crasant le Rugby Club Toulonnais au Stadium<\/a>. Gr\u00e2ce \u00e0 ce succ\u00e8s, les Rouge et Noir confirment leur impressionnant sans faute \u00e0 domicile et reprennent la t\u00eate du Top 14.<\/p>\n<p>\u00ab\u00a0C\u2019est une fille, donc ce ne sera pas du rugby\u00a0\u00bb<\/p>\n<p>Absent de la premi\u00e8re liste du XV de France en raison de sa toute r\u00e9cente paternit\u00e9, Thomas Ramos est entr\u00e9 en fin de match et a particip\u00e9 \u00e0 la f\u00eate en inscrivant un essai. A la fin de la rencontre, l\u2019arri\u00e8re s\u2019est arr\u00eat\u00e9 au micro de Sacha Valleau pour donner ses impressions pour Canal +.<\/p>\n<p>L\u2019ancien joueur du Stade Toulousain et international \u00e0 7 a alors questionn\u00e9 le joueur sur sa paternit\u00e9, en lui lan\u00e7ant cette phrase\u00a0: \u00ab\u00a0C\u2019est une fille, donc ce ne sera pas du rugby\u00a0! Tu aimerais qu\u2019elle fasse quoi\u00a0?\u00a0\u00bb<\/p>\n<blockquote class=\"twitter-tweet\">\n<p>Alors Sacha Valleau c\u2019\u00e9tait top depuis le d\u00e9but de saison mais gros gros soucis sur son itw de Ramos\u2026 (repris de vol\u00e9e dans la foul\u00e9e par Astrid Bard d\u2019ailleurs)<\/p>\n<p>\u2014 Ovalie de la Tiretaine en vadrouille (@OvaliePaDuRhone) <a href=\"https:\/\/twitter.com\/OvaliePaDuRhone\/status\/1982573892909834645?ref_src=twsrc%5Etfw\" target=\"_blank\" rel=\"noopener\">October 26, 2025<\/a><\/p>\n<\/blockquote>\n<p>De quoi provoquer des r\u00e9actions en cha\u00eene sur les r\u00e9seaux sociaux, avec de nombreuses critiques autour du sexisme de cette phrase. Thomas Ramos a d\u2019ailleurs \u00e9lud\u00e9 cette question\u00a0: \u00ab\u00a0Elle fera ce qu\u2019elle voudra. On va la laisser grandir tranquillement dans son petit coin, et prendre des forces. Apr\u00e8s, on verra.\u00a0\u00bb.<\/p>\n<blockquote class=\"twitter-tweet\">\n<p>Bah alors Sacha Valleau ? Bien s\u00fbr qu&rsquo;une fille peut jouer au rugby \ud83d\ude09 Certaines de tes coll\u00e8gues consultantes en sont la preuve !<\/p>\n<p>Petite maladresse l\u00e0<\/p>\n<p>\u2014 Ludovic Jouanserre (@LudovicJ64) <a href=\"https:\/\/twitter.com\/LudovicJ64\/status\/1982571599908987377?ref_src=twsrc%5Etfw\" target=\"_blank\" rel=\"noopener\">October 26, 2025<\/a><\/p>\n<\/blockquote>\n<p>Le malaise s\u2019est ressenti jusque dans le plateau du Canal Rugby Club puisqu\u2019Astrid Bard est intervenue pour corriger son journaliste\u00a0: \u00ab\u00a0\u00c9videmment qu\u2019elle pourra jouer au rugby, et \u00e9videmment qu\u2019elle pourra \u00eatre une immense championne de rugby si elle le souhaite.\u00a0\u00bb Au regard de l\u2019engouement autour de la discipline, avec notamment la belle quatri\u00e8me place des Bleues lors de la derni\u00e8re Coupe du monde, il serait dommage de fermer des portes.<\/p>\n<blockquote class=\"twitter-tweet\">\n<p>L\u2019essai en premi\u00e8re main sign\u00e9 Thomas Ramos \ud83d\ude2e\u200d\ud83d\udca8 <a href=\"https:\/\/t.co\/wfUUECw9ls\">pic.twitter.com\/wfUUECw9ls<\/a><\/p>\n<p>\u2014 Stade Toulousain (@StadeToulousain) <a href=\"https:\/\/twitter.com\/StadeToulousain\/status\/1982584156078121035?ref_src=twsrc%5Etfw\" target=\"_blank\" rel=\"noopener\">October 26, 2025<\/a><\/p>\n<\/blockquote>\n<blockquote class=\"twitter-tweet\">\n<p>Oh le clich\u00e9 de merde Sacha Valleau, c\u2019est une fille donc elle fera pas du rugby \ud83d\ude2d<\/p>\n<p>\u2014 Jeremab (@jeremab64) <a href=\"https:\/\/twitter.com\/jeremab64\/status\/1982571466442113430?ref_src=twsrc%5Etfw\" target=\"_blank\" rel=\"noopener\">October 26, 2025<\/a><\/p>\n<\/blockquote>\n<blockquote class=\"twitter-tweet\">\n<p>Valleau qui interroge Ramos en bord terrain pour lui parler de la naissance de sa fille en lui disant \u00ab\u00a0C&rsquo;est une fille donc ce sera pas du rugby tu aimerais qu&rsquo;elle fasse quoi?\u00a0\u00bb Par la cha\u00eene qui diffuse le championnat de France f\u00e9minin de rugby&#8230;. <a href=\"https:\/\/twitter.com\/hashtag\/STRCT?src=hash&amp;ref_src=twsrc%5Etfw\" target=\"_blank\" rel=\"noopener\">#STRCT<\/a><\/p>\n<p>\u2014 Little Fryke \u2b50\ud83d\udc13\u2b50 (@LFryke) <a href=\"https:\/\/twitter.com\/LFryke\/status\/1982572318791708864?ref_src=twsrc%5Etfw\" target=\"_blank\" rel=\"noopener\">October 26, 2025<\/a><\/p>\n<\/blockquote>\n<p>Partagez cette info avec vos amis et vos proches en cliquant ici<br \/>Pour r\u00e9sumer<\/p>\n<p>En interrogeant Thomas Ramos apr\u00e8s la belle victoire du Stade Toulousain face \u00e0 Toulon, Sacha Valleau s\u2019est fendu d\u2019une remarque sexiste, de quoi cr\u00e9er l\u2019indignation sur les r\u00e9seaux sociaux et un certain malaise au sein de Canal +.<\/p>\n<p> <img decoding=\"async\" width=\"76\" height=\"76\" loading=\"lazy\" src=\"https:\/\/www.europesays.com\/fr\/wp-content\/uploads\/2025\/04\/avatar-quinze.png\" alt=\"La r\u00e9daction\"\/><script async src=\"https:\/\/platform.twitter.com\/widgets.js\" charset=\"utf-8\"><\/script><\/p>\n","protected":false},"excerpt":{"rendered":"Un commentaire loin d\u2019\u00eatre inspir\u00e9. Dimanche soir, le Stade Toulousain a cl\u00f4tur\u00e9 en beaut\u00e9 la huiti\u00e8me journ\u00e9e de&hellip;\n","protected":false},"author":2,"featured_media":493591,"comment_status":"","ping_status":"","sticky":false,"template":"","format":"standard","meta":{"footnotes":""},"categories":[1416],"tags":[1011,27,479,1468,60,476,478],"class_list":{"0":"post-493590","1":"post","2":"type-post","3":"status-publish","4":"format-standard","5":"has-post-thumbnail","7":"category-rugby","8":"tag-fr","9":"tag-france","10":"tag-rugby","11":"tag-rugby-football","12":"tag-sports","13":"tag-stade-toulousain","14":"tag-top-14"},"share_on_mastodon":{"url":"https:\/\/pubeurope.com\/@fr\/115447251159627730","error":""},"_links":{"self":[{"href":"https:\/\/www.europesays.com\/fr\/wp-json\/wp\/v2\/posts\/493590","targetHints":{"allow":["GET"]}}],"collection":[{"href":"https:\/\/www.europesays.com\/fr\/wp-json\/wp\/v2\/posts"}],"about":[{"href":"https:\/\/www.europesays.com\/fr\/wp-json\/wp\/v2\/types\/post"}],"author":[{"embeddable":true,"href":"https:\/\/www.europesays.com\/fr\/wp-json\/wp\/v2\/users\/2"}],"replies":[{"embeddable":true,"href":"https:\/\/www.europesays.com\/fr\/wp-json\/wp\/v2\/comments?post=493590"}],"version-history":[{"count":0,"href":"https:\/\/www.europesays.com\/fr\/wp-json\/wp\/v2\/posts\/493590\/revisions"}],"wp:featuredmedia":[{"embeddable":true,"href":"https:\/\/www.europesays.com\/fr\/wp-json\/wp\/v2\/media\/493591"}],"wp:attachment":[{"href":"https:\/\/www.europesays.com\/fr\/wp-json\/wp\/v2\/media?parent=493590"}],"wp:term":[{"taxonomy":"category","embeddable":true,"href":"https:\/\/www.europesays.com\/fr\/wp-json\/wp\/v2\/categories?post=493590"},{"taxonomy":"post_tag","embeddable":true,"href":"https:\/\/www.europesays.com\/fr\/wp-json\/wp\/v2\/tags?post=493590"}],"curies":[{"name":"wp","href":"https:\/\/api.w.org\/{rel}","templated":true}]}}