{"id":493592,"date":"2025-10-27T17:13:09","date_gmt":"2025-10-27T17:13:09","guid":{"rendered":"https:\/\/www.europesays.com\/fr\/493592\/"},"modified":"2025-10-27T17:13:09","modified_gmt":"2025-10-27T17:13:09","slug":"atp-rolex-paris-masters-numero-1-mondial-devant-alcaraz-en-fin-de-saison-sinner-rend-les-armes-cest-impossible","status":"publish","type":"post","link":"https:\/\/www.europesays.com\/fr\/493592\/","title":{"rendered":"ATP &#8211; Rolex Paris Masters > Num\u00e9ro 1 mondial devant Alcaraz en fin de saison ? Sinner rend les armes : \u00ab\u00a0C&rsquo;est impossible\u00a0\u00bb"},"content":{"rendered":"<p>Si Jannik Sinner a math\u00e9\u00adma\u00adti\u00adque\u00adment la possi\u00adbi\u00adlit\u00e9 de rede\u00advenir num\u00e9ro 1 mondial en fin de saison devant Carlos Alcaraz, il faudrait un miracle et surtout un \u00e9norme coup de mou de l\u2019Espagnol pour que cela se produise.\u00a0<\/p>\n<p>Et d\u2019ailleurs, m\u00eame l\u2019Italien, inter\u00adrog\u00e9 \u00e0 ce sujet en conf\u00e9\u00adrence de presse apr\u00e8s son sacre sur l\u2019ATP 500 de Vienne, n\u2019y croit pas une seconde.\u00a0<\/p>\n<p><strong>\u00ab\u202fC\u2019est impos\u00adsible pour cette saison. Nous verrons l\u2019ann\u00e9e prochaine comment les choses se passent. Mais c\u2019est sans aucun doute l\u2019un de mes objec\u00adtifs en 2026. Les r\u00e9sul\u00adtats vien\u00addront d\u2019eux-m\u00eames si je continue \u00e0 faire les bonnes choses\u202f\u00bb<\/strong>, a d\u00e9clar\u00e9 Sinner, qui pour\u00adrait remonter sur le tr\u00f4ne de l\u2019ATP le temps d\u2019une semaine en cas de titre sur le Rolex Paris Masters, \u00e0 condi\u00adtion qu\u2019Alcaraz n\u2019at\u00adteigne pas les demi\u2010finales.\u00a0<\/p>\n<p class=\"post-published-date\" style=\"color: silver; font-size: 75%; text-align: left;\">Publi\u00e9 le lundi 27 octobre 2025 \u00e0 17:24<\/p>\n","protected":false},"excerpt":{"rendered":"Si Jannik Sinner a math\u00e9\u00adma\u00adti\u00adque\u00adment la possi\u00adbi\u00adlit\u00e9 de rede\u00advenir num\u00e9ro 1 mondial en fin de saison devant Carlos&hellip;\n","protected":false},"author":2,"featured_media":152318,"comment_status":"","ping_status":"","sticky":false,"template":"","format":"standard","meta":{"footnotes":""},"categories":[1415],"tags":[1744,1011,27,2127,60,1467],"class_list":{"0":"post-493592","1":"post","2":"type-post","3":"status-publish","4":"format-standard","5":"has-post-thumbnail","7":"category-tennis","8":"tag-alcaraz","9":"tag-fr","10":"tag-france","11":"tag-sinner","12":"tag-sports","13":"tag-tennis"},"share_on_mastodon":{"url":"https:\/\/pubeurope.com\/@fr\/115447254463139545","error":""},"_links":{"self":[{"href":"https:\/\/www.europesays.com\/fr\/wp-json\/wp\/v2\/posts\/493592","targetHints":{"allow":["GET"]}}],"collection":[{"href":"https:\/\/www.europesays.com\/fr\/wp-json\/wp\/v2\/posts"}],"about":[{"href":"https:\/\/www.europesays.com\/fr\/wp-json\/wp\/v2\/types\/post"}],"author":[{"embeddable":true,"href":"https:\/\/www.europesays.com\/fr\/wp-json\/wp\/v2\/users\/2"}],"replies":[{"embeddable":true,"href":"https:\/\/www.europesays.com\/fr\/wp-json\/wp\/v2\/comments?post=493592"}],"version-history":[{"count":0,"href":"https:\/\/www.europesays.com\/fr\/wp-json\/wp\/v2\/posts\/493592\/revisions"}],"wp:featuredmedia":[{"embeddable":true,"href":"https:\/\/www.europesays.com\/fr\/wp-json\/wp\/v2\/media\/152318"}],"wp:attachment":[{"href":"https:\/\/www.europesays.com\/fr\/wp-json\/wp\/v2\/media?parent=493592"}],"wp:term":[{"taxonomy":"category","embeddable":true,"href":"https:\/\/www.europesays.com\/fr\/wp-json\/wp\/v2\/categories?post=493592"},{"taxonomy":"post_tag","embeddable":true,"href":"https:\/\/www.europesays.com\/fr\/wp-json\/wp\/v2\/tags?post=493592"}],"curies":[{"name":"wp","href":"https:\/\/api.w.org\/{rel}","templated":true}]}}