{"id":493593,"date":"2025-10-27T17:17:11","date_gmt":"2025-10-27T17:17:11","guid":{"rendered":"https:\/\/www.europesays.com\/fr\/493593\/"},"modified":"2025-10-27T17:17:11","modified_gmt":"2025-10-27T17:17:11","slug":"maxime-vezie-en-continentale-actualite","status":"publish","type":"post","link":"https:\/\/www.europesays.com\/fr\/493593\/","title":{"rendered":"Maxime Vezie en Continentale &#8211; Actualit\u00e9"},"content":{"rendered":"<p style=\"text-align: justify;\">Maxime Vezie va courir dans une \u00e9quipe Continentale l&rsquo;an prochain. Le coureur du VC Pays de Loud\u00e9ac a sign\u00e9 un contrat avec le CIC U Nantes.<\/p>\n<p>Le Breton de 19 ans compte trois victoires pour sa premi\u00e8re ann\u00e9e Espoir. Il a remport\u00e9\u00a0 le Circuit des 2 Provinces, une \u00e9tape de l&rsquo;Estivale Bretonne et l&rsquo;\u00e9tape de Guiss\u00e9ny de la Ronde Finist\u00e9rienne. Il termine la saison <a href=\"https:\/\/www.directvelo.com\/challenge\/coureur\/19-ans\/2025\/10\" target=\"_blank\" rel=\"noopener\"><strong>en t\u00eate du classement des 19 ans du Challenge DV Amateur<\/strong><\/a>. Il a \u00e9galement termin\u00e9 2e du contre-la-montre du Tour des Deux-S\u00e8vres, 4e de la Classique Puisaye-Forterre,\u00a0 5e de la Ronde Mayennaise ou encore 7e de Paris-Tours Espoirs.\u00a0<\/p>\n<p>Suivez les transferts de l&rsquo;hiver en Continental <a href=\"https:\/\/www.directvelo.com\/mutations\/2026#pro-conti\" target=\"_blank\" rel=\"noopener\"><strong>en cliquant ici<\/strong><\/a>.<\/p>\n","protected":false},"excerpt":{"rendered":"Maxime Vezie va courir dans une \u00e9quipe Continentale l&rsquo;an prochain. Le coureur du VC Pays de Loud\u00e9ac a&hellip;\n","protected":false},"author":2,"featured_media":493594,"comment_status":"","ping_status":"","sticky":false,"template":"","format":"standard","meta":{"footnotes":""},"categories":[1411],"tags":[834,828,836,829,837,827,83,826,824,823,1154,207,814,817,815,816,822,821,832,211,839,1011,27,820,818,819,835,831,830,833,838,60,212,208,825],"class_list":{"0":"post-493593","1":"post","2":"type-post","3":"status-publish","4":"format-standard","5":"has-post-thumbnail","7":"category-cyclisme","8":"tag-attaque","9":"tag-belgique","10":"tag-braquet","11":"tag-bretagne","12":"tag-chute","13":"tag-competition","14":"tag-coupe-de-france","15":"tag-coureur","16":"tag-course-cyclisme","17":"tag-course-cycliste","18":"tag-cycling","19":"tag-cyclisme","20":"tag-direct","21":"tag-direct-velo","22":"tag-directvelo","23":"tag-directvelo-com","24":"tag-epreuve","25":"tag-epreuve-cycliste","26":"tag-federation-francaise-de-cyclisme","27":"tag-ffc","28":"tag-flandres","29":"tag-fr","30":"tag-france","31":"tag-live","32":"tag-live-course","33":"tag-live-epreuve","34":"tag-peloton","35":"tag-radio-peloton","36":"tag-radio-tour","37":"tag-ravitaillement","38":"tag-relance","39":"tag-sports","40":"tag-uci","41":"tag-velo","42":"tag-velos"},"share_on_mastodon":{"url":"https:\/\/pubeurope.com\/@fr\/115447270246800519","error":""},"_links":{"self":[{"href":"https:\/\/www.europesays.com\/fr\/wp-json\/wp\/v2\/posts\/493593","targetHints":{"allow":["GET"]}}],"collection":[{"href":"https:\/\/www.europesays.com\/fr\/wp-json\/wp\/v2\/posts"}],"about":[{"href":"https:\/\/www.europesays.com\/fr\/wp-json\/wp\/v2\/types\/post"}],"author":[{"embeddable":true,"href":"https:\/\/www.europesays.com\/fr\/wp-json\/wp\/v2\/users\/2"}],"replies":[{"embeddable":true,"href":"https:\/\/www.europesays.com\/fr\/wp-json\/wp\/v2\/comments?post=493593"}],"version-history":[{"count":0,"href":"https:\/\/www.europesays.com\/fr\/wp-json\/wp\/v2\/posts\/493593\/revisions"}],"wp:featuredmedia":[{"embeddable":true,"href":"https:\/\/www.europesays.com\/fr\/wp-json\/wp\/v2\/media\/493594"}],"wp:attachment":[{"href":"https:\/\/www.europesays.com\/fr\/wp-json\/wp\/v2\/media?parent=493593"}],"wp:term":[{"taxonomy":"category","embeddable":true,"href":"https:\/\/www.europesays.com\/fr\/wp-json\/wp\/v2\/categories?post=493593"},{"taxonomy":"post_tag","embeddable":true,"href":"https:\/\/www.europesays.com\/fr\/wp-json\/wp\/v2\/tags?post=493593"}],"curies":[{"name":"wp","href":"https:\/\/api.w.org\/{rel}","templated":true}]}}