{"id":493596,"date":"2025-10-27T17:19:11","date_gmt":"2025-10-27T17:19:11","guid":{"rendered":"https:\/\/www.europesays.com\/fr\/493596\/"},"modified":"2025-10-27T17:19:11","modified_gmt":"2025-10-27T17:19:11","slug":"le-plus-beau-garcon-du-monde-lacteur-bjorn-andresen-lange-tadzio-de-mort-a-venise-est-mort","status":"publish","type":"post","link":"https:\/\/www.europesays.com\/fr\/493596\/","title":{"rendered":"\u00ab\u00a0Le plus beau gar\u00e7on du monde\u00a0\u00bb : l\u2019acteur Bj\u00f6rn Andr\u00e9sen, l\u2019ange Tadzio de Mort \u00e0 Venise, est mort"},"content":{"rendered":"<p>En 1970, <strong>Luchino Visconti<\/strong> parcourt l\u2019Europe avec une mission plut\u00f4t assez plaisante : il recherche le plus bel homme du monde, \u00e0 m\u00eame de jouer Tadzio, dans l&rsquo;adaptation de la nouvelle de Thomas Mann, Mort \u00e0 Venise. Il se prend vite de fascination pour <a href=\"https:\/\/www.vanityfair.fr\/culture\/people\/story\/comment-visconti-a-rendu-impossible-la-vie-de-bjorn-andresen-le-plus-beau-garcon-du-monde\/13650\" target=\"_blank\" rel=\"noopener\"><strong>Bj\u00f6rn Andr\u00e9sen<\/strong><\/a>, jeune su\u00e9dois de quinze ans, beaut\u00e9 androgyne, longs cheveux \u00e0 la blondeur ang\u00e9lique. Il va en faire une star mondiale.<\/p>\n<p>Bj\u00f6rn Adr\u00e9sen est mort ce samedi \u00e0 Stockholm. \u00c2g\u00e9 de 70 ans, il vivait en anonyme, n&rsquo;ayant jamais retourn\u00e9 de film depuis son exp\u00e9rience destructrice avec le r\u00e9alisateur italien. L&rsquo;histoire de l&rsquo;acteur su\u00e9dois \u00e9tait celle tristement banale d&rsquo;un adolescent arriv\u00e9 au sommet, pour qui la chute a \u00e9t\u00e9 brutale.<\/p>\n<p>D\u00e9j\u00e0 parce que le tournage de la Mort \u00e0 Venise avait \u00e9t\u00e9 p\u00e9nible. L\u2019adolescent, inexp\u00e9riment\u00e9, \u00e9tait perdu, impuissant face au regard du grand ma\u00eetre italien. Bj\u00f6rn Andr\u00e9sen a 15 ans. Il est orphelin et habite chez sa grand-m\u00e8re. C\u2019est pour elle qu\u2019il a accept\u00e9 ce r\u00f4le, sans savoir vraiment de quoi il en retourne. Les propos du film, sur le d\u00e9sir, les amours interdites, lui passent par-dessus de la t\u00eate, il ne parle pas la langue, et Visconti lui donne des indications telles qu\u2019\u00ab avance\u00a0\u00bb, \u00ab recule \u00bb, \u00ab souris \u00bb, \u00ab \u00e9loigne-toi \u00bb. Et il est pay\u00e9 4 000 euros. C&rsquo;est tout.<\/p>\n<p>Boucles blondes<\/p>\n<p>\u00c0 la sortie du film, pr\u00e9sent\u00e9 au <a href=\"https:\/\/www.vanityfair.fr\/dossier\/festival-de-cannes\" target=\"_blank\" rel=\"noopener\">Festival de Cannes<\/a>, Bj\u00f6rn Andr\u00e9sen est devenu une star soudaine, un r\u00f4le bien trop lourd pour ses fr\u00eales \u00e9paules. \u00ab J\u2019avais tout juste 16 ans, Visconti et l\u2019\u00e9quipe m\u2019ont emmen\u00e9 dans une bo\u00eete gay. Presque toute l\u2019\u00e9quipe \u00e9tait gay. Le serveur du club m\u2019a mis tr\u00e8s mal \u00e0 l\u2019aise. Ils me regardaient tous, impitoyables, comme un morceau de viande. \u00bb Si Andr\u00e9sen pr\u00e9cise que le r\u00e9alisateur avait explicitement interdit \u00e0 l\u2019\u00e9quipe de s\u2019approcher de lui, cette sc\u00e8ne n\u2019est malheureusement que le d\u00e9but de ce \u00e0 quoi ressemblera sa vie. Il est d\u00e9sormais un fantasme ambulant, un \u00ab objet sexuel \u00bb, coinc\u00e9 \u00e0 tout jamais dans le r\u00f4le de \u00ab plus beau gar\u00e7on du monde \u00bb.<\/p>\n<p>Andr\u00e9sen est embarqu\u00e9 dans un tourbillon. \u00c0 Londres, la reine <a href=\"https:\/\/www.vanityfair.fr\/dossier\/elizabeth-ii\" target=\"_blank\" rel=\"noopener\"><strong>\u00c9lizabeth<\/strong> II<\/a> et la <a href=\"https:\/\/www.vanityfair.fr\/article\/comment-la-princesse-anne-est-devenue-icone-de-mode-de-la-jeune-generation\" target=\"_blank\" rel=\"noopener\">princesse <strong>Anne<\/strong><\/a> viennent le voir. Puis le voil\u00e0 parti au Japon, o\u00f9 il tourne des publicit\u00e9s sans trop comprendre de quoi il doit faire la promotion. Son visage est repris par des cr\u00e9ateurs de mangas. Il vit m\u00eame avec la peur qu\u2019on lui coupe les cheveux pour lui voler ses boucles blondes.<\/p>\n<p>C\u2019en est trop pour ce gamin jet\u00e9 en p\u00e2ture dans le monde des adultes. Il dispara\u00eet, se retranche dans son coin, tombe en d\u00e9pression, boit, fait un peu de musique, et puis quelques apparitions par-ci, par-l\u00e0.<\/p>\n<p>Appartement d\u00e9labr\u00e9<\/p>\n<p>Dans le documentaire The Most Beautiful Boy in the World, les r\u00e9alisateurs su\u00e9dois <strong>Kristina Lindstr\u00f6m<\/strong> et <strong>Kristian Petri<\/strong> revenaient sur le destin du \u00ab plus beau gar\u00e7on du monde \u00bb, dont la vie a chang\u00e9 du jour au lendemain. On le voyait chez lui, film\u00e9 en 2020 \u00e0 65 ans, seul, perdu, dans son petit appartement d\u00e9labr\u00e9.<\/p>\n<p>Il avait aussi fait l&rsquo;objet d&rsquo;un roman de <a href=\"https:\/\/www.vanityfair.fr\/article\/visconti-et-le-destin-brise-de-bjorn-andresen-quand-lart-justifiait-tout\" target=\"_blank\" rel=\"noopener\">Guillaume Perilhou<\/a>, La Couronne de serpent (L&rsquo;Observatoire, 2024). Un grand r\u00e9cit tout en pudeur sur les ressorts de la cr\u00e9ation, de la beaut\u00e9 et du d\u00e9sir. Quand nous l&rsquo;avions interrog\u00e9 \u00e0 la sortie du livre, l&rsquo;auteur \u00e9voquait un passage de la Mort \u00e0 Venise. \u00ab Quand Thomas Mann reprend des vers d&rsquo;<strong>August von Platen<\/strong> : \u201cCelui dont les yeux ont vu la beaut\u00e9 \/ \u00c0 la mort d\u00e8s lors est pr\u00e9destin\u00e9\u00a0\u00bb, citait <strong>Guillaume Perilhou<\/strong>. Je pense que Visconti \u00e9tait tr\u00e8s sensible \u00e0 cette id\u00e9e selon laquelle la beaut\u00e9 d&rsquo;un jeune \u00e9ph\u00e8be figure le paroxysme de l&rsquo;esth\u00e9tisme. Au-del\u00e0 de ce qu\u2019il y a de plus beau il n&rsquo;y a plus rien. Donc il y a la mort. \u00bb<\/p>\n","protected":false},"excerpt":{"rendered":"En 1970, Luchino Visconti parcourt l\u2019Europe avec une mission plut\u00f4t assez plaisante : il recherche le plus bel&hellip;\n","protected":false},"author":2,"featured_media":493597,"comment_status":"","ping_status":"","sticky":false,"template":"","format":"standard","meta":{"footnotes":""},"categories":[1359],"tags":[58,59,1011,27,973,6747,8415,721],"class_list":{"0":"post-493596","1":"post","2":"type-post","3":"status-publish","4":"format-standard","5":"has-post-thumbnail","7":"category-people","8":"tag-divertissement","9":"tag-entertainment","10":"tag-fr","11":"tag-france","12":"tag-people","13":"tag-textabovecentergridwidth","14":"tag-voir-lire","15":"tag-web"},"share_on_mastodon":{"url":"https:\/\/pubeurope.com\/@fr\/115447278107992996","error":""},"_links":{"self":[{"href":"https:\/\/www.europesays.com\/fr\/wp-json\/wp\/v2\/posts\/493596","targetHints":{"allow":["GET"]}}],"collection":[{"href":"https:\/\/www.europesays.com\/fr\/wp-json\/wp\/v2\/posts"}],"about":[{"href":"https:\/\/www.europesays.com\/fr\/wp-json\/wp\/v2\/types\/post"}],"author":[{"embeddable":true,"href":"https:\/\/www.europesays.com\/fr\/wp-json\/wp\/v2\/users\/2"}],"replies":[{"embeddable":true,"href":"https:\/\/www.europesays.com\/fr\/wp-json\/wp\/v2\/comments?post=493596"}],"version-history":[{"count":0,"href":"https:\/\/www.europesays.com\/fr\/wp-json\/wp\/v2\/posts\/493596\/revisions"}],"wp:featuredmedia":[{"embeddable":true,"href":"https:\/\/www.europesays.com\/fr\/wp-json\/wp\/v2\/media\/493597"}],"wp:attachment":[{"href":"https:\/\/www.europesays.com\/fr\/wp-json\/wp\/v2\/media?parent=493596"}],"wp:term":[{"taxonomy":"category","embeddable":true,"href":"https:\/\/www.europesays.com\/fr\/wp-json\/wp\/v2\/categories?post=493596"},{"taxonomy":"post_tag","embeddable":true,"href":"https:\/\/www.europesays.com\/fr\/wp-json\/wp\/v2\/tags?post=493596"}],"curies":[{"name":"wp","href":"https:\/\/api.w.org\/{rel}","templated":true}]}}