{"id":493598,"date":"2025-10-27T17:20:12","date_gmt":"2025-10-27T17:20:12","guid":{"rendered":"https:\/\/www.europesays.com\/fr\/493598\/"},"modified":"2025-10-27T17:20:12","modified_gmt":"2025-10-27T17:20:12","slug":"les-directeurs-des-plus-grands-musees-du-monde-volent-au-secours-de-laurence-des-cars","status":"publish","type":"post","link":"https:\/\/www.europesays.com\/fr\/493598\/","title":{"rendered":"les directeurs des plus grands mus\u00e9es du monde volent au secours de Laurence des Cars"},"content":{"rendered":"\n<p> La lecture de ce contenu est susceptible d\u2019entra\u00eener un d\u00e9p\u00f4t de cookies de la part de l\u2019op\u00e9rateur tiers qui l\u2019h\u00e9berge. Compte-tenu des choix que vous avez exprim\u00e9s en mati\u00e8re de d\u00e9p\u00f4t de cookies, nous avons bloqu\u00e9 l\u2019affichage de ce contenu. Si vous souhaitez y acc\u00e9der, vous devez accepter la cat\u00e9gorie de cookies \u201cContenus tiers\u201d en cliquant sur le bouton ci-dessous. <\/p>\n<p> Lire la Vid\u00e9o              <\/p>\n<p class=\"asset asset-text\">CULTURE &#8211; Tokyo, New York, Barcelone, Londres\u2026 Le message vient des quatre coins de la plan\u00e8te. Il est port\u00e9 par les directeurs des plus grands mus\u00e9es du monde. Dans une tribune publi\u00e9e dans Le Monde, ce lundi 27\u00a0octobre, ces derniers apportent leur soutien \u00e0 leur homologue du Louvre, <a href=\"https:\/\/www.huffingtonpost.fr\/france\/video\/apres-le-casse-du-louvre-la-presidente-du-musee-denonce-des-moyens-qui-ne-suffisent-pas-devant-le-senat_256298.html\" rel=\"nofollow noopener\" target=\"_blank\">Laurence Des\u00a0Cars<\/a>, apr\u00e8s l\u2019impressionnant <a href=\"https:\/\/www.huffingtonpost.fr\/justice\/article\/casse-au-louvre-deux-hommes-ont-ete-interpelles-et-places-en-garde-a-vue_256418.html\" rel=\"nofollow noopener\" target=\"_blank\">vol des joyaux de la couronne.<\/a><\/p>\n<p class=\"asset asset-text\">\u00ab\u00a0Les mus\u00e9es ne sont ni des bastions ni des coffres-forts\u00a0\u00bb, rappellent ainsi d\u2019une m\u00eame voix ces 57\u00a0professionnels \u00e0 la t\u00eate de grandes institutions mus\u00e9ales internationales. \u00ab\u00a0Ces risques p\u00e8sent sur chacune de nos institutions. Ils p\u00e8sent sur chaque \u0153uvre d\u00e8s lors qu\u2019elle est expos\u00e9e\u00a0\u00bb, insiste les signataires.<\/p>\n<p class=\"asset asset-text\">Depuis le cambriolage, le Louvre et sa pr\u00e9sidente Laurence Des\u00a0Cars font face \u00e0 de virulentes critiques concernant la s\u00e9curit\u00e9 des \u0153uvres expos\u00e9es. La directrice du mus\u00e9e \u00e0 part ailleurs propos\u00e9 sa d\u00e9mission \u00e0 la ministre de la Culture, <a href=\"https:\/\/www.huffingtonpost.fr\/politique\/article\/le-casse-du-louvre-s-invite-dans-les-municipales-a-paris-entre-dati-et-la-gauche_256276.html\" rel=\"nofollow noopener\" target=\"_blank\">Rachida Dati<\/a>, qui l\u2019a refus\u00e9e.<\/p>\n<p class=\"asset asset-text\"><a href=\"https:\/\/www.lemonde.fr\/idees\/article\/2025\/10\/27\/les-musees-ne-sont-ni-des-bastions-ni-des-coffres-forts-les-directeurs-des-plus-grandes-institutions-du-monde-apportent-leur-soutien-a-la-presidente-directrice-du-louvre-laurence-des-cars_6649807_3232.html\" target=\"_blank\" rel=\"noopener nofollow\" title=\"Nouvelle fen\u00eatre\">Dans leur tribune<\/a>, les directeurs de mus\u00e9es du monde entier apportent leur \u00ab\u00a0soutien le plus sinc\u00e8re\u00a0\u00bb \u00e0 la pr\u00e9sidente du mus\u00e9e parisien. Son \u00ab\u00a0leadership et (&#8230;) d\u00e9vouement envers la mission du mus\u00e9e, notamment comme lieu f\u00e9d\u00e9rateur dans nos soci\u00e9t\u00e9s si fractur\u00e9es, sont profond\u00e9ment respect\u00e9s et admir\u00e9s\u00a0\u00bb, assurent les signataires.<\/p>\n<p>                     \u00ab\u00a0L\u2019une des plus grandes craintes\u00a0\u00bb du m\u00e9tier    <\/p>\n<p class=\"asset asset-text\">Selon eux, le cambriolage du Louvre repr\u00e9sente \u00ab\u00a0l\u2019une des plus grandes craintes des professionnels de mus\u00e9e\u00a0\u00bb. \u00ab\u00a0Ces risques p\u00e8sent sur chacune de nos institutions. Ils p\u00e8sent sur chaque \u0153uvre d\u00e8s lors qu\u2019elle est expos\u00e9e\u00a0\u00bb, \u00e9crivent les signataires. \u00ab\u00a0Nos institutions ne sont pas \u00e9pargn\u00e9es par la brutalit\u00e9 du monde. Elles font aujourd\u2019hui face \u00e0 des actes de plus en plus violents\u00a0\u00bb, ajoutent-ils.<\/p>\n<p class=\"asset asset-text\">\u00ab\u00a0Avec ce vol, ce n\u2019est pas seulement le Louvre qui est attaqu\u00e9, mais les mus\u00e9es eux-m\u00eames dans leur mission la plus fondamentale\u00a0: partager avec le plus grand nombre l\u2019h\u00e9ritage commun de notre humanit\u00e9\u00a0\u00bb, rappellent enfin les directeurs et directrices du Met de New York, du mus\u00e9e Picasso de Paris, de la National Gallery de Londres ou du Mori Art Museum de Tokyo.<\/p>\n<p class=\"asset asset-text\">Le cambriolage qui s\u2019est d\u00e9roul\u00e9 le dimanche 19\u00a0octobre a fait le tour de la plan\u00e8te. En seulement sept \u00e0 huit minutes, quatre hommes ont braqu\u00e9 le c\u00e9l\u00e8bre mus\u00e9e parisien, \u00e0 l\u2019aide d\u2019un simple monte-charge. Deux d\u2019entre eux, visages masqu\u00e9s, se sont hiss\u00e9s avec une nacelle jusqu\u2019\u00e0 la galerie Apollon qui abrite <a href=\"https:\/\/www.huffingtonpost.fr\/france\/article\/vol-des-bijoux-au-musee-du-louvre-le-prejudice-evalue-a-pres-de-100-millions-d-euros_256247.html\" rel=\"nofollow noopener\" target=\"_blank\">la collection royale de gemmes<\/a> et les diamants de la Couronne.<\/p>\n<p class=\"asset asset-text\">Apr\u00e8s avoir bris\u00e9 une fen\u00eatre et les vitrines contenant les bijoux \u00e0 l\u2019aide de disqueuses, les voleurs sont repartis \u00e0 bord de deux puissants scooters conduits par leurs complices. L\u2019enqu\u00eate pour les retrouver se poursuit\u00a0: deux hommes, soup\u00e7onn\u00e9s d\u2019avoir fait partie du commando, ont \u00e9t\u00e9 interpell\u00e9s et plac\u00e9s en garde \u00e0 vue ce dimanche.<a href=\"https:\/\/www.huffingtonpost.fr\/divertissement\/video\/apres-le-cambriolage-au-louvre-les-bijoux-sont-deja-sur-vinted-et-ca-n-a-pas-manque-d-etre-remarque_256283.html\" rel=\"nofollow noopener\" target=\"_blank\"> Les bijoux restent introuvables.<\/a><\/p>\n","protected":false},"excerpt":{"rendered":"La lecture de ce contenu est susceptible d\u2019entra\u00eener un d\u00e9p\u00f4t de cookies de la part de l\u2019op\u00e9rateur tiers&hellip;\n","protected":false},"author":2,"featured_media":493599,"comment_status":"","ping_status":"","sticky":false,"template":"","format":"standard","meta":{"footnotes":""},"categories":[1358],"tags":[1348,1384,1385,251,1386,58,59,118,1011,27,7243,11274,3048],"class_list":{"0":"post-493598","1":"post","2":"type-post","3":"status-publish","4":"format-standard","5":"has-post-thumbnail","7":"category-arts-et-design","8":"tag-arts","9":"tag-arts-and-design","10":"tag-arts-et-design","11":"tag-culture","12":"tag-design","13":"tag-divertissement","14":"tag-entertainment","15":"tag-faits-divers","16":"tag-fr","17":"tag-france","18":"tag-le-monde","19":"tag-louvre","20":"tag-musee"},"share_on_mastodon":{"url":"https:\/\/pubeurope.com\/@fr\/115447281963175485","error":""},"_links":{"self":[{"href":"https:\/\/www.europesays.com\/fr\/wp-json\/wp\/v2\/posts\/493598","targetHints":{"allow":["GET"]}}],"collection":[{"href":"https:\/\/www.europesays.com\/fr\/wp-json\/wp\/v2\/posts"}],"about":[{"href":"https:\/\/www.europesays.com\/fr\/wp-json\/wp\/v2\/types\/post"}],"author":[{"embeddable":true,"href":"https:\/\/www.europesays.com\/fr\/wp-json\/wp\/v2\/users\/2"}],"replies":[{"embeddable":true,"href":"https:\/\/www.europesays.com\/fr\/wp-json\/wp\/v2\/comments?post=493598"}],"version-history":[{"count":0,"href":"https:\/\/www.europesays.com\/fr\/wp-json\/wp\/v2\/posts\/493598\/revisions"}],"wp:featuredmedia":[{"embeddable":true,"href":"https:\/\/www.europesays.com\/fr\/wp-json\/wp\/v2\/media\/493599"}],"wp:attachment":[{"href":"https:\/\/www.europesays.com\/fr\/wp-json\/wp\/v2\/media?parent=493598"}],"wp:term":[{"taxonomy":"category","embeddable":true,"href":"https:\/\/www.europesays.com\/fr\/wp-json\/wp\/v2\/categories?post=493598"},{"taxonomy":"post_tag","embeddable":true,"href":"https:\/\/www.europesays.com\/fr\/wp-json\/wp\/v2\/tags?post=493598"}],"curies":[{"name":"wp","href":"https:\/\/api.w.org\/{rel}","templated":true}]}}