{"id":493600,"date":"2025-10-27T17:22:17","date_gmt":"2025-10-27T17:22:17","guid":{"rendered":"https:\/\/www.europesays.com\/fr\/493600\/"},"modified":"2025-10-27T17:22:17","modified_gmt":"2025-10-27T17:22:17","slug":"france-tv-et-tf1-denoncent-une-initiative-unilaterale","status":"publish","type":"post","link":"https:\/\/www.europesays.com\/fr\/493600\/","title":{"rendered":"France TV et TF1 d\u00e9noncent une \u00ab\u00a0initiative unilat\u00e9rale\u00a0\u00bb"},"content":{"rendered":"<p>\u00c7a gronde dans l\u2019audiovisuel hexagonal\u00a0: <a href=\"https:\/\/www.20minutes.fr\/television\/france_televisions\/\" class=\"c-link c-link--is-underlined\" target=\"_blank\" rel=\"noopener\">France T\u00e9l\u00e9visions<\/a> et <a href=\"https:\/\/www.20minutes.fr\/dossier\/tf1\" class=\"c-link c-link--is-underlined\" target=\"_blank\" rel=\"noopener\">TF1 <\/a>se sont \u00e9lev\u00e9s lundi contre le lancement de <a href=\"https:\/\/www.free.fr\/freebox\/free-tv\/\" rel=\"nofollow noopener\" target=\"_blank\" class=\"c-link c-link--is-underlined\">Free TV<\/a>, offre de \u00ab\u00a0<a href=\"https:\/\/www.20minutes.fr\/dossier\/streaming\" class=\"c-link c-link--is-underlined\" target=\"_blank\" rel=\"noopener\">streaming<\/a> gratuite\u00a0\u00bb de l\u2019op\u00e9rateur <a href=\"https:\/\/www.20minutes.fr\/dossier\/free\" class=\"c-link c-link--is-underlined\" target=\"_blank\" rel=\"noopener\">Free <\/a>qui reprend leurs cha\u00eenes et contenus \u00ab\u00a0sans concertation pr\u00e9alable\u00a0\u00bb\u2026 et sans r\u00e9mun\u00e9ration.<\/p>\n<\/p>\n<p>Des colosses aux pieds d\u2019argile<\/p>\n<p>\u00ab\u00a0Cette m\u00e9thode brutale et unilat\u00e9rale t\u00e9moigne d\u2019un m\u00e9pris des droits des ayants droit cr\u00e9ateurs et acteurs du <a href=\"https:\/\/www.20minutes.fr\/dossier\/audiovisuel_public\" class=\"c-link c-link--is-underlined\" target=\"_blank\" rel=\"noopener\">secteur audiovisuel<\/a> et de leurs partenaires commerciaux\u00a0\u00bb, critiquent le groupe public et le groupe priv\u00e9 dans un communiqu\u00e9 commun.<\/p>\n<p>Ils \u00ab\u00a0appellent les pouvoirs publics et l\u2019<a href=\"https:\/\/www.20minutes.fr\/dossier\/csa\" class=\"c-link c-link--is-underlined\" target=\"_blank\" rel=\"noopener\">Arcom<\/a> (ex-CSA, le r\u00e9gulateur de l\u2019audiovisuel) \u00e0 examiner avec la plus grande attention cette initiative qui d\u00e9stabilise l\u2019ensemble de l\u2019\u00e9cosyst\u00e8me\u00a0\u00bb.<\/p>\n<p>\u00ab\u00a0Plus grande offre TV gratuite de France\u00a0\u00bb<\/p>\n<p>Lanc\u00e9 mardi 21\u00a0octobre 2025, Free TV regroupe plus de 170 cha\u00eenes de <a href=\"https:\/\/www.20minutes.fr\/arts-stars\/television\/\" class=\"c-link c-link--is-underlined\" target=\"_blank\" rel=\"noopener\">t\u00e9l\u00e9vision<\/a> ainsi que des <a href=\"https:\/\/www.20minutes.fr\/dossier\/film\" class=\"c-link c-link--is-underlined\" target=\"_blank\" rel=\"noopener\">films<\/a> et programmes en <a href=\"https:\/\/www.20minutes.fr\/tv\/replay\/\" class=\"c-link c-link--is-underlined\" target=\"_blank\" rel=\"noopener\">replay<\/a>. La nouvelle offre, accessible aux abonn\u00e9s Free comme aux non-abonn\u00e9s, est compl\u00e9t\u00e9e par une version payante pour davantage de contenus et pr\u00e9sent\u00e9e par l\u2019entreprise de <a href=\"https:\/\/www.20minutes.fr\/dossier\/xavier_niel\" class=\"c-link c-link--is-underlined\" target=\"_blank\" rel=\"noopener\">Xavier Niel<\/a> comme \u00ab\u00a0la plus grande offre TV gratuite de France\u00a0\u00bb.<\/p>\n<p>TF1 et France T\u00e9l\u00e9 soulignent qu\u2019eux-m\u00eames \u00ab\u00a0se transforment pour embrasser les nouveaux usages et investissent massivement dans leurs applications <a href=\"https:\/\/www.20minutes.fr\/arts-stars\/medias\/4161780-20250703-tf1-plateforme-streaming-vient-etre-lancee-vingtaine-pays-africains\" class=\"c-link c-link--is-underlined\" target=\"_blank\" rel=\"noopener\">TF1+<\/a>\u00a0et France.tv dans le but d\u2019assurer une exp\u00e9rience utilisateur et \u00e9ditoriale de qualit\u00e9 et des revenus suffisants pour permettre le financement des contenus\u00a0\u00bb.<\/p>\n<p>Free voleur de contenus\u00a0?<\/p>\n<p>Or \u00ab\u00a0avec cette nouvelle offre, Free s\u2019approprie les services des groupes TF1 et France T\u00e9l\u00e9visions sans porter une d\u00e9marche concert\u00e9e visant \u00e0 s\u00e9curiser leurs valorisations et leurs mon\u00e9tisations\u00a0\u00bb.<\/p>\n<p><a href=\"https:\/\/www.20minutes.fr\/dossier\/streaming\" class=\"c-link c-btn c-btn--primary\" target=\"_blank\" rel=\"noopener\">Notre dossier \u00ab Streaming \u00bb<\/a><\/p>\n<p>Une pratique qui \u00ab\u00a0remet en cause la strat\u00e9gie de d\u00e9veloppement et les ressources disponibles des \u00e9diteurs pour financer la <a href=\"https:\/\/www.20minutes.fr\/dossier\/creation_et_internet\" class=\"c-link c-link--is-underlined\" target=\"_blank\" rel=\"noopener\">cr\u00e9ation\u00a0<\/a>\u00bb dans un contexte budg\u00e9taire tendu pour le secteur, insistent les deux groupes.<\/p>\n","protected":false},"excerpt":{"rendered":"\u00c7a gronde dans l\u2019audiovisuel hexagonal\u00a0: France T\u00e9l\u00e9visions et TF1 se sont \u00e9lev\u00e9s lundi contre le lancement de Free&hellip;\n","protected":false},"author":2,"featured_media":493601,"comment_status":"","ping_status":"","sticky":false,"template":"","format":"standard","meta":{"footnotes":""},"categories":[1356],"tags":[46891,58,4739,59,1011,27,2400,4438,18931,502,128,252,199,1364,133,45985],"class_list":{"0":"post-493600","1":"post","2":"type-post","3":"status-publish","4":"format-standard","5":"has-post-thumbnail","7":"category-television","8":"tag-arcom-ex-csa","9":"tag-divertissement","10":"tag-emission-de-television","11":"tag-entertainment","12":"tag-fr","13":"tag-france","14":"tag-france-televisions","15":"tag-free","16":"tag-plateforme","17":"tag-programme-tv","18":"tag-streaming","19":"tag-television","20":"tag-tf1","21":"tag-tv","22":"tag-video","23":"tag-xavier-niel"},"share_on_mastodon":{"url":"https:\/\/pubeurope.com\/@fr\/115447289948108834","error":""},"_links":{"self":[{"href":"https:\/\/www.europesays.com\/fr\/wp-json\/wp\/v2\/posts\/493600","targetHints":{"allow":["GET"]}}],"collection":[{"href":"https:\/\/www.europesays.com\/fr\/wp-json\/wp\/v2\/posts"}],"about":[{"href":"https:\/\/www.europesays.com\/fr\/wp-json\/wp\/v2\/types\/post"}],"author":[{"embeddable":true,"href":"https:\/\/www.europesays.com\/fr\/wp-json\/wp\/v2\/users\/2"}],"replies":[{"embeddable":true,"href":"https:\/\/www.europesays.com\/fr\/wp-json\/wp\/v2\/comments?post=493600"}],"version-history":[{"count":0,"href":"https:\/\/www.europesays.com\/fr\/wp-json\/wp\/v2\/posts\/493600\/revisions"}],"wp:featuredmedia":[{"embeddable":true,"href":"https:\/\/www.europesays.com\/fr\/wp-json\/wp\/v2\/media\/493601"}],"wp:attachment":[{"href":"https:\/\/www.europesays.com\/fr\/wp-json\/wp\/v2\/media?parent=493600"}],"wp:term":[{"taxonomy":"category","embeddable":true,"href":"https:\/\/www.europesays.com\/fr\/wp-json\/wp\/v2\/categories?post=493600"},{"taxonomy":"post_tag","embeddable":true,"href":"https:\/\/www.europesays.com\/fr\/wp-json\/wp\/v2\/tags?post=493600"}],"curies":[{"name":"wp","href":"https:\/\/api.w.org\/{rel}","templated":true}]}}