{"id":493614,"date":"2025-10-27T17:29:13","date_gmt":"2025-10-27T17:29:13","guid":{"rendered":"https:\/\/www.europesays.com\/fr\/493614\/"},"modified":"2025-10-27T17:29:13","modified_gmt":"2025-10-27T17:29:13","slug":"carlsberg-nous-jette-a-la-poubelle-les-salaries-de-teisseire-reclament-des-conditions-de-depart-decentes-le-dauphine-libere","status":"publish","type":"post","link":"https:\/\/www.europesays.com\/fr\/493614\/","title":{"rendered":"\u00ab Carlsberg nous jette \u00e0 la poubelle \u00bb : les salari\u00e9s de Teisseire r\u00e9clament des conditions de d\u00e9part d\u00e9centes &#8211; Le Dauphin\u00e9 Lib\u00e9r\u00e9"},"content":{"rendered":"<ol>\n<li><a href=\"https:\/\/news.google.com\/rss\/articles\/CBMiigJBVV95cUxOWnFGOFQ4MlBqTlpad3N4X0s5T0xXNkFxQTNIYy1TV1lnUGZOTk85b3JPV0JQWUJHLU1xRW0yczZBU2pVRmttRnhzWkpTTHhieTYwdC1DM29hQ0VvYnN4Z1hQbDBxVlYzbEdMMXd2Tm55R3k0RDZSWDhJTldUcjhKUzJfLVR3TWlmUWt2dlkwY2VfQWhMdjRzS1BiNDZfNXNQZDNObS1iQVlxV3dEeC1UcS16cjM2VzA1ajY1UG5vaUR5aU9qZWV2QmFpMFZERXM3N0FwSDRySTZPQ0ZUN09LOTdDbFN4NmdPYmVsX29uSXBDR0FPLVUtQVdWLWVyREthQkRHeE9hTUpWZw?oc=5\" target=\"_blank\" rel=\"noopener\">\u00ab Carlsberg nous jette \u00e0 la poubelle \u00bb : les salari\u00e9s de Teisseire r\u00e9clament des conditions de d\u00e9part d\u00e9centes<\/a>&nbsp;&nbsp;Le Dauphin\u00e9 Lib\u00e9r\u00e9<\/li>\n<li><a href=\"https:\/\/news.google.com\/rss\/articles\/CBMiugFBVV95cUxOdEV4UHRRWm9CRkIwRUtRLVBCQU9qVGZ3TS1Kb2dfWUdYU2ZGLUREVDVFMWpiOUFJcFA3Wlh6SEtuUW5BOW9aUHlyT3R4Qk1yQ3FlaktyQnEyc1JVNk1WcUZRbUpTZzNZRGxETTAzclJtaWJoTTJZU0tHU0gyaGw2b0hBMWVySVpFZVJnSGhKVVYwZGNYeG41STlPemt5anQ3b19KQTZuX2JjZGkwRTZpcFN1eTZTbG9rZWc?oc=5\" target=\"_blank\" rel=\"noopener\">Sirops : l&rsquo;usine is\u00e9roise de Teisseire toujours en gr\u00e8ve<\/a>&nbsp;&nbsp;Les Echos<\/li>\n<li><a href=\"https:\/\/news.google.com\/rss\/articles\/CBMi5gFBVV95cUxNZll0UWVBU1NXNmlDc0tXNHpOczFXelp3MEJzVWh5bFBPbk9iLTNLTjNOLVBkX0xjRjl1cWpFekNCV3A3bjJ0RFcyM3NnN0lrQVQ1OVIwZ2R2TDBrUDlBdDV3cWVHZzVaM094ajB2ZHJ5VXBsRmdzSHltOHMxdUlsejBHblV0M1NDVGtQY2NaNnJJT2p4NG1JVGlOVU9ybFp2OXpfMl9xVkRYSWRYVllwWDdNZ25IWWhrS0R1R1d4OE54b01LRHA4SnhBU2xvWVNLdGFMTzJod1RDZERjd2Fvb050R0tUUQ?oc=5\" target=\"_blank\" rel=\"noopener\">\u00ab Carlsberg, nous jette \u00e0 la poubelle \u00bb : les salari\u00e9s de Teisseire r\u00e9clament des conditions de d\u00e9part d\u00e9centes<\/a>&nbsp;&nbsp;Le Dauphin\u00e9 Lib\u00e9r\u00e9<\/li>\n<li><a href=\"https:\/\/news.google.com\/rss\/articles\/CBMi0wFBVV95cUxQVTZ1MVROR0J4a2F0dTZITG10TTJZWk04b3VxbWdDY2xOUjhLNHV1Rlp5aFUtQUdnbkFUdmdiNEI1V1hlZ25CUG1pa0ZnYU4wdU5HSkpjT3BNalJ2LXJxdFNjUkVNREtGUVVONzJrekNqSkN4OWFQVmVPZmJDX0Y2VGpwXzd4MmdwNTJZM2FPc2pSZHdlVnZHX3NWQ1hVS2wtcXVTZ25HRm1rTkZXZk5xTmxTNzQ5MXBLX2NGVDl0ckdxTm56bHhNRHUwUmgtdlNTRkhJ?oc=5\" target=\"_blank\" rel=\"noopener\">Fermeture de l\u2019usine Teisseire de Crolles : \u00ab C\u2019est un monde local que l\u2019on d\u00e9fait \u00bb<\/a>&nbsp;&nbsp;Le Nouvel Obs<\/li>\n<li><a href=\"https:\/\/news.google.com\/rss\/articles\/CBMi_AFBVV95cUxQUkpJMVdCWDBHVG1FcW1HWG1MRzhrQVY4VC1HM0EyOHhtLW9iXzFVcS1ERl9vbV9VMDdZUGpqbXlkREd5WFR4TVRqaVdxQ0ktVV9xMVBKSFlpWlFzOXV0R2VjMnJXNEFvN3pyYlJ0X19QR05Sd21FVFVhQzJYM2w4cXlyS3I3cnUtTkJUSjlyYnVGdlE1b1VBdURWNXc5Z1YxZjNIWGI2SkowbHM5Q0VnRThHeXlQQ0xvcEFKbDMyUVowTXFJOUVDQzRTbHNxcFVrTEFsWW4zYWZjakdrYk95Ym9tOGlCdUsxUnNIX09TSnJKVEN6LVdZMkd0bmM?oc=5\" target=\"_blank\" rel=\"noopener\">Fermeture de l\u2019usine Teisseire : plus de 200 postes supprim\u00e9s, cagnotte\u2026 que se passe-t-il pour l\u2019enseigne fran\u00e7aise de sirop<\/a>&nbsp;&nbsp;Midi Libre<\/li>\n<\/ol>\n","protected":false},"excerpt":{"rendered":"\u00ab Carlsberg nous jette \u00e0 la poubelle \u00bb : les salari\u00e9s de Teisseire r\u00e9clament des conditions de d\u00e9part&hellip;\n","protected":false},"author":2,"featured_media":493615,"comment_status":"","ping_status":"","sticky":false,"template":"","format":"standard","meta":{"footnotes":""},"categories":[6],"tags":[35,9671,21175,33,34,112,113,114,341,107,1011,27,693,108],"class_list":{"0":"post-493614","1":"post","2":"type-post","3":"status-publish","4":"format-standard","5":"has-post-thumbnail","7":"category-economie","8":"tag-business","9":"tag-conflit-social","10":"tag-crolles","11":"tag-economie","12":"tag-economy","13":"tag-edition-grenoble-agglomeration","14":"tag-edition-gresivaudan-oisans","15":"tag-edition-voiron-saint-marcellin","16":"tag-emploi","17":"tag-fil-info","18":"tag-fr","19":"tag-france","20":"tag-industrie","21":"tag-isere"},"share_on_mastodon":{"url":"https:\/\/pubeurope.com\/@fr\/115447317580949168","error":""},"_links":{"self":[{"href":"https:\/\/www.europesays.com\/fr\/wp-json\/wp\/v2\/posts\/493614","targetHints":{"allow":["GET"]}}],"collection":[{"href":"https:\/\/www.europesays.com\/fr\/wp-json\/wp\/v2\/posts"}],"about":[{"href":"https:\/\/www.europesays.com\/fr\/wp-json\/wp\/v2\/types\/post"}],"author":[{"embeddable":true,"href":"https:\/\/www.europesays.com\/fr\/wp-json\/wp\/v2\/users\/2"}],"replies":[{"embeddable":true,"href":"https:\/\/www.europesays.com\/fr\/wp-json\/wp\/v2\/comments?post=493614"}],"version-history":[{"count":0,"href":"https:\/\/www.europesays.com\/fr\/wp-json\/wp\/v2\/posts\/493614\/revisions"}],"wp:featuredmedia":[{"embeddable":true,"href":"https:\/\/www.europesays.com\/fr\/wp-json\/wp\/v2\/media\/493615"}],"wp:attachment":[{"href":"https:\/\/www.europesays.com\/fr\/wp-json\/wp\/v2\/media?parent=493614"}],"wp:term":[{"taxonomy":"category","embeddable":true,"href":"https:\/\/www.europesays.com\/fr\/wp-json\/wp\/v2\/categories?post=493614"},{"taxonomy":"post_tag","embeddable":true,"href":"https:\/\/www.europesays.com\/fr\/wp-json\/wp\/v2\/tags?post=493614"}],"curies":[{"name":"wp","href":"https:\/\/api.w.org\/{rel}","templated":true}]}}